{"id":19338,"date":"2023-10-17T19:29:16","date_gmt":"2023-10-17T17:29:16","guid":{"rendered":"https:\/\/www.estorrent.net\/2023\/10\/17\/es-torrent-despide-la-temporada-2023-este-domingo-22-de-octubre\/"},"modified":"2023-10-17T19:31:02","modified_gmt":"2023-10-17T17:31:02","slug":"es-torrent-despide-la-temporada-2023-este-domingo-22-de-octubre","status":"publish","type":"post","link":"https:\/\/www.estorrent.net\/ca\/2023\/10\/17\/es-torrent-despide-la-temporada-2023-este-domingo-22-de-octubre\/","title":{"rendered":"Es Torrent acomiada la temporada 2023 aquest diumenge, 22 d&#8217;octubre"},"content":{"rendered":"<p>Despr\u00e9s d&#8217;un estiu molt intens, en el restaurant Es Torrent donam per conclosa la temporada 2023 aquest diumenge, dia 22 d\u2019octubre. Enrere quedaran uns mesos en qu\u00e8 hem pogut atendre els nostres clients amb absoluta normalitat, igual que ja va oc\u00f3rrer l&#8217;any passat, despr\u00e9s dels dif\u00edcils anys de pand\u00e8mia.<\/p>\n<p>Com sempre, el nostre equip de cuina ha preparat milers de paelles, fideu\u00e1s, bullits de peix i llagostes amb ous frits i patates, aix\u00ed com racions de gamba vermella a la planxa, tonyina marinada, pernil Joselito, pebrots de Padr\u00f3 i tants altres plats caracter\u00edstics de la nostra carta. Encara no hem determinat les xifres globals que resumiran la temporada, per\u00f2 pel ritme al qual hem operat i les dates d&#8217;anys anteriors, estem conven\u00e7uts que han passat per Es Torrent m\u00e9s de 25.000 clients i hem servit al voltant de 14 o 15 tones de peix.<\/p>\n<p><a href=\"https:\/\/www.estorrent.net\/wp-content\/uploads\/2023\/10\/P1510795.jpg\" rel=\"lightbox[19338]\"><img loading=\"lazy\" decoding=\"async\" class=\"alignnone size-full wp-image-19334\" src=\"https:\/\/www.estorrent.net\/wp-content\/uploads\/2023\/10\/P1510795.jpg\" alt=\"\" width=\"1200\" height=\"801\" srcset=\"https:\/\/www.estorrent.net\/wp-content\/uploads\/2023\/10\/P1510795.jpg 1200w, https:\/\/www.estorrent.net\/wp-content\/uploads\/2023\/10\/P1510795-300x200.jpg 300w, https:\/\/www.estorrent.net\/wp-content\/uploads\/2023\/10\/P1510795-768x513.jpg 768w, https:\/\/www.estorrent.net\/wp-content\/uploads\/2023\/10\/P1510795-1024x684.jpg 1024w, https:\/\/www.estorrent.net\/wp-content\/uploads\/2023\/10\/P1510795-700x467.jpg 700w\" sizes=\"auto, (max-width: 1200px) 100vw, 1200px\" \/><\/a><\/p>\n<p>La de 2023 ha estat la nostra temporada n\u00famero 37, tal com explic\u00e0vem en el nostre anterior post, i ja queda poc per conquerir els 40 anys de servei des d&#8217;aquesta petita i rocosa cala des Cubells. Xico Sala va instal\u00b7lar aqu\u00ed per primera vegada, el 1986, un quiosc de fusta que havia funcionat un temps a la platja de Cala Vedella. Llavors la plantilla la componien tres persones: un cuiner, un cambrer a la barra i en Xico, que atenia la dotzena de taules de la terrassa. Avui som m\u00e9s de vint persones, per\u00f2 intentam que aquest \u00e0nima de quiosquet es mantingui, oferint sempre un servei de qualitat.<\/p>\n<p>Com \u00e9s habitual, tornarem m\u00e9s o menys el mes d&#8217;abril de 2024, despr\u00e9s de prendre&#8217;ns un bon descans i condicionar el restaurant per a la nova temporada. Donarem a con\u00e8ixer la data d&#8217;obertura unes setmanes abans que aquesta es produeixi, tant amb un post en aquest blog com en l&#8217;apartat \u2018Localitzaci\u00f3 i reserves\u2019 de la p\u00e0gina web, on s&#8217;indiquen els horaris. Previsiblement, igual que aquesta temporada, descansarem els dimecres d&#8217;abril, maig, setembre i octubre, mentre que al juny, juliol i agost romandrem oberts els set dies de la setmana. L&#8217;horari de cuina tamb\u00e9 ser\u00e0 l&#8217;habitual: de 13 a 22 hores.<\/p>\n<p>Aprofitam per a enviar una afectuosa salutaci\u00f3 a tots els clients que ens han acompanyat en aquest 2023 i donar les gr\u00e0cies als nostres prove\u00efdors, pel bon servei que ens han dispensat, i a tot el nostre equip, pel magn\u00edfic treball realitzat. Ens veiem en la primavera de 2024!<\/p>\n","protected":false},"excerpt":{"rendered":"<p>Despr\u00e9s d&#8217;un estiu molt intens, en el restaurant Es Torrent donam per conclosa la temporada 2023 aquest diumenge, dia 22 d\u2019octubre. Enrere quedaran uns mesos en qu\u00e8 hem pogut atendre els nostres clients amb absoluta normalitat, igual que ja va oc\u00f3rrer l&#8217;any passat, despr\u00e9s dels dif\u00edcils anys de pand\u00e8mia. Com sempre, el nostre equip de cuina ha preparat milers de&#8230;<\/p>\n","protected":false},"author":2,"featured_media":19332,"comment_status":"open","ping_status":"open","sticky":false,"template":"","format":"standard","meta":{"footnotes":""},"categories":[103],"tags":[],"class_list":["post-19338","post","type-post","status-publish","format-standard","has-post-thumbnail","hentry","category-gastronomia-ca"],"yoast_head":"<!-- This site is optimized with the Yoast SEO plugin v26.7 - https:\/\/yoast.com\/wordpress\/plugins\/seo\/ -->\n<title>Es Torrent acomiada la temporada 2023 aquest diumenge, 22 d&#039;octubre - Restaurante Es Torrent<\/title>\n<meta name=\"description\" content=\"Despr\u00e9s d&#039;un estiu molt intens, en el restaurant Es Torrent donam per conclosa la temporada 2023 aquest diumenge, dia 22 d\u2019octubre. Enrere quedaran uns\" \/>\n<meta name=\"robots\" content=\"index, follow, max-snippet:-1, max-image-preview:large, max-video-preview:-1\" \/>\n<link rel=\"canonical\" href=\"https:\/\/www.estorrent.net\/2023\/10\/17\/es-torrent-despide-la-temporada-2023-este-domingo-22-de-octubre\/\" \/>\n<meta property=\"og:locale\" content=\"ca_ES\" \/>\n<meta property=\"og:type\" content=\"article\" \/>\n<meta property=\"og:title\" content=\"Es Torrent acomiada la temporada 2023 aquest diumenge, 22 d&#039;octubre - Restaurante Es Torrent\" \/>\n<meta property=\"og:description\" content=\"Despr\u00e9s d&#039;un estiu molt intens, en el restaurant Es Torrent donam per conclosa la temporada 2023 aquest diumenge, dia 22 d\u2019octubre. Enrere quedaran uns\" \/>\n<meta property=\"og:url\" content=\"https:\/\/www.estorrent.net\/2023\/10\/17\/es-torrent-despide-la-temporada-2023-este-domingo-22-de-octubre\/\" \/>\n<meta property=\"og:site_name\" content=\"Restaurante Es Torrent\" \/>\n<meta property=\"article:published_time\" content=\"2023-10-17T17:29:16+00:00\" \/>\n<meta property=\"article:modified_time\" content=\"2023-10-17T17:31:02+00:00\" \/>\n<meta property=\"og:image\" content=\"https:\/\/www.estorrent.net\/wp-content\/uploads\/2023\/10\/DSC_5522.jpg\" \/>\n\t<meta property=\"og:image:width\" content=\"1200\" \/>\n\t<meta property=\"og:image:height\" content=\"803\" \/>\n\t<meta property=\"og:image:type\" content=\"image\/jpeg\" \/>\n<meta name=\"author\" content=\"Xescu\" \/>\n<meta name=\"twitter:card\" content=\"summary_large_image\" \/>\n<meta name=\"twitter:label1\" content=\"Escrit per\" \/>\n\t<meta name=\"twitter:data1\" content=\"Xescu\" \/>\n\t<meta name=\"twitter:label2\" content=\"Temps estimat de lectura\" \/>\n\t<meta name=\"twitter:data2\" content=\"2 minuts\" \/>\n<script type=\"application\/ld+json\" class=\"yoast-schema-graph\">{\"@context\":\"https:\/\/schema.org\",\"@graph\":[{\"@type\":\"Article\",\"@id\":\"https:\/\/www.estorrent.net\/2023\/10\/17\/es-torrent-despide-la-temporada-2023-este-domingo-22-de-octubre\/#article\",\"isPartOf\":{\"@id\":\"https:\/\/www.estorrent.net\/2023\/10\/17\/es-torrent-despide-la-temporada-2023-este-domingo-22-de-octubre\/\"},\"author\":{\"name\":\"Xescu\",\"@id\":\"https:\/\/www.estorrent.net\/#\/schema\/person\/3347087d39c6f306963780c3f452bb0a\"},\"headline\":\"Es Torrent acomiada la temporada 2023 aquest diumenge, 22 d&#8217;octubre\",\"datePublished\":\"2023-10-17T17:29:16+00:00\",\"dateModified\":\"2023-10-17T17:31:02+00:00\",\"mainEntityOfPage\":{\"@id\":\"https:\/\/www.estorrent.net\/2023\/10\/17\/es-torrent-despide-la-temporada-2023-este-domingo-22-de-octubre\/\"},\"wordCount\":430,\"commentCount\":0,\"image\":{\"@id\":\"https:\/\/www.estorrent.net\/2023\/10\/17\/es-torrent-despide-la-temporada-2023-este-domingo-22-de-octubre\/#primaryimage\"},\"thumbnailUrl\":\"https:\/\/www.estorrent.net\/wp-content\/uploads\/2023\/10\/DSC_5522.jpg\",\"articleSection\":[\"Gastronom\u00eda\"],\"inLanguage\":\"ca\",\"potentialAction\":[{\"@type\":\"CommentAction\",\"name\":\"Comment\",\"target\":[\"https:\/\/www.estorrent.net\/2023\/10\/17\/es-torrent-despide-la-temporada-2023-este-domingo-22-de-octubre\/#respond\"]}]},{\"@type\":\"WebPage\",\"@id\":\"https:\/\/www.estorrent.net\/2023\/10\/17\/es-torrent-despide-la-temporada-2023-este-domingo-22-de-octubre\/\",\"url\":\"https:\/\/www.estorrent.net\/2023\/10\/17\/es-torrent-despide-la-temporada-2023-este-domingo-22-de-octubre\/\",\"name\":\"Es Torrent acomiada la temporada 2023 aquest diumenge, 22 d'octubre - Restaurante Es Torrent\",\"isPartOf\":{\"@id\":\"https:\/\/www.estorrent.net\/#website\"},\"primaryImageOfPage\":{\"@id\":\"https:\/\/www.estorrent.net\/2023\/10\/17\/es-torrent-despide-la-temporada-2023-este-domingo-22-de-octubre\/#primaryimage\"},\"image\":{\"@id\":\"https:\/\/www.estorrent.net\/2023\/10\/17\/es-torrent-despide-la-temporada-2023-este-domingo-22-de-octubre\/#primaryimage\"},\"thumbnailUrl\":\"https:\/\/www.estorrent.net\/wp-content\/uploads\/2023\/10\/DSC_5522.jpg\",\"datePublished\":\"2023-10-17T17:29:16+00:00\",\"dateModified\":\"2023-10-17T17:31:02+00:00\",\"author\":{\"@id\":\"https:\/\/www.estorrent.net\/#\/schema\/person\/3347087d39c6f306963780c3f452bb0a\"},\"description\":\"Despr\u00e9s d'un estiu molt intens, en el restaurant Es Torrent donam per conclosa la temporada 2023 aquest diumenge, dia 22 d\u2019octubre. Enrere quedaran uns\",\"breadcrumb\":{\"@id\":\"https:\/\/www.estorrent.net\/2023\/10\/17\/es-torrent-despide-la-temporada-2023-este-domingo-22-de-octubre\/#breadcrumb\"},\"inLanguage\":\"ca\",\"potentialAction\":[{\"@type\":\"ReadAction\",\"target\":[\"https:\/\/www.estorrent.net\/2023\/10\/17\/es-torrent-despide-la-temporada-2023-este-domingo-22-de-octubre\/\"]}]},{\"@type\":\"ImageObject\",\"inLanguage\":\"ca\",\"@id\":\"https:\/\/www.estorrent.net\/2023\/10\/17\/es-torrent-despide-la-temporada-2023-este-domingo-22-de-octubre\/#primaryimage\",\"url\":\"https:\/\/www.estorrent.net\/wp-content\/uploads\/2023\/10\/DSC_5522.jpg\",\"contentUrl\":\"https:\/\/www.estorrent.net\/wp-content\/uploads\/2023\/10\/DSC_5522.jpg\",\"width\":1200,\"height\":803},{\"@type\":\"BreadcrumbList\",\"@id\":\"https:\/\/www.estorrent.net\/2023\/10\/17\/es-torrent-despide-la-temporada-2023-este-domingo-22-de-octubre\/#breadcrumb\",\"itemListElement\":[{\"@type\":\"ListItem\",\"position\":1,\"name\":\"Portada\",\"item\":\"https:\/\/www.estorrent.net\/\"},{\"@type\":\"ListItem\",\"position\":2,\"name\":\"Es Torrent acomiada la temporada 2023 aquest diumenge, 22 d&#8217;octubre\"}]},{\"@type\":\"WebSite\",\"@id\":\"https:\/\/www.estorrent.net\/#website\",\"url\":\"https:\/\/www.estorrent.net\/\",\"name\":\"Restaurante Es Torrent\",\"description\":\"\",\"potentialAction\":[{\"@type\":\"SearchAction\",\"target\":{\"@type\":\"EntryPoint\",\"urlTemplate\":\"https:\/\/www.estorrent.net\/?s={search_term_string}\"},\"query-input\":{\"@type\":\"PropertyValueSpecification\",\"valueRequired\":true,\"valueName\":\"search_term_string\"}}],\"inLanguage\":\"ca\"},{\"@type\":\"Person\",\"@id\":\"https:\/\/www.estorrent.net\/#\/schema\/person\/3347087d39c6f306963780c3f452bb0a\",\"name\":\"Xescu\",\"image\":{\"@type\":\"ImageObject\",\"inLanguage\":\"ca\",\"@id\":\"https:\/\/www.estorrent.net\/#\/schema\/person\/image\/\",\"url\":\"https:\/\/secure.gravatar.com\/avatar\/d569ee5739a9c7022470ea472c9b4b9cf476e15f1be71e5242c911d673d14ad9?s=96&d=mm&r=g\",\"contentUrl\":\"https:\/\/secure.gravatar.com\/avatar\/d569ee5739a9c7022470ea472c9b4b9cf476e15f1be71e5242c911d673d14ad9?s=96&d=mm&r=g\",\"caption\":\"Xescu\"},\"url\":\"https:\/\/www.estorrent.net\/ca\/author\/xescu\/\"}]}<\/script>\n<!-- \/ Yoast SEO plugin. -->","yoast_head_json":{"title":"Es Torrent acomiada la temporada 2023 aquest diumenge, 22 d'octubre - Restaurante Es Torrent","description":"Despr\u00e9s d'un estiu molt intens, en el restaurant Es Torrent donam per conclosa la temporada 2023 aquest diumenge, dia 22 d\u2019octubre. Enrere quedaran uns","robots":{"index":"index","follow":"follow","max-snippet":"max-snippet:-1","max-image-preview":"max-image-preview:large","max-video-preview":"max-video-preview:-1"},"canonical":"https:\/\/www.estorrent.net\/2023\/10\/17\/es-torrent-despide-la-temporada-2023-este-domingo-22-de-octubre\/","og_locale":"ca_ES","og_type":"article","og_title":"Es Torrent acomiada la temporada 2023 aquest diumenge, 22 d'octubre - Restaurante Es Torrent","og_description":"Despr\u00e9s d'un estiu molt intens, en el restaurant Es Torrent donam per conclosa la temporada 2023 aquest diumenge, dia 22 d\u2019octubre. Enrere quedaran uns","og_url":"https:\/\/www.estorrent.net\/2023\/10\/17\/es-torrent-despide-la-temporada-2023-este-domingo-22-de-octubre\/","og_site_name":"Restaurante Es Torrent","article_published_time":"2023-10-17T17:29:16+00:00","article_modified_time":"2023-10-17T17:31:02+00:00","og_image":[{"width":1200,"height":803,"url":"https:\/\/www.estorrent.net\/wp-content\/uploads\/2023\/10\/DSC_5522.jpg","type":"image\/jpeg"}],"author":"Xescu","twitter_card":"summary_large_image","twitter_misc":{"Escrit per":"Xescu","Temps estimat de lectura":"2 minuts"},"schema":{"@context":"https:\/\/schema.org","@graph":[{"@type":"Article","@id":"https:\/\/www.estorrent.net\/2023\/10\/17\/es-torrent-despide-la-temporada-2023-este-domingo-22-de-octubre\/#article","isPartOf":{"@id":"https:\/\/www.estorrent.net\/2023\/10\/17\/es-torrent-despide-la-temporada-2023-este-domingo-22-de-octubre\/"},"author":{"name":"Xescu","@id":"https:\/\/www.estorrent.net\/#\/schema\/person\/3347087d39c6f306963780c3f452bb0a"},"headline":"Es Torrent acomiada la temporada 2023 aquest diumenge, 22 d&#8217;octubre","datePublished":"2023-10-17T17:29:16+00:00","dateModified":"2023-10-17T17:31:02+00:00","mainEntityOfPage":{"@id":"https:\/\/www.estorrent.net\/2023\/10\/17\/es-torrent-despide-la-temporada-2023-este-domingo-22-de-octubre\/"},"wordCount":430,"commentCount":0,"image":{"@id":"https:\/\/www.estorrent.net\/2023\/10\/17\/es-torrent-despide-la-temporada-2023-este-domingo-22-de-octubre\/#primaryimage"},"thumbnailUrl":"https:\/\/www.estorrent.net\/wp-content\/uploads\/2023\/10\/DSC_5522.jpg","articleSection":["Gastronom\u00eda"],"inLanguage":"ca","potentialAction":[{"@type":"CommentAction","name":"Comment","target":["https:\/\/www.estorrent.net\/2023\/10\/17\/es-torrent-despide-la-temporada-2023-este-domingo-22-de-octubre\/#respond"]}]},{"@type":"WebPage","@id":"https:\/\/www.estorrent.net\/2023\/10\/17\/es-torrent-despide-la-temporada-2023-este-domingo-22-de-octubre\/","url":"https:\/\/www.estorrent.net\/2023\/10\/17\/es-torrent-despide-la-temporada-2023-este-domingo-22-de-octubre\/","name":"Es Torrent acomiada la temporada 2023 aquest diumenge, 22 d'octubre - Restaurante Es Torrent","isPartOf":{"@id":"https:\/\/www.estorrent.net\/#website"},"primaryImageOfPage":{"@id":"https:\/\/www.estorrent.net\/2023\/10\/17\/es-torrent-despide-la-temporada-2023-este-domingo-22-de-octubre\/#primaryimage"},"image":{"@id":"https:\/\/www.estorrent.net\/2023\/10\/17\/es-torrent-despide-la-temporada-2023-este-domingo-22-de-octubre\/#primaryimage"},"thumbnailUrl":"https:\/\/www.estorrent.net\/wp-content\/uploads\/2023\/10\/DSC_5522.jpg","datePublished":"2023-10-17T17:29:16+00:00","dateModified":"2023-10-17T17:31:02+00:00","author":{"@id":"https:\/\/www.estorrent.net\/#\/schema\/person\/3347087d39c6f306963780c3f452bb0a"},"description":"Despr\u00e9s d'un estiu molt intens, en el restaurant Es Torrent donam per conclosa la temporada 2023 aquest diumenge, dia 22 d\u2019octubre. Enrere quedaran uns","breadcrumb":{"@id":"https:\/\/www.estorrent.net\/2023\/10\/17\/es-torrent-despide-la-temporada-2023-este-domingo-22-de-octubre\/#breadcrumb"},"inLanguage":"ca","potentialAction":[{"@type":"ReadAction","target":["https:\/\/www.estorrent.net\/2023\/10\/17\/es-torrent-despide-la-temporada-2023-este-domingo-22-de-octubre\/"]}]},{"@type":"ImageObject","inLanguage":"ca","@id":"https:\/\/www.estorrent.net\/2023\/10\/17\/es-torrent-despide-la-temporada-2023-este-domingo-22-de-octubre\/#primaryimage","url":"https:\/\/www.estorrent.net\/wp-content\/uploads\/2023\/10\/DSC_5522.jpg","contentUrl":"https:\/\/www.estorrent.net\/wp-content\/uploads\/2023\/10\/DSC_5522.jpg","width":1200,"height":803},{"@type":"BreadcrumbList","@id":"https:\/\/www.estorrent.net\/2023\/10\/17\/es-torrent-despide-la-temporada-2023-este-domingo-22-de-octubre\/#breadcrumb","itemListElement":[{"@type":"ListItem","position":1,"name":"Portada","item":"https:\/\/www.estorrent.net\/"},{"@type":"ListItem","position":2,"name":"Es Torrent acomiada la temporada 2023 aquest diumenge, 22 d&#8217;octubre"}]},{"@type":"WebSite","@id":"https:\/\/www.estorrent.net\/#website","url":"https:\/\/www.estorrent.net\/","name":"Restaurante Es Torrent","description":"","potentialAction":[{"@type":"SearchAction","target":{"@type":"EntryPoint","urlTemplate":"https:\/\/www.estorrent.net\/?s={search_term_string}"},"query-input":{"@type":"PropertyValueSpecification","valueRequired":true,"valueName":"search_term_string"}}],"inLanguage":"ca"},{"@type":"Person","@id":"https:\/\/www.estorrent.net\/#\/schema\/person\/3347087d39c6f306963780c3f452bb0a","name":"Xescu","image":{"@type":"ImageObject","inLanguage":"ca","@id":"https:\/\/www.estorrent.net\/#\/schema\/person\/image\/","url":"https:\/\/secure.gravatar.com\/avatar\/d569ee5739a9c7022470ea472c9b4b9cf476e15f1be71e5242c911d673d14ad9?s=96&d=mm&r=g","contentUrl":"https:\/\/secure.gravatar.com\/avatar\/d569ee5739a9c7022470ea472c9b4b9cf476e15f1be71e5242c911d673d14ad9?s=96&d=mm&r=g","caption":"Xescu"},"url":"https:\/\/www.estorrent.net\/ca\/author\/xescu\/"}]}},"_links":{"self":[{"href":"https:\/\/www.estorrent.net\/ca\/wp-json\/wp\/v2\/posts\/19338","targetHints":{"allow":["GET"]}}],"collection":[{"href":"https:\/\/www.estorrent.net\/ca\/wp-json\/wp\/v2\/posts"}],"about":[{"href":"https:\/\/www.estorrent.net\/ca\/wp-json\/wp\/v2\/types\/post"}],"author":[{"embeddable":true,"href":"https:\/\/www.estorrent.net\/ca\/wp-json\/wp\/v2\/users\/2"}],"replies":[{"embeddable":true,"href":"https:\/\/www.estorrent.net\/ca\/wp-json\/wp\/v2\/comments?post=19338"}],"version-history":[{"count":2,"href":"https:\/\/www.estorrent.net\/ca\/wp-json\/wp\/v2\/posts\/19338\/revisions"}],"predecessor-version":[{"id":19341,"href":"https:\/\/www.estorrent.net\/ca\/wp-json\/wp\/v2\/posts\/19338\/revisions\/19341"}],"wp:featuredmedia":[{"embeddable":true,"href":"https:\/\/www.estorrent.net\/ca\/wp-json\/wp\/v2\/media\/19332"}],"wp:attachment":[{"href":"https:\/\/www.estorrent.net\/ca\/wp-json\/wp\/v2\/media?parent=19338"}],"wp:term":[{"taxonomy":"category","embeddable":true,"href":"https:\/\/www.estorrent.net\/ca\/wp-json\/wp\/v2\/categories?post=19338"},{"taxonomy":"post_tag","embeddable":true,"href":"https:\/\/www.estorrent.net\/ca\/wp-json\/wp\/v2\/tags?post=19338"}],"curies":[{"name":"wp","href":"https:\/\/api.w.org\/{rel}","templated":true}]}}