{"id":19042,"date":"2022-10-15T20:01:48","date_gmt":"2022-10-15T18:01:48","guid":{"rendered":"https:\/\/www.estorrent.net\/2022\/10\/31\/es-cubells-el-templo-del-sur\/"},"modified":"2022-11-01T15:01:09","modified_gmt":"2022-11-01T14:01:09","slug":"es-cubells-el-temple-del-sud","status":"publish","type":"post","link":"https:\/\/www.estorrent.net\/ca\/2022\/10\/15\/es-cubells-el-temple-del-sud\/","title":{"rendered":"Es Cubells, el temple del sud"},"content":{"rendered":"<p>A poca dist\u00e0ncia des Torrent, a la part alta dels penya-segats des Cubells, espera un dels temples m\u00e9s recents i cridaners d&#8217;Eivissa. Encara que la seua grand\u00e0ria \u00e9s menor que molts altres, l&#8217;espectacularitat de l\u2019ubicaci\u00f3 no t\u00e9 parang\u00f3. Des de la part posterior de l&#8217;oratori, on es situa la casa parroquial, hi ha un fant\u00e0stic mirador que permet albirar tota la costa sud de l&#8217;illa, des del Cap Llentrisca fins al Parc Natural de ses Salines.<\/p>\n<p>L&#8217;esgl\u00e9sia es va fundar gr\u00e0cies als esfor\u00e7os i inter\u00e8s del pare carmelita Francesc Palau i Quer (1811-1872), que va haver d&#8217;exiliar-se a l&#8217;illa despr\u00e9s de ser acusat de participar i promoure les revoltes obreres que es van produir a Barcelona, el 1854. Palau, en arribar a l&#8217;illa, es va refugiar en el llavors remot territori des Cubells i va decidir demanar al Vatic\u00e0 autoritzaci\u00f3 per a construir una ermita dedicada a la Verge del Carmen, ja que considerava que els residents a la zona estaven molt lluny del temple m\u00e9s pr\u00f2xim, a Sant Josep. La carta va ser remesa a Roma el 1855 i la resposta va arribar gaireb\u00e9 una d\u00e8cada despr\u00e9s, en forma d&#8217;autoritzaci\u00f3 per a dur a terme el projecte, habilitant un oratori privat a la seua casa.<\/p>\n<p>La capella es va inaugurar el 1864, encara que uns anys despr\u00e9s van deixar de celebrar-se misses i el petit temple es va convertir en la llar d&#8217;ermitans i agricultors. El propi Francesc Palau passava llargs per\u00edodes d&#8217;ascetisme a l&#8217;illot des Vedr\u00e0, on s&#8217;alimentava recollint ous de gavina i bevent l&#8217;aigua de pluja que s&#8217;acumulava a una cova.<\/p>\n<p><a href=\"https:\/\/www.estorrent.net\/wp-content\/uploads\/2022\/10\/DSC_0859.jpg\" rel=\"lightbox[19042]\"><img loading=\"lazy\" decoding=\"async\" class=\"alignnone size-full wp-image-19038\" src=\"https:\/\/www.estorrent.net\/wp-content\/uploads\/2022\/10\/DSC_0859.jpg\" alt=\"\" width=\"3872\" height=\"2592\" srcset=\"https:\/\/www.estorrent.net\/wp-content\/uploads\/2022\/10\/DSC_0859.jpg 3872w, https:\/\/www.estorrent.net\/wp-content\/uploads\/2022\/10\/DSC_0859-300x201.jpg 300w, https:\/\/www.estorrent.net\/wp-content\/uploads\/2022\/10\/DSC_0859-768x514.jpg 768w, https:\/\/www.estorrent.net\/wp-content\/uploads\/2022\/10\/DSC_0859-1024x685.jpg 1024w, https:\/\/www.estorrent.net\/wp-content\/uploads\/2022\/10\/DSC_0859-700x469.jpg 700w\" sizes=\"auto, (max-width: 3872px) 100vw, 3872px\" \/><\/a><\/p>\n<p>La llavor de l\u2019esgl\u00e9sia, tal i com la coneixem ara, es va plantar el 1933, quan per fi va ser fundada la parr\u00f2quia des Cubells, iniciant-se les obres del temple el 1941. Els treballs van sofrir diverses aturades i no es van acabar fins a 1958. Per aquesta ra\u00f3, l&#8217;esgl\u00e9sia des Cubells \u00e9s considerada la m\u00e9s recent de totes les que segueixen l&#8217;estil arquitect\u00f2nic rural t\u00edpic de l&#8217;illa.<\/p>\n<p>La vella ermita va ser incorporada al nou projecte com a presbiteri. El temple \u00e9s de petites dimensions, amb una sola nau que es recolza en contraforts i la citada casa parroquial situada a la part posterior. Visitar-la, abans o despr\u00e9s d&#8217;una visita a Es Torrent, \u00e9s gaireb\u00e9 una obligaci\u00f3, aix\u00ed com detenir-se a admirar l\u2019incre\u00efble paisatge que l&#8217;envolta.<\/p>\n","protected":false},"excerpt":{"rendered":"<p>A poca dist\u00e0ncia des Torrent, a la part alta dels penya-segats des Cubells, espera un dels temples m\u00e9s recents i cridaners d&#8217;Eivissa. Encara que la seua grand\u00e0ria \u00e9s menor que molts altres, l&#8217;espectacularitat de l\u2019ubicaci\u00f3 no t\u00e9 parang\u00f3. Des de la part posterior de l&#8217;oratori, on es situa la casa parroquial, hi ha un fant\u00e0stic mirador que permet albirar tota&#8230;<\/p>\n","protected":false},"author":2,"featured_media":19036,"comment_status":"open","ping_status":"open","sticky":false,"template":"","format":"standard","meta":{"footnotes":""},"categories":[106],"tags":[],"class_list":["post-19042","post","type-post","status-publish","format-standard","has-post-thumbnail","hentry","category-la-isla-ca"],"yoast_head":"<!-- This site is optimized with the Yoast SEO plugin v26.7 - https:\/\/yoast.com\/wordpress\/plugins\/seo\/ -->\n<title>Es Cubells, el temple del sud - Restaurante Es Torrent<\/title>\n<meta name=\"description\" content=\"A poca dist\u00e0ncia des Torrent, a la part alta dels penya-segats des Cubells, espera un dels temples m\u00e9s recents i cridaners d&#039;Eivissa. Encara que la seua\" \/>\n<meta name=\"robots\" content=\"index, follow, max-snippet:-1, max-image-preview:large, max-video-preview:-1\" \/>\n<link rel=\"canonical\" href=\"https:\/\/www.estorrent.net\/2022\/10\/15\/es-cubells-el-templo-del-sur\/\" \/>\n<meta property=\"og:locale\" content=\"ca_ES\" \/>\n<meta property=\"og:type\" content=\"article\" \/>\n<meta property=\"og:title\" content=\"Es Cubells, el temple del sud - Restaurante Es Torrent\" \/>\n<meta property=\"og:description\" content=\"A poca dist\u00e0ncia des Torrent, a la part alta dels penya-segats des Cubells, espera un dels temples m\u00e9s recents i cridaners d&#039;Eivissa. Encara que la seua\" \/>\n<meta property=\"og:url\" content=\"https:\/\/www.estorrent.net\/2022\/10\/15\/es-cubells-el-templo-del-sur\/\" \/>\n<meta property=\"og:site_name\" content=\"Restaurante Es Torrent\" \/>\n<meta property=\"article:published_time\" content=\"2022-10-15T18:01:48+00:00\" \/>\n<meta property=\"article:modified_time\" content=\"2022-11-01T14:01:09+00:00\" \/>\n<meta property=\"og:image\" content=\"https:\/\/www.estorrent.net\/wp-content\/uploads\/2022\/10\/DSC00257.jpg\" \/>\n\t<meta property=\"og:image:width\" content=\"5472\" \/>\n\t<meta property=\"og:image:height\" content=\"3648\" \/>\n\t<meta property=\"og:image:type\" content=\"image\/jpeg\" \/>\n<meta name=\"author\" content=\"Xescu\" \/>\n<meta name=\"twitter:card\" content=\"summary_large_image\" \/>\n<meta name=\"twitter:label1\" content=\"Escrit per\" \/>\n\t<meta name=\"twitter:data1\" content=\"Xescu\" \/>\n\t<meta name=\"twitter:label2\" content=\"Temps estimat de lectura\" \/>\n\t<meta name=\"twitter:data2\" content=\"2 minuts\" \/>\n<script type=\"application\/ld+json\" class=\"yoast-schema-graph\">{\"@context\":\"https:\/\/schema.org\",\"@graph\":[{\"@type\":\"Article\",\"@id\":\"https:\/\/www.estorrent.net\/2022\/10\/15\/es-cubells-el-templo-del-sur\/#article\",\"isPartOf\":{\"@id\":\"https:\/\/www.estorrent.net\/2022\/10\/15\/es-cubells-el-templo-del-sur\/\"},\"author\":{\"name\":\"Xescu\",\"@id\":\"https:\/\/www.estorrent.net\/#\/schema\/person\/3347087d39c6f306963780c3f452bb0a\"},\"headline\":\"Es Cubells, el temple del sud\",\"datePublished\":\"2022-10-15T18:01:48+00:00\",\"dateModified\":\"2022-11-01T14:01:09+00:00\",\"mainEntityOfPage\":{\"@id\":\"https:\/\/www.estorrent.net\/2022\/10\/15\/es-cubells-el-templo-del-sur\/\"},\"wordCount\":437,\"commentCount\":0,\"image\":{\"@id\":\"https:\/\/www.estorrent.net\/2022\/10\/15\/es-cubells-el-templo-del-sur\/#primaryimage\"},\"thumbnailUrl\":\"https:\/\/www.estorrent.net\/wp-content\/uploads\/2022\/10\/DSC00257.jpg\",\"articleSection\":[\"La isla\"],\"inLanguage\":\"ca\",\"potentialAction\":[{\"@type\":\"CommentAction\",\"name\":\"Comment\",\"target\":[\"https:\/\/www.estorrent.net\/2022\/10\/15\/es-cubells-el-templo-del-sur\/#respond\"]}]},{\"@type\":\"WebPage\",\"@id\":\"https:\/\/www.estorrent.net\/2022\/10\/15\/es-cubells-el-templo-del-sur\/\",\"url\":\"https:\/\/www.estorrent.net\/2022\/10\/15\/es-cubells-el-templo-del-sur\/\",\"name\":\"Es Cubells, el temple del sud - Restaurante Es Torrent\",\"isPartOf\":{\"@id\":\"https:\/\/www.estorrent.net\/#website\"},\"primaryImageOfPage\":{\"@id\":\"https:\/\/www.estorrent.net\/2022\/10\/15\/es-cubells-el-templo-del-sur\/#primaryimage\"},\"image\":{\"@id\":\"https:\/\/www.estorrent.net\/2022\/10\/15\/es-cubells-el-templo-del-sur\/#primaryimage\"},\"thumbnailUrl\":\"https:\/\/www.estorrent.net\/wp-content\/uploads\/2022\/10\/DSC00257.jpg\",\"datePublished\":\"2022-10-15T18:01:48+00:00\",\"dateModified\":\"2022-11-01T14:01:09+00:00\",\"author\":{\"@id\":\"https:\/\/www.estorrent.net\/#\/schema\/person\/3347087d39c6f306963780c3f452bb0a\"},\"description\":\"A poca dist\u00e0ncia des Torrent, a la part alta dels penya-segats des Cubells, espera un dels temples m\u00e9s recents i cridaners d'Eivissa. Encara que la seua\",\"breadcrumb\":{\"@id\":\"https:\/\/www.estorrent.net\/2022\/10\/15\/es-cubells-el-templo-del-sur\/#breadcrumb\"},\"inLanguage\":\"ca\",\"potentialAction\":[{\"@type\":\"ReadAction\",\"target\":[\"https:\/\/www.estorrent.net\/2022\/10\/15\/es-cubells-el-templo-del-sur\/\"]}]},{\"@type\":\"ImageObject\",\"inLanguage\":\"ca\",\"@id\":\"https:\/\/www.estorrent.net\/2022\/10\/15\/es-cubells-el-templo-del-sur\/#primaryimage\",\"url\":\"https:\/\/www.estorrent.net\/wp-content\/uploads\/2022\/10\/DSC00257.jpg\",\"contentUrl\":\"https:\/\/www.estorrent.net\/wp-content\/uploads\/2022\/10\/DSC00257.jpg\",\"width\":5472,\"height\":3648},{\"@type\":\"BreadcrumbList\",\"@id\":\"https:\/\/www.estorrent.net\/2022\/10\/15\/es-cubells-el-templo-del-sur\/#breadcrumb\",\"itemListElement\":[{\"@type\":\"ListItem\",\"position\":1,\"name\":\"Portada\",\"item\":\"https:\/\/www.estorrent.net\/\"},{\"@type\":\"ListItem\",\"position\":2,\"name\":\"Es Cubells, el temple del sud\"}]},{\"@type\":\"WebSite\",\"@id\":\"https:\/\/www.estorrent.net\/#website\",\"url\":\"https:\/\/www.estorrent.net\/\",\"name\":\"Restaurante Es Torrent\",\"description\":\"\",\"potentialAction\":[{\"@type\":\"SearchAction\",\"target\":{\"@type\":\"EntryPoint\",\"urlTemplate\":\"https:\/\/www.estorrent.net\/?s={search_term_string}\"},\"query-input\":{\"@type\":\"PropertyValueSpecification\",\"valueRequired\":true,\"valueName\":\"search_term_string\"}}],\"inLanguage\":\"ca\"},{\"@type\":\"Person\",\"@id\":\"https:\/\/www.estorrent.net\/#\/schema\/person\/3347087d39c6f306963780c3f452bb0a\",\"name\":\"Xescu\",\"image\":{\"@type\":\"ImageObject\",\"inLanguage\":\"ca\",\"@id\":\"https:\/\/www.estorrent.net\/#\/schema\/person\/image\/\",\"url\":\"https:\/\/secure.gravatar.com\/avatar\/d569ee5739a9c7022470ea472c9b4b9cf476e15f1be71e5242c911d673d14ad9?s=96&d=mm&r=g\",\"contentUrl\":\"https:\/\/secure.gravatar.com\/avatar\/d569ee5739a9c7022470ea472c9b4b9cf476e15f1be71e5242c911d673d14ad9?s=96&d=mm&r=g\",\"caption\":\"Xescu\"},\"url\":\"https:\/\/www.estorrent.net\/ca\/author\/xescu\/\"}]}<\/script>\n<!-- \/ Yoast SEO plugin. -->","yoast_head_json":{"title":"Es Cubells, el temple del sud - Restaurante Es Torrent","description":"A poca dist\u00e0ncia des Torrent, a la part alta dels penya-segats des Cubells, espera un dels temples m\u00e9s recents i cridaners d'Eivissa. Encara que la seua","robots":{"index":"index","follow":"follow","max-snippet":"max-snippet:-1","max-image-preview":"max-image-preview:large","max-video-preview":"max-video-preview:-1"},"canonical":"https:\/\/www.estorrent.net\/2022\/10\/15\/es-cubells-el-templo-del-sur\/","og_locale":"ca_ES","og_type":"article","og_title":"Es Cubells, el temple del sud - Restaurante Es Torrent","og_description":"A poca dist\u00e0ncia des Torrent, a la part alta dels penya-segats des Cubells, espera un dels temples m\u00e9s recents i cridaners d'Eivissa. Encara que la seua","og_url":"https:\/\/www.estorrent.net\/2022\/10\/15\/es-cubells-el-templo-del-sur\/","og_site_name":"Restaurante Es Torrent","article_published_time":"2022-10-15T18:01:48+00:00","article_modified_time":"2022-11-01T14:01:09+00:00","og_image":[{"width":5472,"height":3648,"url":"https:\/\/www.estorrent.net\/wp-content\/uploads\/2022\/10\/DSC00257.jpg","type":"image\/jpeg"}],"author":"Xescu","twitter_card":"summary_large_image","twitter_misc":{"Escrit per":"Xescu","Temps estimat de lectura":"2 minuts"},"schema":{"@context":"https:\/\/schema.org","@graph":[{"@type":"Article","@id":"https:\/\/www.estorrent.net\/2022\/10\/15\/es-cubells-el-templo-del-sur\/#article","isPartOf":{"@id":"https:\/\/www.estorrent.net\/2022\/10\/15\/es-cubells-el-templo-del-sur\/"},"author":{"name":"Xescu","@id":"https:\/\/www.estorrent.net\/#\/schema\/person\/3347087d39c6f306963780c3f452bb0a"},"headline":"Es Cubells, el temple del sud","datePublished":"2022-10-15T18:01:48+00:00","dateModified":"2022-11-01T14:01:09+00:00","mainEntityOfPage":{"@id":"https:\/\/www.estorrent.net\/2022\/10\/15\/es-cubells-el-templo-del-sur\/"},"wordCount":437,"commentCount":0,"image":{"@id":"https:\/\/www.estorrent.net\/2022\/10\/15\/es-cubells-el-templo-del-sur\/#primaryimage"},"thumbnailUrl":"https:\/\/www.estorrent.net\/wp-content\/uploads\/2022\/10\/DSC00257.jpg","articleSection":["La isla"],"inLanguage":"ca","potentialAction":[{"@type":"CommentAction","name":"Comment","target":["https:\/\/www.estorrent.net\/2022\/10\/15\/es-cubells-el-templo-del-sur\/#respond"]}]},{"@type":"WebPage","@id":"https:\/\/www.estorrent.net\/2022\/10\/15\/es-cubells-el-templo-del-sur\/","url":"https:\/\/www.estorrent.net\/2022\/10\/15\/es-cubells-el-templo-del-sur\/","name":"Es Cubells, el temple del sud - Restaurante Es Torrent","isPartOf":{"@id":"https:\/\/www.estorrent.net\/#website"},"primaryImageOfPage":{"@id":"https:\/\/www.estorrent.net\/2022\/10\/15\/es-cubells-el-templo-del-sur\/#primaryimage"},"image":{"@id":"https:\/\/www.estorrent.net\/2022\/10\/15\/es-cubells-el-templo-del-sur\/#primaryimage"},"thumbnailUrl":"https:\/\/www.estorrent.net\/wp-content\/uploads\/2022\/10\/DSC00257.jpg","datePublished":"2022-10-15T18:01:48+00:00","dateModified":"2022-11-01T14:01:09+00:00","author":{"@id":"https:\/\/www.estorrent.net\/#\/schema\/person\/3347087d39c6f306963780c3f452bb0a"},"description":"A poca dist\u00e0ncia des Torrent, a la part alta dels penya-segats des Cubells, espera un dels temples m\u00e9s recents i cridaners d'Eivissa. Encara que la seua","breadcrumb":{"@id":"https:\/\/www.estorrent.net\/2022\/10\/15\/es-cubells-el-templo-del-sur\/#breadcrumb"},"inLanguage":"ca","potentialAction":[{"@type":"ReadAction","target":["https:\/\/www.estorrent.net\/2022\/10\/15\/es-cubells-el-templo-del-sur\/"]}]},{"@type":"ImageObject","inLanguage":"ca","@id":"https:\/\/www.estorrent.net\/2022\/10\/15\/es-cubells-el-templo-del-sur\/#primaryimage","url":"https:\/\/www.estorrent.net\/wp-content\/uploads\/2022\/10\/DSC00257.jpg","contentUrl":"https:\/\/www.estorrent.net\/wp-content\/uploads\/2022\/10\/DSC00257.jpg","width":5472,"height":3648},{"@type":"BreadcrumbList","@id":"https:\/\/www.estorrent.net\/2022\/10\/15\/es-cubells-el-templo-del-sur\/#breadcrumb","itemListElement":[{"@type":"ListItem","position":1,"name":"Portada","item":"https:\/\/www.estorrent.net\/"},{"@type":"ListItem","position":2,"name":"Es Cubells, el temple del sud"}]},{"@type":"WebSite","@id":"https:\/\/www.estorrent.net\/#website","url":"https:\/\/www.estorrent.net\/","name":"Restaurante Es Torrent","description":"","potentialAction":[{"@type":"SearchAction","target":{"@type":"EntryPoint","urlTemplate":"https:\/\/www.estorrent.net\/?s={search_term_string}"},"query-input":{"@type":"PropertyValueSpecification","valueRequired":true,"valueName":"search_term_string"}}],"inLanguage":"ca"},{"@type":"Person","@id":"https:\/\/www.estorrent.net\/#\/schema\/person\/3347087d39c6f306963780c3f452bb0a","name":"Xescu","image":{"@type":"ImageObject","inLanguage":"ca","@id":"https:\/\/www.estorrent.net\/#\/schema\/person\/image\/","url":"https:\/\/secure.gravatar.com\/avatar\/d569ee5739a9c7022470ea472c9b4b9cf476e15f1be71e5242c911d673d14ad9?s=96&d=mm&r=g","contentUrl":"https:\/\/secure.gravatar.com\/avatar\/d569ee5739a9c7022470ea472c9b4b9cf476e15f1be71e5242c911d673d14ad9?s=96&d=mm&r=g","caption":"Xescu"},"url":"https:\/\/www.estorrent.net\/ca\/author\/xescu\/"}]}},"_links":{"self":[{"href":"https:\/\/www.estorrent.net\/ca\/wp-json\/wp\/v2\/posts\/19042","targetHints":{"allow":["GET"]}}],"collection":[{"href":"https:\/\/www.estorrent.net\/ca\/wp-json\/wp\/v2\/posts"}],"about":[{"href":"https:\/\/www.estorrent.net\/ca\/wp-json\/wp\/v2\/types\/post"}],"author":[{"embeddable":true,"href":"https:\/\/www.estorrent.net\/ca\/wp-json\/wp\/v2\/users\/2"}],"replies":[{"embeddable":true,"href":"https:\/\/www.estorrent.net\/ca\/wp-json\/wp\/v2\/comments?post=19042"}],"version-history":[{"count":2,"href":"https:\/\/www.estorrent.net\/ca\/wp-json\/wp\/v2\/posts\/19042\/revisions"}],"predecessor-version":[{"id":19045,"href":"https:\/\/www.estorrent.net\/ca\/wp-json\/wp\/v2\/posts\/19042\/revisions\/19045"}],"wp:featuredmedia":[{"embeddable":true,"href":"https:\/\/www.estorrent.net\/ca\/wp-json\/wp\/v2\/media\/19036"}],"wp:attachment":[{"href":"https:\/\/www.estorrent.net\/ca\/wp-json\/wp\/v2\/media?parent=19042"}],"wp:term":[{"taxonomy":"category","embeddable":true,"href":"https:\/\/www.estorrent.net\/ca\/wp-json\/wp\/v2\/categories?post=19042"},{"taxonomy":"post_tag","embeddable":true,"href":"https:\/\/www.estorrent.net\/ca\/wp-json\/wp\/v2\/tags?post=19042"}],"curies":[{"name":"wp","href":"https:\/\/api.w.org\/{rel}","templated":true}]}}