{"id":18992,"date":"2022-08-11T10:44:45","date_gmt":"2022-08-11T08:44:45","guid":{"rendered":"https:\/\/www.estorrent.net\/2022\/08\/11\/ibiza-la-historia-que-nos-ha-traido-hasta-hoy\/"},"modified":"2022-08-11T10:46:50","modified_gmt":"2022-08-11T08:46:50","slug":"eivissa-la-historia-que-ens-ha-portat-fins-avui","status":"publish","type":"post","link":"https:\/\/www.estorrent.net\/ca\/2022\/08\/11\/eivissa-la-historia-que-ens-ha-portat-fins-avui\/","title":{"rendered":"Eivissa: la hist\u00f2ria que ens ha portat fins avui"},"content":{"rendered":"<p>Per a comprendre Eivissa \u00e9s essencial con\u00e8ixer la seua hist\u00f2ria. Fenicis, p\u00fanics, romans, bizantins, v\u00e0ndals, \u00e0rabs i cristians l&#8217;han dominat al llarg dels segles. L&#8217;illa est\u00e0 poblada des de l&#8217;any 5.000 abans de Crist, encara que no \u00e9s fins l&#8217;arribada dels fenicis, en el segle VIII a. C., quan es converteix en un lloc estrat\u00e8gic del Mediterrani. En aquesta \u00e8poca es crea el poblat fenici de sa Caleta, de naturalesa industrial i pr\u00f2xim a les llacunes salades, les futures salines.<\/p>\n<p><em>Aiboshim<\/em>, ciutat de Bes, es va fundar un segle m\u00e9s tard i va ser clau en la ruta comercial fen\u00edcia, quedant fortificada des de gaireb\u00e9 els seus inicis. La necr\u00f2poli de Puig des Molins tamb\u00e9 la van crear aquests primers pobladors. Amb l&#8217;arribada dels p\u00fanics de Cartago, al voltant del 550 a. C., aquell modest centre de distribuci\u00f3 portu\u00e0ria es va convertir en un enclavament amb produccions pr\u00f2pies destinades a l&#8217;exportaci\u00f3.<\/p>\n<p>L&#8217;ocupaci\u00f3 romana de Mallorca i Menorca, l&#8217;any 123 a. C., va iniciar l\u2019extinci\u00f3 de l&#8217;Eivissa p\u00fanica. La seua romanitzaci\u00f3, per\u00f2, es va produir m\u00e9s lentament. La ciutat va ser rebatiada com <em>Ebusus<\/em> i posse\u00efa les intalaciones caracter\u00edstiques de l&#8217;urbs romana. Tamb\u00e9 es v\u00e0ren construir altres infraestructures per tota l&#8217;illa, com l&#8217;aq\u00fceducte de S\u2019Argamassa. Els \u00faltims temps romans van estar marcats per la por i la inseguretat. L&#8217;arribada de bizantins i v\u00e0ndals (segle V) suposa la decad\u00e8ncia definitiva de la capital, que va quedar semiabandonada durant llargs per\u00edodes.<\/p>\n<p><a href=\"https:\/\/www.estorrent.net\/wp-content\/uploads\/2022\/08\/paseohistoria2.jpg\" rel=\"lightbox[18992]\"><img loading=\"lazy\" decoding=\"async\" class=\"alignnone wp-image-18985 size-full\" src=\"https:\/\/www.estorrent.net\/wp-content\/uploads\/2022\/08\/paseohistoria2.jpg\" alt=\"\" width=\"800\" height=\"600\" srcset=\"https:\/\/www.estorrent.net\/wp-content\/uploads\/2022\/08\/paseohistoria2.jpg 800w, https:\/\/www.estorrent.net\/wp-content\/uploads\/2022\/08\/paseohistoria2-300x225.jpg 300w, https:\/\/www.estorrent.net\/wp-content\/uploads\/2022\/08\/paseohistoria2-768x576.jpg 768w, https:\/\/www.estorrent.net\/wp-content\/uploads\/2022\/08\/paseohistoria2-700x525.jpg 700w\" sizes=\"auto, (max-width: 800px) 100vw, 800px\" \/><\/a><\/p>\n<p>Els musulmans van batejar Eivissa com <em>Madina Yabisa<\/em> i no la van ocupar definitivament fins al 902, despr\u00e9s de dos segles d&#8217;escaramusses. Van reconstruir la ciutat i van establir el centre de poder a la part alta de les muralles, que van reconstruir amb torres. Al camp van treballar la terra i van crear s\u00e9quies, safaretjos i canals per fer-la m\u00e9s productiva. Aquesta her\u00e8ncia encara podem contemplar-la a ses Feixes de Talamanca i es Broll de Buscastell.<\/p>\n<p>En 1235, les tropes catalanes comandades per l&#8217;arquebisbe de Tarragona, Guillem de Montgr\u00ed, van conquistar Eivissa als musulmans. La mesquita va ser reconvertida en esgl\u00e9sia i es van reparar els llen\u00e7os de la fortalesa. Els segles posteriors van estar marcats per la pirateria, que va generar una terrible inseguretat entre la poblaci\u00f3. En el segle XVI, la Corona espanyola va ordenar la construcci\u00f3 de les muralles renaixentistes. A partir de llavors, la ciutat va cr\u00e9ixer cap a l&#8217;interior. Al camp es van construir torres de defensa i la Corona, en el XVIII va ordenar la creaci\u00f3 d&#8217;altres a la costa.<\/p>\n<p><a href=\"https:\/\/www.estorrent.net\/wp-content\/uploads\/2022\/08\/torredesesportes4.jpg\" rel=\"lightbox[18992]\"><img loading=\"lazy\" decoding=\"async\" class=\"alignnone size-full wp-image-18988\" src=\"https:\/\/www.estorrent.net\/wp-content\/uploads\/2022\/08\/torredesesportes4.jpg\" alt=\"\" width=\"800\" height=\"600\" srcset=\"https:\/\/www.estorrent.net\/wp-content\/uploads\/2022\/08\/torredesesportes4.jpg 800w, https:\/\/www.estorrent.net\/wp-content\/uploads\/2022\/08\/torredesesportes4-300x225.jpg 300w, https:\/\/www.estorrent.net\/wp-content\/uploads\/2022\/08\/torredesesportes4-768x576.jpg 768w, https:\/\/www.estorrent.net\/wp-content\/uploads\/2022\/08\/torredesesportes4-700x525.jpg 700w\" sizes=\"auto, (max-width: 800px) 100vw, 800px\" \/><\/a><\/p>\n<p>La creaci\u00f3 de la di\u00f2cesi d&#8217;Eivissa, en 1782, i l&#8217;arribada del primer bisbe, Manuel Abad i Lasierra, va suposar un important impuls per a l&#8217;Eivissa rural, ja que es van erigir nombrosos temples per tota l&#8217;illa i es van establir nous nuclis de poblaci\u00f3.<\/p>\n<p>El gran canvi, no obstant aix\u00f2, es va produir amb l&#8217;arribada del turisme, a partir dels anys seixanta del segle XX. Els viatgers van portar prosperitat i van posar a l&#8217;illa en el mapa. Avui constitueix un dels destins m\u00e9s coneguts del m\u00f3n.<\/p>\n","protected":false},"excerpt":{"rendered":"<p>Per a comprendre Eivissa \u00e9s essencial con\u00e8ixer la seua hist\u00f2ria. Fenicis, p\u00fanics, romans, bizantins, v\u00e0ndals, \u00e0rabs i cristians l&#8217;han dominat al llarg dels segles. L&#8217;illa est\u00e0 poblada des de l&#8217;any 5.000 abans de Crist, encara que no \u00e9s fins l&#8217;arribada dels fenicis, en el segle VIII a. C., quan es converteix en un lloc estrat\u00e8gic del Mediterrani. En aquesta \u00e8poca&#8230;<\/p>\n","protected":false},"author":2,"featured_media":18983,"comment_status":"open","ping_status":"open","sticky":false,"template":"","format":"standard","meta":{"footnotes":""},"categories":[106],"tags":[],"class_list":["post-18992","post","type-post","status-publish","format-standard","has-post-thumbnail","hentry","category-la-isla-ca"],"yoast_head":"<!-- This site is optimized with the Yoast SEO plugin v26.7 - https:\/\/yoast.com\/wordpress\/plugins\/seo\/ -->\n<title>Eivissa: la hist\u00f2ria que ens ha portat fins avui - Restaurante Es Torrent<\/title>\n<meta name=\"description\" content=\"Per a comprendre Eivissa \u00e9s essencial con\u00e8ixer la seua hist\u00f2ria. Fenicis, p\u00fanics, romans, bizantins, v\u00e0ndals, \u00e0rabs i cristians l&#039;han dominat al llarg\" \/>\n<meta name=\"robots\" content=\"index, follow, max-snippet:-1, max-image-preview:large, max-video-preview:-1\" \/>\n<link rel=\"canonical\" href=\"https:\/\/www.estorrent.net\/2022\/08\/11\/ibiza-la-historia-que-nos-ha-traido-hasta-hoy\/\" \/>\n<meta property=\"og:locale\" content=\"ca_ES\" \/>\n<meta property=\"og:type\" content=\"article\" \/>\n<meta property=\"og:title\" content=\"Eivissa: la hist\u00f2ria que ens ha portat fins avui - Restaurante Es Torrent\" \/>\n<meta property=\"og:description\" content=\"Per a comprendre Eivissa \u00e9s essencial con\u00e8ixer la seua hist\u00f2ria. Fenicis, p\u00fanics, romans, bizantins, v\u00e0ndals, \u00e0rabs i cristians l&#039;han dominat al llarg\" \/>\n<meta property=\"og:url\" content=\"https:\/\/www.estorrent.net\/2022\/08\/11\/ibiza-la-historia-que-nos-ha-traido-hasta-hoy\/\" \/>\n<meta property=\"og:site_name\" content=\"Restaurante Es Torrent\" \/>\n<meta property=\"article:published_time\" content=\"2022-08-11T08:44:45+00:00\" \/>\n<meta property=\"article:modified_time\" content=\"2022-08-11T08:46:50+00:00\" \/>\n<meta property=\"og:image\" content=\"https:\/\/www.estorrent.net\/wp-content\/uploads\/2022\/08\/murallas1.jpg\" \/>\n\t<meta property=\"og:image:width\" content=\"800\" \/>\n\t<meta property=\"og:image:height\" content=\"525\" \/>\n\t<meta property=\"og:image:type\" content=\"image\/jpeg\" \/>\n<meta name=\"author\" content=\"Xescu\" \/>\n<meta name=\"twitter:card\" content=\"summary_large_image\" \/>\n<meta name=\"twitter:label1\" content=\"Escrit per\" \/>\n\t<meta name=\"twitter:data1\" content=\"Xescu\" \/>\n\t<meta name=\"twitter:label2\" content=\"Temps estimat de lectura\" \/>\n\t<meta name=\"twitter:data2\" content=\"3 minuts\" \/>\n<script type=\"application\/ld+json\" class=\"yoast-schema-graph\">{\"@context\":\"https:\/\/schema.org\",\"@graph\":[{\"@type\":\"Article\",\"@id\":\"https:\/\/www.estorrent.net\/2022\/08\/11\/ibiza-la-historia-que-nos-ha-traido-hasta-hoy\/#article\",\"isPartOf\":{\"@id\":\"https:\/\/www.estorrent.net\/2022\/08\/11\/ibiza-la-historia-que-nos-ha-traido-hasta-hoy\/\"},\"author\":{\"name\":\"Xescu\",\"@id\":\"https:\/\/www.estorrent.net\/#\/schema\/person\/3347087d39c6f306963780c3f452bb0a\"},\"headline\":\"Eivissa: la hist\u00f2ria que ens ha portat fins avui\",\"datePublished\":\"2022-08-11T08:44:45+00:00\",\"dateModified\":\"2022-08-11T08:46:50+00:00\",\"mainEntityOfPage\":{\"@id\":\"https:\/\/www.estorrent.net\/2022\/08\/11\/ibiza-la-historia-que-nos-ha-traido-hasta-hoy\/\"},\"wordCount\":562,\"commentCount\":0,\"image\":{\"@id\":\"https:\/\/www.estorrent.net\/2022\/08\/11\/ibiza-la-historia-que-nos-ha-traido-hasta-hoy\/#primaryimage\"},\"thumbnailUrl\":\"https:\/\/www.estorrent.net\/wp-content\/uploads\/2022\/08\/murallas1.jpg\",\"articleSection\":[\"La isla\"],\"inLanguage\":\"ca\",\"potentialAction\":[{\"@type\":\"CommentAction\",\"name\":\"Comment\",\"target\":[\"https:\/\/www.estorrent.net\/2022\/08\/11\/ibiza-la-historia-que-nos-ha-traido-hasta-hoy\/#respond\"]}]},{\"@type\":\"WebPage\",\"@id\":\"https:\/\/www.estorrent.net\/2022\/08\/11\/ibiza-la-historia-que-nos-ha-traido-hasta-hoy\/\",\"url\":\"https:\/\/www.estorrent.net\/2022\/08\/11\/ibiza-la-historia-que-nos-ha-traido-hasta-hoy\/\",\"name\":\"Eivissa: la hist\u00f2ria que ens ha portat fins avui - Restaurante Es Torrent\",\"isPartOf\":{\"@id\":\"https:\/\/www.estorrent.net\/#website\"},\"primaryImageOfPage\":{\"@id\":\"https:\/\/www.estorrent.net\/2022\/08\/11\/ibiza-la-historia-que-nos-ha-traido-hasta-hoy\/#primaryimage\"},\"image\":{\"@id\":\"https:\/\/www.estorrent.net\/2022\/08\/11\/ibiza-la-historia-que-nos-ha-traido-hasta-hoy\/#primaryimage\"},\"thumbnailUrl\":\"https:\/\/www.estorrent.net\/wp-content\/uploads\/2022\/08\/murallas1.jpg\",\"datePublished\":\"2022-08-11T08:44:45+00:00\",\"dateModified\":\"2022-08-11T08:46:50+00:00\",\"author\":{\"@id\":\"https:\/\/www.estorrent.net\/#\/schema\/person\/3347087d39c6f306963780c3f452bb0a\"},\"description\":\"Per a comprendre Eivissa \u00e9s essencial con\u00e8ixer la seua hist\u00f2ria. Fenicis, p\u00fanics, romans, bizantins, v\u00e0ndals, \u00e0rabs i cristians l'han dominat al llarg\",\"breadcrumb\":{\"@id\":\"https:\/\/www.estorrent.net\/2022\/08\/11\/ibiza-la-historia-que-nos-ha-traido-hasta-hoy\/#breadcrumb\"},\"inLanguage\":\"ca\",\"potentialAction\":[{\"@type\":\"ReadAction\",\"target\":[\"https:\/\/www.estorrent.net\/2022\/08\/11\/ibiza-la-historia-que-nos-ha-traido-hasta-hoy\/\"]}]},{\"@type\":\"ImageObject\",\"inLanguage\":\"ca\",\"@id\":\"https:\/\/www.estorrent.net\/2022\/08\/11\/ibiza-la-historia-que-nos-ha-traido-hasta-hoy\/#primaryimage\",\"url\":\"https:\/\/www.estorrent.net\/wp-content\/uploads\/2022\/08\/murallas1.jpg\",\"contentUrl\":\"https:\/\/www.estorrent.net\/wp-content\/uploads\/2022\/08\/murallas1.jpg\",\"width\":800,\"height\":525},{\"@type\":\"BreadcrumbList\",\"@id\":\"https:\/\/www.estorrent.net\/2022\/08\/11\/ibiza-la-historia-que-nos-ha-traido-hasta-hoy\/#breadcrumb\",\"itemListElement\":[{\"@type\":\"ListItem\",\"position\":1,\"name\":\"Portada\",\"item\":\"https:\/\/www.estorrent.net\/\"},{\"@type\":\"ListItem\",\"position\":2,\"name\":\"Eivissa: la hist\u00f2ria que ens ha portat fins avui\"}]},{\"@type\":\"WebSite\",\"@id\":\"https:\/\/www.estorrent.net\/#website\",\"url\":\"https:\/\/www.estorrent.net\/\",\"name\":\"Restaurante Es Torrent\",\"description\":\"\",\"potentialAction\":[{\"@type\":\"SearchAction\",\"target\":{\"@type\":\"EntryPoint\",\"urlTemplate\":\"https:\/\/www.estorrent.net\/?s={search_term_string}\"},\"query-input\":{\"@type\":\"PropertyValueSpecification\",\"valueRequired\":true,\"valueName\":\"search_term_string\"}}],\"inLanguage\":\"ca\"},{\"@type\":\"Person\",\"@id\":\"https:\/\/www.estorrent.net\/#\/schema\/person\/3347087d39c6f306963780c3f452bb0a\",\"name\":\"Xescu\",\"image\":{\"@type\":\"ImageObject\",\"inLanguage\":\"ca\",\"@id\":\"https:\/\/www.estorrent.net\/#\/schema\/person\/image\/\",\"url\":\"https:\/\/secure.gravatar.com\/avatar\/d569ee5739a9c7022470ea472c9b4b9cf476e15f1be71e5242c911d673d14ad9?s=96&d=mm&r=g\",\"contentUrl\":\"https:\/\/secure.gravatar.com\/avatar\/d569ee5739a9c7022470ea472c9b4b9cf476e15f1be71e5242c911d673d14ad9?s=96&d=mm&r=g\",\"caption\":\"Xescu\"},\"url\":\"https:\/\/www.estorrent.net\/ca\/author\/xescu\/\"}]}<\/script>\n<!-- \/ Yoast SEO plugin. -->","yoast_head_json":{"title":"Eivissa: la hist\u00f2ria que ens ha portat fins avui - Restaurante Es Torrent","description":"Per a comprendre Eivissa \u00e9s essencial con\u00e8ixer la seua hist\u00f2ria. Fenicis, p\u00fanics, romans, bizantins, v\u00e0ndals, \u00e0rabs i cristians l'han dominat al llarg","robots":{"index":"index","follow":"follow","max-snippet":"max-snippet:-1","max-image-preview":"max-image-preview:large","max-video-preview":"max-video-preview:-1"},"canonical":"https:\/\/www.estorrent.net\/2022\/08\/11\/ibiza-la-historia-que-nos-ha-traido-hasta-hoy\/","og_locale":"ca_ES","og_type":"article","og_title":"Eivissa: la hist\u00f2ria que ens ha portat fins avui - Restaurante Es Torrent","og_description":"Per a comprendre Eivissa \u00e9s essencial con\u00e8ixer la seua hist\u00f2ria. Fenicis, p\u00fanics, romans, bizantins, v\u00e0ndals, \u00e0rabs i cristians l'han dominat al llarg","og_url":"https:\/\/www.estorrent.net\/2022\/08\/11\/ibiza-la-historia-que-nos-ha-traido-hasta-hoy\/","og_site_name":"Restaurante Es Torrent","article_published_time":"2022-08-11T08:44:45+00:00","article_modified_time":"2022-08-11T08:46:50+00:00","og_image":[{"width":800,"height":525,"url":"https:\/\/www.estorrent.net\/wp-content\/uploads\/2022\/08\/murallas1.jpg","type":"image\/jpeg"}],"author":"Xescu","twitter_card":"summary_large_image","twitter_misc":{"Escrit per":"Xescu","Temps estimat de lectura":"3 minuts"},"schema":{"@context":"https:\/\/schema.org","@graph":[{"@type":"Article","@id":"https:\/\/www.estorrent.net\/2022\/08\/11\/ibiza-la-historia-que-nos-ha-traido-hasta-hoy\/#article","isPartOf":{"@id":"https:\/\/www.estorrent.net\/2022\/08\/11\/ibiza-la-historia-que-nos-ha-traido-hasta-hoy\/"},"author":{"name":"Xescu","@id":"https:\/\/www.estorrent.net\/#\/schema\/person\/3347087d39c6f306963780c3f452bb0a"},"headline":"Eivissa: la hist\u00f2ria que ens ha portat fins avui","datePublished":"2022-08-11T08:44:45+00:00","dateModified":"2022-08-11T08:46:50+00:00","mainEntityOfPage":{"@id":"https:\/\/www.estorrent.net\/2022\/08\/11\/ibiza-la-historia-que-nos-ha-traido-hasta-hoy\/"},"wordCount":562,"commentCount":0,"image":{"@id":"https:\/\/www.estorrent.net\/2022\/08\/11\/ibiza-la-historia-que-nos-ha-traido-hasta-hoy\/#primaryimage"},"thumbnailUrl":"https:\/\/www.estorrent.net\/wp-content\/uploads\/2022\/08\/murallas1.jpg","articleSection":["La isla"],"inLanguage":"ca","potentialAction":[{"@type":"CommentAction","name":"Comment","target":["https:\/\/www.estorrent.net\/2022\/08\/11\/ibiza-la-historia-que-nos-ha-traido-hasta-hoy\/#respond"]}]},{"@type":"WebPage","@id":"https:\/\/www.estorrent.net\/2022\/08\/11\/ibiza-la-historia-que-nos-ha-traido-hasta-hoy\/","url":"https:\/\/www.estorrent.net\/2022\/08\/11\/ibiza-la-historia-que-nos-ha-traido-hasta-hoy\/","name":"Eivissa: la hist\u00f2ria que ens ha portat fins avui - Restaurante Es Torrent","isPartOf":{"@id":"https:\/\/www.estorrent.net\/#website"},"primaryImageOfPage":{"@id":"https:\/\/www.estorrent.net\/2022\/08\/11\/ibiza-la-historia-que-nos-ha-traido-hasta-hoy\/#primaryimage"},"image":{"@id":"https:\/\/www.estorrent.net\/2022\/08\/11\/ibiza-la-historia-que-nos-ha-traido-hasta-hoy\/#primaryimage"},"thumbnailUrl":"https:\/\/www.estorrent.net\/wp-content\/uploads\/2022\/08\/murallas1.jpg","datePublished":"2022-08-11T08:44:45+00:00","dateModified":"2022-08-11T08:46:50+00:00","author":{"@id":"https:\/\/www.estorrent.net\/#\/schema\/person\/3347087d39c6f306963780c3f452bb0a"},"description":"Per a comprendre Eivissa \u00e9s essencial con\u00e8ixer la seua hist\u00f2ria. Fenicis, p\u00fanics, romans, bizantins, v\u00e0ndals, \u00e0rabs i cristians l'han dominat al llarg","breadcrumb":{"@id":"https:\/\/www.estorrent.net\/2022\/08\/11\/ibiza-la-historia-que-nos-ha-traido-hasta-hoy\/#breadcrumb"},"inLanguage":"ca","potentialAction":[{"@type":"ReadAction","target":["https:\/\/www.estorrent.net\/2022\/08\/11\/ibiza-la-historia-que-nos-ha-traido-hasta-hoy\/"]}]},{"@type":"ImageObject","inLanguage":"ca","@id":"https:\/\/www.estorrent.net\/2022\/08\/11\/ibiza-la-historia-que-nos-ha-traido-hasta-hoy\/#primaryimage","url":"https:\/\/www.estorrent.net\/wp-content\/uploads\/2022\/08\/murallas1.jpg","contentUrl":"https:\/\/www.estorrent.net\/wp-content\/uploads\/2022\/08\/murallas1.jpg","width":800,"height":525},{"@type":"BreadcrumbList","@id":"https:\/\/www.estorrent.net\/2022\/08\/11\/ibiza-la-historia-que-nos-ha-traido-hasta-hoy\/#breadcrumb","itemListElement":[{"@type":"ListItem","position":1,"name":"Portada","item":"https:\/\/www.estorrent.net\/"},{"@type":"ListItem","position":2,"name":"Eivissa: la hist\u00f2ria que ens ha portat fins avui"}]},{"@type":"WebSite","@id":"https:\/\/www.estorrent.net\/#website","url":"https:\/\/www.estorrent.net\/","name":"Restaurante Es Torrent","description":"","potentialAction":[{"@type":"SearchAction","target":{"@type":"EntryPoint","urlTemplate":"https:\/\/www.estorrent.net\/?s={search_term_string}"},"query-input":{"@type":"PropertyValueSpecification","valueRequired":true,"valueName":"search_term_string"}}],"inLanguage":"ca"},{"@type":"Person","@id":"https:\/\/www.estorrent.net\/#\/schema\/person\/3347087d39c6f306963780c3f452bb0a","name":"Xescu","image":{"@type":"ImageObject","inLanguage":"ca","@id":"https:\/\/www.estorrent.net\/#\/schema\/person\/image\/","url":"https:\/\/secure.gravatar.com\/avatar\/d569ee5739a9c7022470ea472c9b4b9cf476e15f1be71e5242c911d673d14ad9?s=96&d=mm&r=g","contentUrl":"https:\/\/secure.gravatar.com\/avatar\/d569ee5739a9c7022470ea472c9b4b9cf476e15f1be71e5242c911d673d14ad9?s=96&d=mm&r=g","caption":"Xescu"},"url":"https:\/\/www.estorrent.net\/ca\/author\/xescu\/"}]}},"_links":{"self":[{"href":"https:\/\/www.estorrent.net\/ca\/wp-json\/wp\/v2\/posts\/18992","targetHints":{"allow":["GET"]}}],"collection":[{"href":"https:\/\/www.estorrent.net\/ca\/wp-json\/wp\/v2\/posts"}],"about":[{"href":"https:\/\/www.estorrent.net\/ca\/wp-json\/wp\/v2\/types\/post"}],"author":[{"embeddable":true,"href":"https:\/\/www.estorrent.net\/ca\/wp-json\/wp\/v2\/users\/2"}],"replies":[{"embeddable":true,"href":"https:\/\/www.estorrent.net\/ca\/wp-json\/wp\/v2\/comments?post=18992"}],"version-history":[{"count":3,"href":"https:\/\/www.estorrent.net\/ca\/wp-json\/wp\/v2\/posts\/18992\/revisions"}],"predecessor-version":[{"id":18996,"href":"https:\/\/www.estorrent.net\/ca\/wp-json\/wp\/v2\/posts\/18992\/revisions\/18996"}],"wp:featuredmedia":[{"embeddable":true,"href":"https:\/\/www.estorrent.net\/ca\/wp-json\/wp\/v2\/media\/18983"}],"wp:attachment":[{"href":"https:\/\/www.estorrent.net\/ca\/wp-json\/wp\/v2\/media?parent=18992"}],"wp:term":[{"taxonomy":"category","embeddable":true,"href":"https:\/\/www.estorrent.net\/ca\/wp-json\/wp\/v2\/categories?post=18992"},{"taxonomy":"post_tag","embeddable":true,"href":"https:\/\/www.estorrent.net\/ca\/wp-json\/wp\/v2\/tags?post=18992"}],"curies":[{"name":"wp","href":"https:\/\/api.w.org\/{rel}","templated":true}]}}