{"id":18780,"date":"2022-02-21T14:12:10","date_gmt":"2022-02-21T13:12:10","guid":{"rendered":"https:\/\/www.estorrent.net\/2022\/02\/21\/ya-hay-fecha-de-inicio-de-la-temporada-2022-es-torrent-abrira-el-8-de-abril\/"},"modified":"2022-02-21T14:15:19","modified_gmt":"2022-02-21T13:15:19","slug":"ja-hi-ha-data-dinici-de-la-temporada-2022-es-torrent-obrira-el-8-dabril","status":"publish","type":"post","link":"https:\/\/www.estorrent.net\/ca\/2022\/02\/21\/ja-hi-ha-data-dinici-de-la-temporada-2022-es-torrent-obrira-el-8-dabril\/","title":{"rendered":"Ja hi ha data d&#8217;inici de la temporada 2022: Es Torrent obrir\u00e0 el 8 d&#8217;abril"},"content":{"rendered":"<p>Ja hi ha data oficial per a l\u2019obertura de Es Torrent per aquesta temporada de 2022! Ser\u00e0 d\u2019aqu\u00ed poc m\u00e9s de sis setmanes, el divendres 8 d\u2019abril, i ho farem amb la il\u00b7lusi\u00f3 d\u2019afrontar per fi un estiu el m\u00e9s semblant possible als anteriors a la pand\u00e8mia, oferint, com sempre, la nostra cuina marinera i una atmosfera tranquil\u00b7la i segura.<\/p>\n<p>De la mateixa forma que ja varem preparar les dos temporades pr\u00e8vies, en les quals ens organitzarem per a integrar tots els protocols sanitaris en el nostre dia a dia, continuarem atenent els nostres clients amb totes les garanties, adaptant al servei i organitzaci\u00f3 el que la normativa estableixi a cada moment.<\/p>\n<p>Les temporades de 2020 i 2021 van ser les m\u00e9s curtes en la hist\u00f2ria de Es Torrent. En 2020 varem comen\u00e7ar el 19 de juny, quan ten\u00edem previst fer-ho a primers d\u2019abril, i tancarem la temporada el 20 de setembre, un mes abans del que estaba previst. En 2021, varem comen\u00e7ar el 14 de maig i acabarem el 24 d\u2019octubre. Esperem que en aquest 2022 tot torni a rodar amb normalitat i els temps habituals.<\/p>\n<p>Aprofitem per a recordar que totes les reserves de fins a 10 persones es tramiten exclusivament per tel\u00e8fon, a trav\u00e9s del +34 971 802 160, i que, en els mesos forts de la temporada, resulta aconsellable cridar amb diversos dies d\u2019antelaci\u00f3. Per a consultes relacionades amb esdeveniments i reserves de grups de m\u00e9s de 10 persones en temporada alta (juliol, agost i setembre), es pot escriure al correu electr\u00f2nic d\u2019esdeveniments del nostre restaurant: grupos@estorrent.net.<\/p>\n<p>Com sempre, la nostra carta inclour\u00e0 els plats m\u00e9s emblem\u00e0tics que han sortit de la nostra de la cuina al llarg de tots aquests anys, com bullit de peix amb arr\u00f2s a banda, peixos al forn, llagosta amb ous frits, arrossos i fideu\u00e1s, entre altres. En tot cas, poden consultar-se a la nostra p\u00e0gina web, a l&#8217;apartat <a href=\"\/?page_id=16288\" target=\"_blank\" rel=\"noopener noreferrer\">El Fest\u00ed<\/a>.<\/p>\n<p>Els esperem!<\/p>\n","protected":false},"excerpt":{"rendered":"<p>Ja hi ha data oficial per a l\u2019obertura de Es Torrent per aquesta temporada de 2022! Ser\u00e0 d\u2019aqu\u00ed poc m\u00e9s de sis setmanes, el divendres 8 d\u2019abril, i ho farem amb la il\u00b7lusi\u00f3 d\u2019afrontar per fi un estiu el m\u00e9s semblant possible als anteriors a la pand\u00e8mia, oferint, com sempre, la nostra cuina marinera i una atmosfera tranquil\u00b7la i segura&#8230;.<\/p>\n","protected":false},"author":2,"featured_media":18777,"comment_status":"open","ping_status":"open","sticky":false,"template":"","format":"standard","meta":{"footnotes":""},"categories":[103],"tags":[],"class_list":["post-18780","post","type-post","status-publish","format-standard","has-post-thumbnail","hentry","category-gastronomia-ca"],"yoast_head":"<!-- This site is optimized with the Yoast SEO plugin v26.7 - https:\/\/yoast.com\/wordpress\/plugins\/seo\/ -->\n<title>Ja hi ha data d&#039;inici de la temporada 2022: Es Torrent obrir\u00e0 el 8 d&#039;abril - Restaurante Es Torrent<\/title>\n<meta name=\"description\" content=\"Ja hi ha data oficial per a l\u2019obertura de Es Torrent per aquesta temporada de 2022! Ser\u00e0 d\u2019aqu\u00ed poc m\u00e9s de sis setmanes, el divendres 8 d\u2019abril, i ho\" \/>\n<meta name=\"robots\" content=\"index, follow, max-snippet:-1, max-image-preview:large, max-video-preview:-1\" \/>\n<link rel=\"canonical\" href=\"https:\/\/www.estorrent.net\/2022\/02\/21\/ya-hay-fecha-de-inicio-de-la-temporada-2022-es-torrent-abrira-el-8-de-abril\/\" \/>\n<meta property=\"og:locale\" content=\"ca_ES\" \/>\n<meta property=\"og:type\" content=\"article\" \/>\n<meta property=\"og:title\" content=\"Ja hi ha data d&#039;inici de la temporada 2022: Es Torrent obrir\u00e0 el 8 d&#039;abril - Restaurante Es Torrent\" \/>\n<meta property=\"og:description\" content=\"Ja hi ha data oficial per a l\u2019obertura de Es Torrent per aquesta temporada de 2022! Ser\u00e0 d\u2019aqu\u00ed poc m\u00e9s de sis setmanes, el divendres 8 d\u2019abril, i ho\" \/>\n<meta property=\"og:url\" content=\"https:\/\/www.estorrent.net\/2022\/02\/21\/ya-hay-fecha-de-inicio-de-la-temporada-2022-es-torrent-abrira-el-8-de-abril\/\" \/>\n<meta property=\"og:site_name\" content=\"Restaurante Es Torrent\" \/>\n<meta property=\"article:published_time\" content=\"2022-02-21T13:12:10+00:00\" \/>\n<meta property=\"article:modified_time\" content=\"2022-02-21T13:15:19+00:00\" \/>\n<meta property=\"og:image\" content=\"https:\/\/www.estorrent.net\/wp-content\/uploads\/2022\/02\/P1600410.jpg\" \/>\n\t<meta property=\"og:image:width\" content=\"900\" \/>\n\t<meta property=\"og:image:height\" content=\"601\" \/>\n\t<meta property=\"og:image:type\" content=\"image\/jpeg\" \/>\n<meta name=\"author\" content=\"Xescu\" \/>\n<meta name=\"twitter:card\" content=\"summary_large_image\" \/>\n<meta name=\"twitter:label1\" content=\"Escrit per\" \/>\n\t<meta name=\"twitter:data1\" content=\"Xescu\" \/>\n\t<meta name=\"twitter:label2\" content=\"Temps estimat de lectura\" \/>\n\t<meta name=\"twitter:data2\" content=\"2 minuts\" \/>\n<script type=\"application\/ld+json\" class=\"yoast-schema-graph\">{\"@context\":\"https:\/\/schema.org\",\"@graph\":[{\"@type\":\"Article\",\"@id\":\"https:\/\/www.estorrent.net\/2022\/02\/21\/ya-hay-fecha-de-inicio-de-la-temporada-2022-es-torrent-abrira-el-8-de-abril\/#article\",\"isPartOf\":{\"@id\":\"https:\/\/www.estorrent.net\/2022\/02\/21\/ya-hay-fecha-de-inicio-de-la-temporada-2022-es-torrent-abrira-el-8-de-abril\/\"},\"author\":{\"name\":\"Xescu\",\"@id\":\"https:\/\/www.estorrent.net\/#\/schema\/person\/3347087d39c6f306963780c3f452bb0a\"},\"headline\":\"Ja hi ha data d&#8217;inici de la temporada 2022: Es Torrent obrir\u00e0 el 8 d&#8217;abril\",\"datePublished\":\"2022-02-21T13:12:10+00:00\",\"dateModified\":\"2022-02-21T13:15:19+00:00\",\"mainEntityOfPage\":{\"@id\":\"https:\/\/www.estorrent.net\/2022\/02\/21\/ya-hay-fecha-de-inicio-de-la-temporada-2022-es-torrent-abrira-el-8-de-abril\/\"},\"wordCount\":351,\"commentCount\":0,\"image\":{\"@id\":\"https:\/\/www.estorrent.net\/2022\/02\/21\/ya-hay-fecha-de-inicio-de-la-temporada-2022-es-torrent-abrira-el-8-de-abril\/#primaryimage\"},\"thumbnailUrl\":\"https:\/\/www.estorrent.net\/wp-content\/uploads\/2022\/02\/P1600410.jpg\",\"articleSection\":[\"Gastronom\u00eda\"],\"inLanguage\":\"ca\",\"potentialAction\":[{\"@type\":\"CommentAction\",\"name\":\"Comment\",\"target\":[\"https:\/\/www.estorrent.net\/2022\/02\/21\/ya-hay-fecha-de-inicio-de-la-temporada-2022-es-torrent-abrira-el-8-de-abril\/#respond\"]}]},{\"@type\":\"WebPage\",\"@id\":\"https:\/\/www.estorrent.net\/2022\/02\/21\/ya-hay-fecha-de-inicio-de-la-temporada-2022-es-torrent-abrira-el-8-de-abril\/\",\"url\":\"https:\/\/www.estorrent.net\/2022\/02\/21\/ya-hay-fecha-de-inicio-de-la-temporada-2022-es-torrent-abrira-el-8-de-abril\/\",\"name\":\"Ja hi ha data d'inici de la temporada 2022: Es Torrent obrir\u00e0 el 8 d'abril - Restaurante Es Torrent\",\"isPartOf\":{\"@id\":\"https:\/\/www.estorrent.net\/#website\"},\"primaryImageOfPage\":{\"@id\":\"https:\/\/www.estorrent.net\/2022\/02\/21\/ya-hay-fecha-de-inicio-de-la-temporada-2022-es-torrent-abrira-el-8-de-abril\/#primaryimage\"},\"image\":{\"@id\":\"https:\/\/www.estorrent.net\/2022\/02\/21\/ya-hay-fecha-de-inicio-de-la-temporada-2022-es-torrent-abrira-el-8-de-abril\/#primaryimage\"},\"thumbnailUrl\":\"https:\/\/www.estorrent.net\/wp-content\/uploads\/2022\/02\/P1600410.jpg\",\"datePublished\":\"2022-02-21T13:12:10+00:00\",\"dateModified\":\"2022-02-21T13:15:19+00:00\",\"author\":{\"@id\":\"https:\/\/www.estorrent.net\/#\/schema\/person\/3347087d39c6f306963780c3f452bb0a\"},\"description\":\"Ja hi ha data oficial per a l\u2019obertura de Es Torrent per aquesta temporada de 2022! Ser\u00e0 d\u2019aqu\u00ed poc m\u00e9s de sis setmanes, el divendres 8 d\u2019abril, i ho\",\"breadcrumb\":{\"@id\":\"https:\/\/www.estorrent.net\/2022\/02\/21\/ya-hay-fecha-de-inicio-de-la-temporada-2022-es-torrent-abrira-el-8-de-abril\/#breadcrumb\"},\"inLanguage\":\"ca\",\"potentialAction\":[{\"@type\":\"ReadAction\",\"target\":[\"https:\/\/www.estorrent.net\/2022\/02\/21\/ya-hay-fecha-de-inicio-de-la-temporada-2022-es-torrent-abrira-el-8-de-abril\/\"]}]},{\"@type\":\"ImageObject\",\"inLanguage\":\"ca\",\"@id\":\"https:\/\/www.estorrent.net\/2022\/02\/21\/ya-hay-fecha-de-inicio-de-la-temporada-2022-es-torrent-abrira-el-8-de-abril\/#primaryimage\",\"url\":\"https:\/\/www.estorrent.net\/wp-content\/uploads\/2022\/02\/P1600410.jpg\",\"contentUrl\":\"https:\/\/www.estorrent.net\/wp-content\/uploads\/2022\/02\/P1600410.jpg\",\"width\":900,\"height\":601},{\"@type\":\"BreadcrumbList\",\"@id\":\"https:\/\/www.estorrent.net\/2022\/02\/21\/ya-hay-fecha-de-inicio-de-la-temporada-2022-es-torrent-abrira-el-8-de-abril\/#breadcrumb\",\"itemListElement\":[{\"@type\":\"ListItem\",\"position\":1,\"name\":\"Portada\",\"item\":\"https:\/\/www.estorrent.net\/\"},{\"@type\":\"ListItem\",\"position\":2,\"name\":\"Ja hi ha data d&#8217;inici de la temporada 2022: Es Torrent obrir\u00e0 el 8 d&#8217;abril\"}]},{\"@type\":\"WebSite\",\"@id\":\"https:\/\/www.estorrent.net\/#website\",\"url\":\"https:\/\/www.estorrent.net\/\",\"name\":\"Restaurante Es Torrent\",\"description\":\"\",\"potentialAction\":[{\"@type\":\"SearchAction\",\"target\":{\"@type\":\"EntryPoint\",\"urlTemplate\":\"https:\/\/www.estorrent.net\/?s={search_term_string}\"},\"query-input\":{\"@type\":\"PropertyValueSpecification\",\"valueRequired\":true,\"valueName\":\"search_term_string\"}}],\"inLanguage\":\"ca\"},{\"@type\":\"Person\",\"@id\":\"https:\/\/www.estorrent.net\/#\/schema\/person\/3347087d39c6f306963780c3f452bb0a\",\"name\":\"Xescu\",\"image\":{\"@type\":\"ImageObject\",\"inLanguage\":\"ca\",\"@id\":\"https:\/\/www.estorrent.net\/#\/schema\/person\/image\/\",\"url\":\"https:\/\/secure.gravatar.com\/avatar\/d569ee5739a9c7022470ea472c9b4b9cf476e15f1be71e5242c911d673d14ad9?s=96&d=mm&r=g\",\"contentUrl\":\"https:\/\/secure.gravatar.com\/avatar\/d569ee5739a9c7022470ea472c9b4b9cf476e15f1be71e5242c911d673d14ad9?s=96&d=mm&r=g\",\"caption\":\"Xescu\"},\"url\":\"https:\/\/www.estorrent.net\/ca\/author\/xescu\/\"}]}<\/script>\n<!-- \/ Yoast SEO plugin. -->","yoast_head_json":{"title":"Ja hi ha data d'inici de la temporada 2022: Es Torrent obrir\u00e0 el 8 d'abril - Restaurante Es Torrent","description":"Ja hi ha data oficial per a l\u2019obertura de Es Torrent per aquesta temporada de 2022! Ser\u00e0 d\u2019aqu\u00ed poc m\u00e9s de sis setmanes, el divendres 8 d\u2019abril, i ho","robots":{"index":"index","follow":"follow","max-snippet":"max-snippet:-1","max-image-preview":"max-image-preview:large","max-video-preview":"max-video-preview:-1"},"canonical":"https:\/\/www.estorrent.net\/2022\/02\/21\/ya-hay-fecha-de-inicio-de-la-temporada-2022-es-torrent-abrira-el-8-de-abril\/","og_locale":"ca_ES","og_type":"article","og_title":"Ja hi ha data d'inici de la temporada 2022: Es Torrent obrir\u00e0 el 8 d'abril - Restaurante Es Torrent","og_description":"Ja hi ha data oficial per a l\u2019obertura de Es Torrent per aquesta temporada de 2022! Ser\u00e0 d\u2019aqu\u00ed poc m\u00e9s de sis setmanes, el divendres 8 d\u2019abril, i ho","og_url":"https:\/\/www.estorrent.net\/2022\/02\/21\/ya-hay-fecha-de-inicio-de-la-temporada-2022-es-torrent-abrira-el-8-de-abril\/","og_site_name":"Restaurante Es Torrent","article_published_time":"2022-02-21T13:12:10+00:00","article_modified_time":"2022-02-21T13:15:19+00:00","og_image":[{"width":900,"height":601,"url":"https:\/\/www.estorrent.net\/wp-content\/uploads\/2022\/02\/P1600410.jpg","type":"image\/jpeg"}],"author":"Xescu","twitter_card":"summary_large_image","twitter_misc":{"Escrit per":"Xescu","Temps estimat de lectura":"2 minuts"},"schema":{"@context":"https:\/\/schema.org","@graph":[{"@type":"Article","@id":"https:\/\/www.estorrent.net\/2022\/02\/21\/ya-hay-fecha-de-inicio-de-la-temporada-2022-es-torrent-abrira-el-8-de-abril\/#article","isPartOf":{"@id":"https:\/\/www.estorrent.net\/2022\/02\/21\/ya-hay-fecha-de-inicio-de-la-temporada-2022-es-torrent-abrira-el-8-de-abril\/"},"author":{"name":"Xescu","@id":"https:\/\/www.estorrent.net\/#\/schema\/person\/3347087d39c6f306963780c3f452bb0a"},"headline":"Ja hi ha data d&#8217;inici de la temporada 2022: Es Torrent obrir\u00e0 el 8 d&#8217;abril","datePublished":"2022-02-21T13:12:10+00:00","dateModified":"2022-02-21T13:15:19+00:00","mainEntityOfPage":{"@id":"https:\/\/www.estorrent.net\/2022\/02\/21\/ya-hay-fecha-de-inicio-de-la-temporada-2022-es-torrent-abrira-el-8-de-abril\/"},"wordCount":351,"commentCount":0,"image":{"@id":"https:\/\/www.estorrent.net\/2022\/02\/21\/ya-hay-fecha-de-inicio-de-la-temporada-2022-es-torrent-abrira-el-8-de-abril\/#primaryimage"},"thumbnailUrl":"https:\/\/www.estorrent.net\/wp-content\/uploads\/2022\/02\/P1600410.jpg","articleSection":["Gastronom\u00eda"],"inLanguage":"ca","potentialAction":[{"@type":"CommentAction","name":"Comment","target":["https:\/\/www.estorrent.net\/2022\/02\/21\/ya-hay-fecha-de-inicio-de-la-temporada-2022-es-torrent-abrira-el-8-de-abril\/#respond"]}]},{"@type":"WebPage","@id":"https:\/\/www.estorrent.net\/2022\/02\/21\/ya-hay-fecha-de-inicio-de-la-temporada-2022-es-torrent-abrira-el-8-de-abril\/","url":"https:\/\/www.estorrent.net\/2022\/02\/21\/ya-hay-fecha-de-inicio-de-la-temporada-2022-es-torrent-abrira-el-8-de-abril\/","name":"Ja hi ha data d'inici de la temporada 2022: Es Torrent obrir\u00e0 el 8 d'abril - Restaurante Es Torrent","isPartOf":{"@id":"https:\/\/www.estorrent.net\/#website"},"primaryImageOfPage":{"@id":"https:\/\/www.estorrent.net\/2022\/02\/21\/ya-hay-fecha-de-inicio-de-la-temporada-2022-es-torrent-abrira-el-8-de-abril\/#primaryimage"},"image":{"@id":"https:\/\/www.estorrent.net\/2022\/02\/21\/ya-hay-fecha-de-inicio-de-la-temporada-2022-es-torrent-abrira-el-8-de-abril\/#primaryimage"},"thumbnailUrl":"https:\/\/www.estorrent.net\/wp-content\/uploads\/2022\/02\/P1600410.jpg","datePublished":"2022-02-21T13:12:10+00:00","dateModified":"2022-02-21T13:15:19+00:00","author":{"@id":"https:\/\/www.estorrent.net\/#\/schema\/person\/3347087d39c6f306963780c3f452bb0a"},"description":"Ja hi ha data oficial per a l\u2019obertura de Es Torrent per aquesta temporada de 2022! Ser\u00e0 d\u2019aqu\u00ed poc m\u00e9s de sis setmanes, el divendres 8 d\u2019abril, i ho","breadcrumb":{"@id":"https:\/\/www.estorrent.net\/2022\/02\/21\/ya-hay-fecha-de-inicio-de-la-temporada-2022-es-torrent-abrira-el-8-de-abril\/#breadcrumb"},"inLanguage":"ca","potentialAction":[{"@type":"ReadAction","target":["https:\/\/www.estorrent.net\/2022\/02\/21\/ya-hay-fecha-de-inicio-de-la-temporada-2022-es-torrent-abrira-el-8-de-abril\/"]}]},{"@type":"ImageObject","inLanguage":"ca","@id":"https:\/\/www.estorrent.net\/2022\/02\/21\/ya-hay-fecha-de-inicio-de-la-temporada-2022-es-torrent-abrira-el-8-de-abril\/#primaryimage","url":"https:\/\/www.estorrent.net\/wp-content\/uploads\/2022\/02\/P1600410.jpg","contentUrl":"https:\/\/www.estorrent.net\/wp-content\/uploads\/2022\/02\/P1600410.jpg","width":900,"height":601},{"@type":"BreadcrumbList","@id":"https:\/\/www.estorrent.net\/2022\/02\/21\/ya-hay-fecha-de-inicio-de-la-temporada-2022-es-torrent-abrira-el-8-de-abril\/#breadcrumb","itemListElement":[{"@type":"ListItem","position":1,"name":"Portada","item":"https:\/\/www.estorrent.net\/"},{"@type":"ListItem","position":2,"name":"Ja hi ha data d&#8217;inici de la temporada 2022: Es Torrent obrir\u00e0 el 8 d&#8217;abril"}]},{"@type":"WebSite","@id":"https:\/\/www.estorrent.net\/#website","url":"https:\/\/www.estorrent.net\/","name":"Restaurante Es Torrent","description":"","potentialAction":[{"@type":"SearchAction","target":{"@type":"EntryPoint","urlTemplate":"https:\/\/www.estorrent.net\/?s={search_term_string}"},"query-input":{"@type":"PropertyValueSpecification","valueRequired":true,"valueName":"search_term_string"}}],"inLanguage":"ca"},{"@type":"Person","@id":"https:\/\/www.estorrent.net\/#\/schema\/person\/3347087d39c6f306963780c3f452bb0a","name":"Xescu","image":{"@type":"ImageObject","inLanguage":"ca","@id":"https:\/\/www.estorrent.net\/#\/schema\/person\/image\/","url":"https:\/\/secure.gravatar.com\/avatar\/d569ee5739a9c7022470ea472c9b4b9cf476e15f1be71e5242c911d673d14ad9?s=96&d=mm&r=g","contentUrl":"https:\/\/secure.gravatar.com\/avatar\/d569ee5739a9c7022470ea472c9b4b9cf476e15f1be71e5242c911d673d14ad9?s=96&d=mm&r=g","caption":"Xescu"},"url":"https:\/\/www.estorrent.net\/ca\/author\/xescu\/"}]}},"_links":{"self":[{"href":"https:\/\/www.estorrent.net\/ca\/wp-json\/wp\/v2\/posts\/18780","targetHints":{"allow":["GET"]}}],"collection":[{"href":"https:\/\/www.estorrent.net\/ca\/wp-json\/wp\/v2\/posts"}],"about":[{"href":"https:\/\/www.estorrent.net\/ca\/wp-json\/wp\/v2\/types\/post"}],"author":[{"embeddable":true,"href":"https:\/\/www.estorrent.net\/ca\/wp-json\/wp\/v2\/users\/2"}],"replies":[{"embeddable":true,"href":"https:\/\/www.estorrent.net\/ca\/wp-json\/wp\/v2\/comments?post=18780"}],"version-history":[{"count":3,"href":"https:\/\/www.estorrent.net\/ca\/wp-json\/wp\/v2\/posts\/18780\/revisions"}],"predecessor-version":[{"id":18784,"href":"https:\/\/www.estorrent.net\/ca\/wp-json\/wp\/v2\/posts\/18780\/revisions\/18784"}],"wp:featuredmedia":[{"embeddable":true,"href":"https:\/\/www.estorrent.net\/ca\/wp-json\/wp\/v2\/media\/18777"}],"wp:attachment":[{"href":"https:\/\/www.estorrent.net\/ca\/wp-json\/wp\/v2\/media?parent=18780"}],"wp:term":[{"taxonomy":"category","embeddable":true,"href":"https:\/\/www.estorrent.net\/ca\/wp-json\/wp\/v2\/categories?post=18780"},{"taxonomy":"post_tag","embeddable":true,"href":"https:\/\/www.estorrent.net\/ca\/wp-json\/wp\/v2\/tags?post=18780"}],"curies":[{"name":"wp","href":"https:\/\/api.w.org\/{rel}","templated":true}]}}