{"id":18761,"date":"2022-01-26T12:37:57","date_gmt":"2022-01-26T11:37:57","guid":{"rendered":"https:\/\/www.estorrent.net\/2022\/01\/26\/es-vedra-es-vedranell-y-los-illots-de-ponent-una-gran-reserva-marina\/"},"modified":"2022-01-26T13:36:40","modified_gmt":"2022-01-26T12:36:40","slug":"es-vedra-es-vedranell-i-els-illots-de-ponent-una-gran-reserva-marina","status":"publish","type":"post","link":"https:\/\/www.estorrent.net\/ca\/2022\/01\/26\/es-vedra-es-vedranell-i-els-illots-de-ponent-una-gran-reserva-marina\/","title":{"rendered":"Es Vedr\u00e0, es Vedranell i els Illots de Ponent, una gran reserva marina"},"content":{"rendered":"<p>Molts dels illots que envolten la costa del municipi de Sant Josep, on tamb\u00e9 se situa el nostre restaurant, es troben integrats en les denominades Reserves Naturals des Vedr\u00e0, es Vedranell i els Illots de Ponent, que es divideixen en dues zones. D&#8217;una banda, els illots es Vedr\u00e0 i es Vedranell, enfront de la costa de Cala d\u2019Hort, i per un altre els Illots de Ponent, davant de Cala Tarida i Platges de Comte. S\u00f3n aquests: sa Conillera, s\u2019Illa des Bosc, s\u2019Espartar i ses Bledes.<\/p>\n<p>La reserva natural va ser aprovada l&#8217;any 2002, amb la intenci\u00f3 de mantenir i recuperar els endemismes i paisatge caracter\u00edstic d&#8217;aquests illots, la conservaci\u00f3 dels quals \u00e9s supervisada per la Conselleria de Medi Ambient del Govern balear. La superf\u00edcie total protegida \u00e9s de gaireb\u00e9 798 hect\u00e0rees, de les quals 565 s\u00f3n marines i 233 terrestres.<\/p>\n<p>Es Vedr\u00e0 i es Vedranell s\u00f3n els illots m\u00e9s pr\u00f2xims al nostre restaurant i, sens dubte, els m\u00e9s singulars per la impressionant altura del primer, que t\u00e9 382 metres, no gaire lluny de sa Talaia de Sant Josep que, amb 475 metres, \u00e9s la muntanya m\u00e9s elevada d&#8217;Eivissa. Aix\u00f2 significa que es Vedr\u00e0 \u00e9s m\u00e9s alt que la major part de muntanyes de l&#8217;illa. T\u00e9 una superf\u00edcie de 60 hect\u00e0rees, mentre que es Vedranell abasta tan sols 17, amb una altura m\u00e0xima de 104 metres. Tots dos illots acullen m\u00e9s de 160 esp\u00e8cies de plantes i una rica fauna.<\/p>\n<p><a href=\"https:\/\/www.estorrent.net\/wp-content\/uploads\/2022\/01\/DSC_2257.jpg\" rel=\"lightbox[18761]\"><img loading=\"lazy\" decoding=\"async\" class=\"alignnone size-full wp-image-18751\" src=\"https:\/\/www.estorrent.net\/wp-content\/uploads\/2022\/01\/DSC_2257.jpg\" alt=\"\" width=\"2000\" height=\"1339\" srcset=\"https:\/\/www.estorrent.net\/wp-content\/uploads\/2022\/01\/DSC_2257.jpg 2000w, https:\/\/www.estorrent.net\/wp-content\/uploads\/2022\/01\/DSC_2257-300x201.jpg 300w, https:\/\/www.estorrent.net\/wp-content\/uploads\/2022\/01\/DSC_2257-768x514.jpg 768w, https:\/\/www.estorrent.net\/wp-content\/uploads\/2022\/01\/DSC_2257-1024x686.jpg 1024w, https:\/\/www.estorrent.net\/wp-content\/uploads\/2022\/01\/DSC_2257-700x469.jpg 700w\" sizes=\"auto, (max-width: 2000px) 100vw, 2000px\" \/><\/a><\/p>\n<p>L&#8217;illot m\u00e9s extens de les reserves, no obstant aix\u00f2, \u00e9s sa Conillera, amb una superf\u00edcie de 100 hect\u00e0rees, que en tot l&#8217;arxip\u00e8lag piti\u00fas \u00fanicament supera s\u2019Espalmador, cam\u00ed de Formentera. Destaca pel seu far, inaugurat en 1857, que va romandre habitat fins que es va automatitzar, en 1971.<\/p>\n<p>Al seu costat, m\u00e9s prop de la costa de Comte, es trobas\u2019Illa des Bosc, molt m\u00e9s petita, de tan sols 16 hect\u00e0rees. El seu top\u00f2nim contrasta amb la seva superf\u00edcie pelada. Antigament albergava un bosc de savines, que va ser talat fa molts anys per a aprofitar la fusta.<\/p>\n<p>S\u2019Espartar encara \u00e9s el lloc on acudeixen els artesans per a recol\u00b7lectar aquest vegetal a l&#8217;estiu, amb el qual confeccionen cistelles i altres \u00fatils tradicionals del camp eivissenc. En ella habiten tamb\u00e9 unes sargantanes amb un impressionant to blav\u00f3s.<\/p>\n<p><a href=\"https:\/\/www.estorrent.net\/wp-content\/uploads\/2022\/01\/DSC_5988.jpg\" rel=\"lightbox[18761]\"><img loading=\"lazy\" decoding=\"async\" class=\"alignnone size-full wp-image-18754\" src=\"https:\/\/www.estorrent.net\/wp-content\/uploads\/2022\/01\/DSC_5988.jpg\" alt=\"\" width=\"2000\" height=\"1339\" srcset=\"https:\/\/www.estorrent.net\/wp-content\/uploads\/2022\/01\/DSC_5988.jpg 2000w, https:\/\/www.estorrent.net\/wp-content\/uploads\/2022\/01\/DSC_5988-300x201.jpg 300w, https:\/\/www.estorrent.net\/wp-content\/uploads\/2022\/01\/DSC_5988-768x514.jpg 768w, https:\/\/www.estorrent.net\/wp-content\/uploads\/2022\/01\/DSC_5988-1024x686.jpg 1024w, https:\/\/www.estorrent.net\/wp-content\/uploads\/2022\/01\/DSC_5988-700x469.jpg 700w\" sizes=\"auto, (max-width: 2000px) 100vw, 2000px\" \/><\/a><\/p>\n<p>El conjunt de ses Bledes \u00e9s el m\u00e9s allunyat de la costa. El formen petits illots com na Gorra, es Vaixell, na Bosc, es Esculls d\u2019en Ramon, na Plana, s\u2019Escull Vermell i s\u2019Escull de Tramuntana. El seu nom est\u00e0 relacionat amb les plantes que cobreixen els illots, molt similars a les bledes, encara que aquestes no s\u00f3n comestibles.<\/p>\n<p>Tots els illots estan declarats a m\u00e9s com a Lloc d&#8217;Inter\u00e8s Comunitari (LIC), Zona Especial de Protecci\u00f3 dels Ocells (ZEPA) i \u00c0rea Natural d&#8217;Especial Inter\u00e8s (ANEI) i est\u00e0 prohibit desembarcar en ells.<\/p>\n","protected":false},"excerpt":{"rendered":"<p>Molts dels illots que envolten la costa del municipi de Sant Josep, on tamb\u00e9 se situa el nostre restaurant, es troben integrats en les denominades Reserves Naturals des Vedr\u00e0, es Vedranell i els Illots de Ponent, que es divideixen en dues zones. D&#8217;una banda, els illots es Vedr\u00e0 i es Vedranell, enfront de la costa de Cala d\u2019Hort, i per&#8230;<\/p>\n","protected":false},"author":2,"featured_media":18758,"comment_status":"open","ping_status":"open","sticky":false,"template":"","format":"standard","meta":{"footnotes":""},"categories":[106],"tags":[],"class_list":["post-18761","post","type-post","status-publish","format-standard","has-post-thumbnail","hentry","category-la-isla-ca"],"yoast_head":"<!-- This site is optimized with the Yoast SEO plugin v26.7 - https:\/\/yoast.com\/wordpress\/plugins\/seo\/ -->\n<title>Es Vedr\u00e0, es Vedranell i els Illots de Ponent, una gran reserva marina - Restaurante Es Torrent<\/title>\n<meta name=\"description\" content=\"Molts dels illots que envolten la costa del municipi de Sant Josep, on tamb\u00e9 se situa el nostre restaurant, es troben integrats en les denominades\" \/>\n<meta name=\"robots\" content=\"index, follow, max-snippet:-1, max-image-preview:large, max-video-preview:-1\" \/>\n<link rel=\"canonical\" href=\"https:\/\/www.estorrent.net\/2022\/01\/26\/es-vedra-es-vedranell-y-los-illots-de-ponent-una-gran-reserva-marina\/\" \/>\n<meta property=\"og:locale\" content=\"ca_ES\" \/>\n<meta property=\"og:type\" content=\"article\" \/>\n<meta property=\"og:title\" content=\"Es Vedr\u00e0, es Vedranell i els Illots de Ponent, una gran reserva marina - Restaurante Es Torrent\" \/>\n<meta property=\"og:description\" content=\"Molts dels illots que envolten la costa del municipi de Sant Josep, on tamb\u00e9 se situa el nostre restaurant, es troben integrats en les denominades\" \/>\n<meta property=\"og:url\" content=\"https:\/\/www.estorrent.net\/2022\/01\/26\/es-vedra-es-vedranell-y-los-illots-de-ponent-una-gran-reserva-marina\/\" \/>\n<meta property=\"og:site_name\" content=\"Restaurante Es Torrent\" \/>\n<meta property=\"article:published_time\" content=\"2022-01-26T11:37:57+00:00\" \/>\n<meta property=\"article:modified_time\" content=\"2022-01-26T12:36:40+00:00\" \/>\n<meta property=\"og:image\" content=\"https:\/\/www.estorrent.net\/wp-content\/uploads\/2022\/01\/IMG_4976.jpg\" \/>\n\t<meta property=\"og:image:width\" content=\"2000\" \/>\n\t<meta property=\"og:image:height\" content=\"1125\" \/>\n\t<meta property=\"og:image:type\" content=\"image\/jpeg\" \/>\n<meta name=\"author\" content=\"Xescu\" \/>\n<meta name=\"twitter:card\" content=\"summary_large_image\" \/>\n<meta name=\"twitter:label1\" content=\"Escrit per\" \/>\n\t<meta name=\"twitter:data1\" content=\"Xescu\" \/>\n\t<meta name=\"twitter:label2\" content=\"Temps estimat de lectura\" \/>\n\t<meta name=\"twitter:data2\" content=\"2 minuts\" \/>\n<script type=\"application\/ld+json\" class=\"yoast-schema-graph\">{\"@context\":\"https:\/\/schema.org\",\"@graph\":[{\"@type\":\"Article\",\"@id\":\"https:\/\/www.estorrent.net\/2022\/01\/26\/es-vedra-es-vedranell-y-los-illots-de-ponent-una-gran-reserva-marina\/#article\",\"isPartOf\":{\"@id\":\"https:\/\/www.estorrent.net\/2022\/01\/26\/es-vedra-es-vedranell-y-los-illots-de-ponent-una-gran-reserva-marina\/\"},\"author\":{\"name\":\"Xescu\",\"@id\":\"https:\/\/www.estorrent.net\/#\/schema\/person\/3347087d39c6f306963780c3f452bb0a\"},\"headline\":\"Es Vedr\u00e0, es Vedranell i els Illots de Ponent, una gran reserva marina\",\"datePublished\":\"2022-01-26T11:37:57+00:00\",\"dateModified\":\"2022-01-26T12:36:40+00:00\",\"mainEntityOfPage\":{\"@id\":\"https:\/\/www.estorrent.net\/2022\/01\/26\/es-vedra-es-vedranell-y-los-illots-de-ponent-una-gran-reserva-marina\/\"},\"wordCount\":515,\"commentCount\":0,\"image\":{\"@id\":\"https:\/\/www.estorrent.net\/2022\/01\/26\/es-vedra-es-vedranell-y-los-illots-de-ponent-una-gran-reserva-marina\/#primaryimage\"},\"thumbnailUrl\":\"https:\/\/www.estorrent.net\/wp-content\/uploads\/2022\/01\/IMG_4976.jpg\",\"articleSection\":[\"La isla\"],\"inLanguage\":\"ca\",\"potentialAction\":[{\"@type\":\"CommentAction\",\"name\":\"Comment\",\"target\":[\"https:\/\/www.estorrent.net\/2022\/01\/26\/es-vedra-es-vedranell-y-los-illots-de-ponent-una-gran-reserva-marina\/#respond\"]}]},{\"@type\":\"WebPage\",\"@id\":\"https:\/\/www.estorrent.net\/2022\/01\/26\/es-vedra-es-vedranell-y-los-illots-de-ponent-una-gran-reserva-marina\/\",\"url\":\"https:\/\/www.estorrent.net\/2022\/01\/26\/es-vedra-es-vedranell-y-los-illots-de-ponent-una-gran-reserva-marina\/\",\"name\":\"Es Vedr\u00e0, es Vedranell i els Illots de Ponent, una gran reserva marina - Restaurante Es Torrent\",\"isPartOf\":{\"@id\":\"https:\/\/www.estorrent.net\/#website\"},\"primaryImageOfPage\":{\"@id\":\"https:\/\/www.estorrent.net\/2022\/01\/26\/es-vedra-es-vedranell-y-los-illots-de-ponent-una-gran-reserva-marina\/#primaryimage\"},\"image\":{\"@id\":\"https:\/\/www.estorrent.net\/2022\/01\/26\/es-vedra-es-vedranell-y-los-illots-de-ponent-una-gran-reserva-marina\/#primaryimage\"},\"thumbnailUrl\":\"https:\/\/www.estorrent.net\/wp-content\/uploads\/2022\/01\/IMG_4976.jpg\",\"datePublished\":\"2022-01-26T11:37:57+00:00\",\"dateModified\":\"2022-01-26T12:36:40+00:00\",\"author\":{\"@id\":\"https:\/\/www.estorrent.net\/#\/schema\/person\/3347087d39c6f306963780c3f452bb0a\"},\"description\":\"Molts dels illots que envolten la costa del municipi de Sant Josep, on tamb\u00e9 se situa el nostre restaurant, es troben integrats en les denominades\",\"breadcrumb\":{\"@id\":\"https:\/\/www.estorrent.net\/2022\/01\/26\/es-vedra-es-vedranell-y-los-illots-de-ponent-una-gran-reserva-marina\/#breadcrumb\"},\"inLanguage\":\"ca\",\"potentialAction\":[{\"@type\":\"ReadAction\",\"target\":[\"https:\/\/www.estorrent.net\/2022\/01\/26\/es-vedra-es-vedranell-y-los-illots-de-ponent-una-gran-reserva-marina\/\"]}]},{\"@type\":\"ImageObject\",\"inLanguage\":\"ca\",\"@id\":\"https:\/\/www.estorrent.net\/2022\/01\/26\/es-vedra-es-vedranell-y-los-illots-de-ponent-una-gran-reserva-marina\/#primaryimage\",\"url\":\"https:\/\/www.estorrent.net\/wp-content\/uploads\/2022\/01\/IMG_4976.jpg\",\"contentUrl\":\"https:\/\/www.estorrent.net\/wp-content\/uploads\/2022\/01\/IMG_4976.jpg\",\"width\":2000,\"height\":1125},{\"@type\":\"BreadcrumbList\",\"@id\":\"https:\/\/www.estorrent.net\/2022\/01\/26\/es-vedra-es-vedranell-y-los-illots-de-ponent-una-gran-reserva-marina\/#breadcrumb\",\"itemListElement\":[{\"@type\":\"ListItem\",\"position\":1,\"name\":\"Portada\",\"item\":\"https:\/\/www.estorrent.net\/\"},{\"@type\":\"ListItem\",\"position\":2,\"name\":\"Es Vedr\u00e0, es Vedranell i els Illots de Ponent, una gran reserva marina\"}]},{\"@type\":\"WebSite\",\"@id\":\"https:\/\/www.estorrent.net\/#website\",\"url\":\"https:\/\/www.estorrent.net\/\",\"name\":\"Restaurante Es Torrent\",\"description\":\"\",\"potentialAction\":[{\"@type\":\"SearchAction\",\"target\":{\"@type\":\"EntryPoint\",\"urlTemplate\":\"https:\/\/www.estorrent.net\/?s={search_term_string}\"},\"query-input\":{\"@type\":\"PropertyValueSpecification\",\"valueRequired\":true,\"valueName\":\"search_term_string\"}}],\"inLanguage\":\"ca\"},{\"@type\":\"Person\",\"@id\":\"https:\/\/www.estorrent.net\/#\/schema\/person\/3347087d39c6f306963780c3f452bb0a\",\"name\":\"Xescu\",\"image\":{\"@type\":\"ImageObject\",\"inLanguage\":\"ca\",\"@id\":\"https:\/\/www.estorrent.net\/#\/schema\/person\/image\/\",\"url\":\"https:\/\/secure.gravatar.com\/avatar\/d569ee5739a9c7022470ea472c9b4b9cf476e15f1be71e5242c911d673d14ad9?s=96&d=mm&r=g\",\"contentUrl\":\"https:\/\/secure.gravatar.com\/avatar\/d569ee5739a9c7022470ea472c9b4b9cf476e15f1be71e5242c911d673d14ad9?s=96&d=mm&r=g\",\"caption\":\"Xescu\"},\"url\":\"https:\/\/www.estorrent.net\/ca\/author\/xescu\/\"}]}<\/script>\n<!-- \/ Yoast SEO plugin. -->","yoast_head_json":{"title":"Es Vedr\u00e0, es Vedranell i els Illots de Ponent, una gran reserva marina - Restaurante Es Torrent","description":"Molts dels illots que envolten la costa del municipi de Sant Josep, on tamb\u00e9 se situa el nostre restaurant, es troben integrats en les denominades","robots":{"index":"index","follow":"follow","max-snippet":"max-snippet:-1","max-image-preview":"max-image-preview:large","max-video-preview":"max-video-preview:-1"},"canonical":"https:\/\/www.estorrent.net\/2022\/01\/26\/es-vedra-es-vedranell-y-los-illots-de-ponent-una-gran-reserva-marina\/","og_locale":"ca_ES","og_type":"article","og_title":"Es Vedr\u00e0, es Vedranell i els Illots de Ponent, una gran reserva marina - Restaurante Es Torrent","og_description":"Molts dels illots que envolten la costa del municipi de Sant Josep, on tamb\u00e9 se situa el nostre restaurant, es troben integrats en les denominades","og_url":"https:\/\/www.estorrent.net\/2022\/01\/26\/es-vedra-es-vedranell-y-los-illots-de-ponent-una-gran-reserva-marina\/","og_site_name":"Restaurante Es Torrent","article_published_time":"2022-01-26T11:37:57+00:00","article_modified_time":"2022-01-26T12:36:40+00:00","og_image":[{"width":2000,"height":1125,"url":"https:\/\/www.estorrent.net\/wp-content\/uploads\/2022\/01\/IMG_4976.jpg","type":"image\/jpeg"}],"author":"Xescu","twitter_card":"summary_large_image","twitter_misc":{"Escrit per":"Xescu","Temps estimat de lectura":"2 minuts"},"schema":{"@context":"https:\/\/schema.org","@graph":[{"@type":"Article","@id":"https:\/\/www.estorrent.net\/2022\/01\/26\/es-vedra-es-vedranell-y-los-illots-de-ponent-una-gran-reserva-marina\/#article","isPartOf":{"@id":"https:\/\/www.estorrent.net\/2022\/01\/26\/es-vedra-es-vedranell-y-los-illots-de-ponent-una-gran-reserva-marina\/"},"author":{"name":"Xescu","@id":"https:\/\/www.estorrent.net\/#\/schema\/person\/3347087d39c6f306963780c3f452bb0a"},"headline":"Es Vedr\u00e0, es Vedranell i els Illots de Ponent, una gran reserva marina","datePublished":"2022-01-26T11:37:57+00:00","dateModified":"2022-01-26T12:36:40+00:00","mainEntityOfPage":{"@id":"https:\/\/www.estorrent.net\/2022\/01\/26\/es-vedra-es-vedranell-y-los-illots-de-ponent-una-gran-reserva-marina\/"},"wordCount":515,"commentCount":0,"image":{"@id":"https:\/\/www.estorrent.net\/2022\/01\/26\/es-vedra-es-vedranell-y-los-illots-de-ponent-una-gran-reserva-marina\/#primaryimage"},"thumbnailUrl":"https:\/\/www.estorrent.net\/wp-content\/uploads\/2022\/01\/IMG_4976.jpg","articleSection":["La isla"],"inLanguage":"ca","potentialAction":[{"@type":"CommentAction","name":"Comment","target":["https:\/\/www.estorrent.net\/2022\/01\/26\/es-vedra-es-vedranell-y-los-illots-de-ponent-una-gran-reserva-marina\/#respond"]}]},{"@type":"WebPage","@id":"https:\/\/www.estorrent.net\/2022\/01\/26\/es-vedra-es-vedranell-y-los-illots-de-ponent-una-gran-reserva-marina\/","url":"https:\/\/www.estorrent.net\/2022\/01\/26\/es-vedra-es-vedranell-y-los-illots-de-ponent-una-gran-reserva-marina\/","name":"Es Vedr\u00e0, es Vedranell i els Illots de Ponent, una gran reserva marina - Restaurante Es Torrent","isPartOf":{"@id":"https:\/\/www.estorrent.net\/#website"},"primaryImageOfPage":{"@id":"https:\/\/www.estorrent.net\/2022\/01\/26\/es-vedra-es-vedranell-y-los-illots-de-ponent-una-gran-reserva-marina\/#primaryimage"},"image":{"@id":"https:\/\/www.estorrent.net\/2022\/01\/26\/es-vedra-es-vedranell-y-los-illots-de-ponent-una-gran-reserva-marina\/#primaryimage"},"thumbnailUrl":"https:\/\/www.estorrent.net\/wp-content\/uploads\/2022\/01\/IMG_4976.jpg","datePublished":"2022-01-26T11:37:57+00:00","dateModified":"2022-01-26T12:36:40+00:00","author":{"@id":"https:\/\/www.estorrent.net\/#\/schema\/person\/3347087d39c6f306963780c3f452bb0a"},"description":"Molts dels illots que envolten la costa del municipi de Sant Josep, on tamb\u00e9 se situa el nostre restaurant, es troben integrats en les denominades","breadcrumb":{"@id":"https:\/\/www.estorrent.net\/2022\/01\/26\/es-vedra-es-vedranell-y-los-illots-de-ponent-una-gran-reserva-marina\/#breadcrumb"},"inLanguage":"ca","potentialAction":[{"@type":"ReadAction","target":["https:\/\/www.estorrent.net\/2022\/01\/26\/es-vedra-es-vedranell-y-los-illots-de-ponent-una-gran-reserva-marina\/"]}]},{"@type":"ImageObject","inLanguage":"ca","@id":"https:\/\/www.estorrent.net\/2022\/01\/26\/es-vedra-es-vedranell-y-los-illots-de-ponent-una-gran-reserva-marina\/#primaryimage","url":"https:\/\/www.estorrent.net\/wp-content\/uploads\/2022\/01\/IMG_4976.jpg","contentUrl":"https:\/\/www.estorrent.net\/wp-content\/uploads\/2022\/01\/IMG_4976.jpg","width":2000,"height":1125},{"@type":"BreadcrumbList","@id":"https:\/\/www.estorrent.net\/2022\/01\/26\/es-vedra-es-vedranell-y-los-illots-de-ponent-una-gran-reserva-marina\/#breadcrumb","itemListElement":[{"@type":"ListItem","position":1,"name":"Portada","item":"https:\/\/www.estorrent.net\/"},{"@type":"ListItem","position":2,"name":"Es Vedr\u00e0, es Vedranell i els Illots de Ponent, una gran reserva marina"}]},{"@type":"WebSite","@id":"https:\/\/www.estorrent.net\/#website","url":"https:\/\/www.estorrent.net\/","name":"Restaurante Es Torrent","description":"","potentialAction":[{"@type":"SearchAction","target":{"@type":"EntryPoint","urlTemplate":"https:\/\/www.estorrent.net\/?s={search_term_string}"},"query-input":{"@type":"PropertyValueSpecification","valueRequired":true,"valueName":"search_term_string"}}],"inLanguage":"ca"},{"@type":"Person","@id":"https:\/\/www.estorrent.net\/#\/schema\/person\/3347087d39c6f306963780c3f452bb0a","name":"Xescu","image":{"@type":"ImageObject","inLanguage":"ca","@id":"https:\/\/www.estorrent.net\/#\/schema\/person\/image\/","url":"https:\/\/secure.gravatar.com\/avatar\/d569ee5739a9c7022470ea472c9b4b9cf476e15f1be71e5242c911d673d14ad9?s=96&d=mm&r=g","contentUrl":"https:\/\/secure.gravatar.com\/avatar\/d569ee5739a9c7022470ea472c9b4b9cf476e15f1be71e5242c911d673d14ad9?s=96&d=mm&r=g","caption":"Xescu"},"url":"https:\/\/www.estorrent.net\/ca\/author\/xescu\/"}]}},"_links":{"self":[{"href":"https:\/\/www.estorrent.net\/ca\/wp-json\/wp\/v2\/posts\/18761","targetHints":{"allow":["GET"]}}],"collection":[{"href":"https:\/\/www.estorrent.net\/ca\/wp-json\/wp\/v2\/posts"}],"about":[{"href":"https:\/\/www.estorrent.net\/ca\/wp-json\/wp\/v2\/types\/post"}],"author":[{"embeddable":true,"href":"https:\/\/www.estorrent.net\/ca\/wp-json\/wp\/v2\/users\/2"}],"replies":[{"embeddable":true,"href":"https:\/\/www.estorrent.net\/ca\/wp-json\/wp\/v2\/comments?post=18761"}],"version-history":[{"count":3,"href":"https:\/\/www.estorrent.net\/ca\/wp-json\/wp\/v2\/posts\/18761\/revisions"}],"predecessor-version":[{"id":18765,"href":"https:\/\/www.estorrent.net\/ca\/wp-json\/wp\/v2\/posts\/18761\/revisions\/18765"}],"wp:featuredmedia":[{"embeddable":true,"href":"https:\/\/www.estorrent.net\/ca\/wp-json\/wp\/v2\/media\/18758"}],"wp:attachment":[{"href":"https:\/\/www.estorrent.net\/ca\/wp-json\/wp\/v2\/media?parent=18761"}],"wp:term":[{"taxonomy":"category","embeddable":true,"href":"https:\/\/www.estorrent.net\/ca\/wp-json\/wp\/v2\/categories?post=18761"},{"taxonomy":"post_tag","embeddable":true,"href":"https:\/\/www.estorrent.net\/ca\/wp-json\/wp\/v2\/tags?post=18761"}],"curies":[{"name":"wp","href":"https:\/\/api.w.org\/{rel}","templated":true}]}}