{"id":18694,"date":"2021-10-15T09:21:03","date_gmt":"2021-10-15T07:21:03","guid":{"rendered":"https:\/\/www.estorrent.net\/2021\/10\/15\/es-cubells-el-pueblo-mas-proximo-a-es-torrent\/"},"modified":"2021-10-15T09:25:19","modified_gmt":"2021-10-15T07:25:19","slug":"es-cubells-el-poble-mes-proxim-a-es-torrent","status":"publish","type":"post","link":"https:\/\/www.estorrent.net\/ca\/2021\/10\/15\/es-cubells-el-poble-mes-proxim-a-es-torrent\/","title":{"rendered":"Es Cubells, el poble m\u00e9s pr\u00f2xim a Es Torrent"},"content":{"rendered":"<p>Avui, 15 d&#8217;octubre, el poble de Es Cubells, el m\u00e9s pr\u00f2xim al nostre restaurant, celebra la festivitat de Santa Teresa, amb concerts, ball folkl\u00f2ric i altres actes. Per aquesta ra\u00f3, tot l&#8217;equip de Es Torrent desitgem als ve\u00efns d&#8217;aquesta localitat i a les Tereses un feli\u00e7 dia.<\/p>\n<p>Es Cubells destaca per la seva especial ubicaci\u00f3, ja que est\u00e0 situat a la vora d&#8217;un immens penya-segat, al sud del municipi de Sant Josep. \u00c9s un petit poble envoltat de finques amb cases de camp, encara que amb dos importants edificis: el convent de les monges teresianes i l&#8217;esgl\u00e9sia, erigida d&#8217;esquena al penya-segat.<\/p>\n<p>El nucli del poble tamb\u00e9 compta amb dos bars, una botiga, un centre cultural, un poliesportiu als afores on entrena un important equip de tir amb arc i un petit parc a la dreta de l&#8217;esgl\u00e9sia, que destaca pel monument al beat Francesc Palau, el Pare Palau com el recorden en Es Cubells. El carmelita, nascut a la prov\u00edncia de Lleida en 1811, forma part de la hist\u00f2ria de l&#8217;illa no sols per haver demandat amb insist\u00e8ncia una esgl\u00e9sia per a aquest poble, sin\u00f3 tamb\u00e9 per convertir-se en ermit\u00e0 i passar estades en solitud en l&#8217;illot d&#8217;\u00e9s Vedr\u00e0.<\/p>\n<p><a href=\"https:\/\/www.estorrent.net\/wp-content\/uploads\/2021\/10\/DSC_7062-min.jpg\" rel=\"lightbox[18694]\"><img loading=\"lazy\" decoding=\"async\" class=\"alignnone size-full wp-image-18687\" src=\"https:\/\/www.estorrent.net\/wp-content\/uploads\/2021\/10\/DSC_7062-min.jpg\" alt=\"\" width=\"3872\" height=\"2592\" srcset=\"https:\/\/www.estorrent.net\/wp-content\/uploads\/2021\/10\/DSC_7062-min.jpg 3872w, https:\/\/www.estorrent.net\/wp-content\/uploads\/2021\/10\/DSC_7062-min-300x201.jpg 300w, https:\/\/www.estorrent.net\/wp-content\/uploads\/2021\/10\/DSC_7062-min-768x514.jpg 768w, https:\/\/www.estorrent.net\/wp-content\/uploads\/2021\/10\/DSC_7062-min-1024x685.jpg 1024w, https:\/\/www.estorrent.net\/wp-content\/uploads\/2021\/10\/DSC_7062-min-700x469.jpg 700w\" sizes=\"auto, (max-width: 3872px) 100vw, 3872px\" \/><\/a><\/p>\n<p>Francesc Palau va sol\u00b7licitar a Roma llic\u00e8ncia per a construir una ermita dedicada a la Verge del Carmen, ja que considerava que els residents en la zona estaven molt lluny del temple m\u00e9s pr\u00f2xim, a Sant Josep. La carta va ser enviada en 1855 i la resposta de Roma va arribar gaireb\u00e9 una d\u00e8cada despr\u00e9s, convertida en autoritzaci\u00f3 per a habilitar un oratori privat en la seva pr\u00f2pia casa. En 1864 es va inaugurar la petita capella, encara que la parr\u00f2quia no es va fundar fins a molts anys despr\u00e9s, en 1933. Les obres de l&#8217;esgl\u00e9sia major van comen\u00e7ar en 1941 i es van acabar de rematar en 1958. Per aquesta ra\u00f3, l&#8217;esgl\u00e9sia de Es Cubells \u00e9s la m\u00e9s recent de les que segueixen l&#8217;estil arquitect\u00f2nic rural t\u00edpic de l&#8217;illa.<\/p>\n<p>La vella ermita va ser incorporada al nou projecte com a presbiteri. Es tracta d&#8217;un temple de petites dimensions, amb una sola nau que es recolza en contraforts i la casa parroquial situada en la part posterior. Des del mirador pot contemplar-se la badia de Porroig, al costat de la qual se situa el nostre restaurant.<\/p>\n<p>\u00c9s, sens dubte, un dels pobles amb m\u00e9s encant d&#8217;Eivissa i una parada indispensable durant unes vacances. Recomanem anar a con\u00e8ixer-ho al mat\u00ed i despr\u00e9s gaudir d&#8217;un \u2018bullit de peix\u2019, una paella o qualsevol altre plat t\u00edpic de la cuina dels mariners, a la nostra terrassa.<\/p>\n<p><a href=\"https:\/\/www.estorrent.net\/wp-content\/uploads\/2021\/10\/DSC_0859-min.jpg\" rel=\"lightbox[18694]\"><img loading=\"lazy\" decoding=\"async\" class=\"alignnone size-full wp-image-18690\" src=\"https:\/\/www.estorrent.net\/wp-content\/uploads\/2021\/10\/DSC_0859-min.jpg\" alt=\"\" width=\"3872\" height=\"2592\" srcset=\"https:\/\/www.estorrent.net\/wp-content\/uploads\/2021\/10\/DSC_0859-min.jpg 3872w, https:\/\/www.estorrent.net\/wp-content\/uploads\/2021\/10\/DSC_0859-min-300x201.jpg 300w, https:\/\/www.estorrent.net\/wp-content\/uploads\/2021\/10\/DSC_0859-min-768x514.jpg 768w, https:\/\/www.estorrent.net\/wp-content\/uploads\/2021\/10\/DSC_0859-min-1024x685.jpg 1024w, https:\/\/www.estorrent.net\/wp-content\/uploads\/2021\/10\/DSC_0859-min-700x469.jpg 700w\" sizes=\"auto, (max-width: 3872px) 100vw, 3872px\" \/><\/a><\/p>\n","protected":false},"excerpt":{"rendered":"<p>Avui, 15 d&#8217;octubre, el poble de Es Cubells, el m\u00e9s pr\u00f2xim al nostre restaurant, celebra la festivitat de Santa Teresa, amb concerts, ball folkl\u00f2ric i altres actes. Per aquesta ra\u00f3, tot l&#8217;equip de Es Torrent desitgem als ve\u00efns d&#8217;aquesta localitat i a les Tereses un feli\u00e7 dia. Es Cubells destaca per la seva especial ubicaci\u00f3, ja que est\u00e0 situat a&#8230;<\/p>\n","protected":false},"author":2,"featured_media":18685,"comment_status":"open","ping_status":"open","sticky":false,"template":"","format":"standard","meta":{"footnotes":""},"categories":[106],"tags":[483],"class_list":["post-18694","post","type-post","status-publish","format-standard","has-post-thumbnail","hentry","category-la-isla-ca","tag-es-cubells-ca"],"yoast_head":"<!-- This site is optimized with the Yoast SEO plugin v26.7 - https:\/\/yoast.com\/wordpress\/plugins\/seo\/ -->\n<title>Es Cubells, el poble m\u00e9s pr\u00f2xim a Es Torrent - Restaurante Es Torrent<\/title>\n<meta name=\"description\" content=\"Avui, 15 d&#039;octubre, el poble de Es Cubells, el m\u00e9s pr\u00f2xim al nostre restaurant, celebra la festivitat de Santa Teresa, amb concerts, ball folkl\u00f2ric i\" \/>\n<meta name=\"robots\" content=\"index, follow, max-snippet:-1, max-image-preview:large, max-video-preview:-1\" \/>\n<link rel=\"canonical\" href=\"https:\/\/www.estorrent.net\/2021\/10\/15\/es-cubells-el-pueblo-mas-proximo-a-es-torrent\/\" \/>\n<meta property=\"og:locale\" content=\"ca_ES\" \/>\n<meta property=\"og:type\" content=\"article\" \/>\n<meta property=\"og:title\" content=\"Es Cubells, el poble m\u00e9s pr\u00f2xim a Es Torrent - Restaurante Es Torrent\" \/>\n<meta property=\"og:description\" content=\"Avui, 15 d&#039;octubre, el poble de Es Cubells, el m\u00e9s pr\u00f2xim al nostre restaurant, celebra la festivitat de Santa Teresa, amb concerts, ball folkl\u00f2ric i\" \/>\n<meta property=\"og:url\" content=\"https:\/\/www.estorrent.net\/2021\/10\/15\/es-cubells-el-pueblo-mas-proximo-a-es-torrent\/\" \/>\n<meta property=\"og:site_name\" content=\"Restaurante Es Torrent\" \/>\n<meta property=\"article:published_time\" content=\"2021-10-15T07:21:03+00:00\" \/>\n<meta property=\"article:modified_time\" content=\"2021-10-15T07:25:19+00:00\" \/>\n<meta property=\"og:image\" content=\"https:\/\/www.estorrent.net\/wp-content\/uploads\/2021\/10\/P1470915-min.jpg\" \/>\n\t<meta property=\"og:image:width\" content=\"3776\" \/>\n\t<meta property=\"og:image:height\" content=\"2520\" \/>\n\t<meta property=\"og:image:type\" content=\"image\/jpeg\" \/>\n<meta name=\"author\" content=\"Xescu\" \/>\n<meta name=\"twitter:card\" content=\"summary_large_image\" \/>\n<meta name=\"twitter:label1\" content=\"Escrit per\" \/>\n\t<meta name=\"twitter:data1\" content=\"Xescu\" \/>\n\t<meta name=\"twitter:label2\" content=\"Temps estimat de lectura\" \/>\n\t<meta name=\"twitter:data2\" content=\"2 minuts\" \/>\n<script type=\"application\/ld+json\" class=\"yoast-schema-graph\">{\"@context\":\"https:\/\/schema.org\",\"@graph\":[{\"@type\":\"Article\",\"@id\":\"https:\/\/www.estorrent.net\/2021\/10\/15\/es-cubells-el-pueblo-mas-proximo-a-es-torrent\/#article\",\"isPartOf\":{\"@id\":\"https:\/\/www.estorrent.net\/2021\/10\/15\/es-cubells-el-pueblo-mas-proximo-a-es-torrent\/\"},\"author\":{\"name\":\"Xescu\",\"@id\":\"https:\/\/www.estorrent.net\/#\/schema\/person\/3347087d39c6f306963780c3f452bb0a\"},\"headline\":\"Es Cubells, el poble m\u00e9s pr\u00f2xim a Es Torrent\",\"datePublished\":\"2021-10-15T07:21:03+00:00\",\"dateModified\":\"2021-10-15T07:25:19+00:00\",\"mainEntityOfPage\":{\"@id\":\"https:\/\/www.estorrent.net\/2021\/10\/15\/es-cubells-el-pueblo-mas-proximo-a-es-torrent\/\"},\"wordCount\":481,\"commentCount\":0,\"image\":{\"@id\":\"https:\/\/www.estorrent.net\/2021\/10\/15\/es-cubells-el-pueblo-mas-proximo-a-es-torrent\/#primaryimage\"},\"thumbnailUrl\":\"https:\/\/www.estorrent.net\/wp-content\/uploads\/2021\/10\/P1470915-min.jpg\",\"keywords\":[\"es cubells\"],\"articleSection\":[\"La isla\"],\"inLanguage\":\"ca\",\"potentialAction\":[{\"@type\":\"CommentAction\",\"name\":\"Comment\",\"target\":[\"https:\/\/www.estorrent.net\/2021\/10\/15\/es-cubells-el-pueblo-mas-proximo-a-es-torrent\/#respond\"]}]},{\"@type\":\"WebPage\",\"@id\":\"https:\/\/www.estorrent.net\/2021\/10\/15\/es-cubells-el-pueblo-mas-proximo-a-es-torrent\/\",\"url\":\"https:\/\/www.estorrent.net\/2021\/10\/15\/es-cubells-el-pueblo-mas-proximo-a-es-torrent\/\",\"name\":\"Es Cubells, el poble m\u00e9s pr\u00f2xim a Es Torrent - Restaurante Es Torrent\",\"isPartOf\":{\"@id\":\"https:\/\/www.estorrent.net\/#website\"},\"primaryImageOfPage\":{\"@id\":\"https:\/\/www.estorrent.net\/2021\/10\/15\/es-cubells-el-pueblo-mas-proximo-a-es-torrent\/#primaryimage\"},\"image\":{\"@id\":\"https:\/\/www.estorrent.net\/2021\/10\/15\/es-cubells-el-pueblo-mas-proximo-a-es-torrent\/#primaryimage\"},\"thumbnailUrl\":\"https:\/\/www.estorrent.net\/wp-content\/uploads\/2021\/10\/P1470915-min.jpg\",\"datePublished\":\"2021-10-15T07:21:03+00:00\",\"dateModified\":\"2021-10-15T07:25:19+00:00\",\"author\":{\"@id\":\"https:\/\/www.estorrent.net\/#\/schema\/person\/3347087d39c6f306963780c3f452bb0a\"},\"description\":\"Avui, 15 d'octubre, el poble de Es Cubells, el m\u00e9s pr\u00f2xim al nostre restaurant, celebra la festivitat de Santa Teresa, amb concerts, ball folkl\u00f2ric i\",\"breadcrumb\":{\"@id\":\"https:\/\/www.estorrent.net\/2021\/10\/15\/es-cubells-el-pueblo-mas-proximo-a-es-torrent\/#breadcrumb\"},\"inLanguage\":\"ca\",\"potentialAction\":[{\"@type\":\"ReadAction\",\"target\":[\"https:\/\/www.estorrent.net\/2021\/10\/15\/es-cubells-el-pueblo-mas-proximo-a-es-torrent\/\"]}]},{\"@type\":\"ImageObject\",\"inLanguage\":\"ca\",\"@id\":\"https:\/\/www.estorrent.net\/2021\/10\/15\/es-cubells-el-pueblo-mas-proximo-a-es-torrent\/#primaryimage\",\"url\":\"https:\/\/www.estorrent.net\/wp-content\/uploads\/2021\/10\/P1470915-min.jpg\",\"contentUrl\":\"https:\/\/www.estorrent.net\/wp-content\/uploads\/2021\/10\/P1470915-min.jpg\",\"width\":3776,\"height\":2520},{\"@type\":\"BreadcrumbList\",\"@id\":\"https:\/\/www.estorrent.net\/2021\/10\/15\/es-cubells-el-pueblo-mas-proximo-a-es-torrent\/#breadcrumb\",\"itemListElement\":[{\"@type\":\"ListItem\",\"position\":1,\"name\":\"Portada\",\"item\":\"https:\/\/www.estorrent.net\/\"},{\"@type\":\"ListItem\",\"position\":2,\"name\":\"Es Cubells, el poble m\u00e9s pr\u00f2xim a Es Torrent\"}]},{\"@type\":\"WebSite\",\"@id\":\"https:\/\/www.estorrent.net\/#website\",\"url\":\"https:\/\/www.estorrent.net\/\",\"name\":\"Restaurante Es Torrent\",\"description\":\"\",\"potentialAction\":[{\"@type\":\"SearchAction\",\"target\":{\"@type\":\"EntryPoint\",\"urlTemplate\":\"https:\/\/www.estorrent.net\/?s={search_term_string}\"},\"query-input\":{\"@type\":\"PropertyValueSpecification\",\"valueRequired\":true,\"valueName\":\"search_term_string\"}}],\"inLanguage\":\"ca\"},{\"@type\":\"Person\",\"@id\":\"https:\/\/www.estorrent.net\/#\/schema\/person\/3347087d39c6f306963780c3f452bb0a\",\"name\":\"Xescu\",\"image\":{\"@type\":\"ImageObject\",\"inLanguage\":\"ca\",\"@id\":\"https:\/\/www.estorrent.net\/#\/schema\/person\/image\/\",\"url\":\"https:\/\/secure.gravatar.com\/avatar\/d569ee5739a9c7022470ea472c9b4b9cf476e15f1be71e5242c911d673d14ad9?s=96&d=mm&r=g\",\"contentUrl\":\"https:\/\/secure.gravatar.com\/avatar\/d569ee5739a9c7022470ea472c9b4b9cf476e15f1be71e5242c911d673d14ad9?s=96&d=mm&r=g\",\"caption\":\"Xescu\"},\"url\":\"https:\/\/www.estorrent.net\/ca\/author\/xescu\/\"}]}<\/script>\n<!-- \/ Yoast SEO plugin. -->","yoast_head_json":{"title":"Es Cubells, el poble m\u00e9s pr\u00f2xim a Es Torrent - Restaurante Es Torrent","description":"Avui, 15 d'octubre, el poble de Es Cubells, el m\u00e9s pr\u00f2xim al nostre restaurant, celebra la festivitat de Santa Teresa, amb concerts, ball folkl\u00f2ric i","robots":{"index":"index","follow":"follow","max-snippet":"max-snippet:-1","max-image-preview":"max-image-preview:large","max-video-preview":"max-video-preview:-1"},"canonical":"https:\/\/www.estorrent.net\/2021\/10\/15\/es-cubells-el-pueblo-mas-proximo-a-es-torrent\/","og_locale":"ca_ES","og_type":"article","og_title":"Es Cubells, el poble m\u00e9s pr\u00f2xim a Es Torrent - Restaurante Es Torrent","og_description":"Avui, 15 d'octubre, el poble de Es Cubells, el m\u00e9s pr\u00f2xim al nostre restaurant, celebra la festivitat de Santa Teresa, amb concerts, ball folkl\u00f2ric i","og_url":"https:\/\/www.estorrent.net\/2021\/10\/15\/es-cubells-el-pueblo-mas-proximo-a-es-torrent\/","og_site_name":"Restaurante Es Torrent","article_published_time":"2021-10-15T07:21:03+00:00","article_modified_time":"2021-10-15T07:25:19+00:00","og_image":[{"width":3776,"height":2520,"url":"https:\/\/www.estorrent.net\/wp-content\/uploads\/2021\/10\/P1470915-min.jpg","type":"image\/jpeg"}],"author":"Xescu","twitter_card":"summary_large_image","twitter_misc":{"Escrit per":"Xescu","Temps estimat de lectura":"2 minuts"},"schema":{"@context":"https:\/\/schema.org","@graph":[{"@type":"Article","@id":"https:\/\/www.estorrent.net\/2021\/10\/15\/es-cubells-el-pueblo-mas-proximo-a-es-torrent\/#article","isPartOf":{"@id":"https:\/\/www.estorrent.net\/2021\/10\/15\/es-cubells-el-pueblo-mas-proximo-a-es-torrent\/"},"author":{"name":"Xescu","@id":"https:\/\/www.estorrent.net\/#\/schema\/person\/3347087d39c6f306963780c3f452bb0a"},"headline":"Es Cubells, el poble m\u00e9s pr\u00f2xim a Es Torrent","datePublished":"2021-10-15T07:21:03+00:00","dateModified":"2021-10-15T07:25:19+00:00","mainEntityOfPage":{"@id":"https:\/\/www.estorrent.net\/2021\/10\/15\/es-cubells-el-pueblo-mas-proximo-a-es-torrent\/"},"wordCount":481,"commentCount":0,"image":{"@id":"https:\/\/www.estorrent.net\/2021\/10\/15\/es-cubells-el-pueblo-mas-proximo-a-es-torrent\/#primaryimage"},"thumbnailUrl":"https:\/\/www.estorrent.net\/wp-content\/uploads\/2021\/10\/P1470915-min.jpg","keywords":["es cubells"],"articleSection":["La isla"],"inLanguage":"ca","potentialAction":[{"@type":"CommentAction","name":"Comment","target":["https:\/\/www.estorrent.net\/2021\/10\/15\/es-cubells-el-pueblo-mas-proximo-a-es-torrent\/#respond"]}]},{"@type":"WebPage","@id":"https:\/\/www.estorrent.net\/2021\/10\/15\/es-cubells-el-pueblo-mas-proximo-a-es-torrent\/","url":"https:\/\/www.estorrent.net\/2021\/10\/15\/es-cubells-el-pueblo-mas-proximo-a-es-torrent\/","name":"Es Cubells, el poble m\u00e9s pr\u00f2xim a Es Torrent - Restaurante Es Torrent","isPartOf":{"@id":"https:\/\/www.estorrent.net\/#website"},"primaryImageOfPage":{"@id":"https:\/\/www.estorrent.net\/2021\/10\/15\/es-cubells-el-pueblo-mas-proximo-a-es-torrent\/#primaryimage"},"image":{"@id":"https:\/\/www.estorrent.net\/2021\/10\/15\/es-cubells-el-pueblo-mas-proximo-a-es-torrent\/#primaryimage"},"thumbnailUrl":"https:\/\/www.estorrent.net\/wp-content\/uploads\/2021\/10\/P1470915-min.jpg","datePublished":"2021-10-15T07:21:03+00:00","dateModified":"2021-10-15T07:25:19+00:00","author":{"@id":"https:\/\/www.estorrent.net\/#\/schema\/person\/3347087d39c6f306963780c3f452bb0a"},"description":"Avui, 15 d'octubre, el poble de Es Cubells, el m\u00e9s pr\u00f2xim al nostre restaurant, celebra la festivitat de Santa Teresa, amb concerts, ball folkl\u00f2ric i","breadcrumb":{"@id":"https:\/\/www.estorrent.net\/2021\/10\/15\/es-cubells-el-pueblo-mas-proximo-a-es-torrent\/#breadcrumb"},"inLanguage":"ca","potentialAction":[{"@type":"ReadAction","target":["https:\/\/www.estorrent.net\/2021\/10\/15\/es-cubells-el-pueblo-mas-proximo-a-es-torrent\/"]}]},{"@type":"ImageObject","inLanguage":"ca","@id":"https:\/\/www.estorrent.net\/2021\/10\/15\/es-cubells-el-pueblo-mas-proximo-a-es-torrent\/#primaryimage","url":"https:\/\/www.estorrent.net\/wp-content\/uploads\/2021\/10\/P1470915-min.jpg","contentUrl":"https:\/\/www.estorrent.net\/wp-content\/uploads\/2021\/10\/P1470915-min.jpg","width":3776,"height":2520},{"@type":"BreadcrumbList","@id":"https:\/\/www.estorrent.net\/2021\/10\/15\/es-cubells-el-pueblo-mas-proximo-a-es-torrent\/#breadcrumb","itemListElement":[{"@type":"ListItem","position":1,"name":"Portada","item":"https:\/\/www.estorrent.net\/"},{"@type":"ListItem","position":2,"name":"Es Cubells, el poble m\u00e9s pr\u00f2xim a Es Torrent"}]},{"@type":"WebSite","@id":"https:\/\/www.estorrent.net\/#website","url":"https:\/\/www.estorrent.net\/","name":"Restaurante Es Torrent","description":"","potentialAction":[{"@type":"SearchAction","target":{"@type":"EntryPoint","urlTemplate":"https:\/\/www.estorrent.net\/?s={search_term_string}"},"query-input":{"@type":"PropertyValueSpecification","valueRequired":true,"valueName":"search_term_string"}}],"inLanguage":"ca"},{"@type":"Person","@id":"https:\/\/www.estorrent.net\/#\/schema\/person\/3347087d39c6f306963780c3f452bb0a","name":"Xescu","image":{"@type":"ImageObject","inLanguage":"ca","@id":"https:\/\/www.estorrent.net\/#\/schema\/person\/image\/","url":"https:\/\/secure.gravatar.com\/avatar\/d569ee5739a9c7022470ea472c9b4b9cf476e15f1be71e5242c911d673d14ad9?s=96&d=mm&r=g","contentUrl":"https:\/\/secure.gravatar.com\/avatar\/d569ee5739a9c7022470ea472c9b4b9cf476e15f1be71e5242c911d673d14ad9?s=96&d=mm&r=g","caption":"Xescu"},"url":"https:\/\/www.estorrent.net\/ca\/author\/xescu\/"}]}},"_links":{"self":[{"href":"https:\/\/www.estorrent.net\/ca\/wp-json\/wp\/v2\/posts\/18694","targetHints":{"allow":["GET"]}}],"collection":[{"href":"https:\/\/www.estorrent.net\/ca\/wp-json\/wp\/v2\/posts"}],"about":[{"href":"https:\/\/www.estorrent.net\/ca\/wp-json\/wp\/v2\/types\/post"}],"author":[{"embeddable":true,"href":"https:\/\/www.estorrent.net\/ca\/wp-json\/wp\/v2\/users\/2"}],"replies":[{"embeddable":true,"href":"https:\/\/www.estorrent.net\/ca\/wp-json\/wp\/v2\/comments?post=18694"}],"version-history":[{"count":2,"href":"https:\/\/www.estorrent.net\/ca\/wp-json\/wp\/v2\/posts\/18694\/revisions"}],"predecessor-version":[{"id":18697,"href":"https:\/\/www.estorrent.net\/ca\/wp-json\/wp\/v2\/posts\/18694\/revisions\/18697"}],"wp:featuredmedia":[{"embeddable":true,"href":"https:\/\/www.estorrent.net\/ca\/wp-json\/wp\/v2\/media\/18685"}],"wp:attachment":[{"href":"https:\/\/www.estorrent.net\/ca\/wp-json\/wp\/v2\/media?parent=18694"}],"wp:term":[{"taxonomy":"category","embeddable":true,"href":"https:\/\/www.estorrent.net\/ca\/wp-json\/wp\/v2\/categories?post=18694"},{"taxonomy":"post_tag","embeddable":true,"href":"https:\/\/www.estorrent.net\/ca\/wp-json\/wp\/v2\/tags?post=18694"}],"curies":[{"name":"wp","href":"https:\/\/api.w.org\/{rel}","templated":true}]}}