{"id":18562,"date":"2021-08-16T18:00:00","date_gmt":"2021-08-16T16:00:00","guid":{"rendered":"https:\/\/www.estorrent.net\/2021\/08\/16\/sandia-un-icono-de-la-agricultura-de-verano-en-ibiza\/"},"modified":"2021-08-16T18:12:55","modified_gmt":"2021-08-16T16:12:55","slug":"xindria-una-icona-de-la-agricultura-de-estiu-a-eivissa","status":"publish","type":"post","link":"https:\/\/www.estorrent.net\/ca\/2021\/08\/16\/xindria-una-icona-de-la-agricultura-de-estiu-a-eivissa\/","title":{"rendered":"X\u00edndria, una icona de l&#8217;agricultura d&#8217;estiu a Eivissa"},"content":{"rendered":"<p>Resulta sorprenent que en un territori tan limitat com el d&#8217;Eivissa puguem gaudir d&#8217;un rebost tan complet, variat i estacional com el que tenim a l&#8217;illa, que a cada moment de l&#8217;any ens aporta una selecci\u00f3 \u00e0mplia de productes que podem menjar en el seu grau \u00f2ptim de maduraci\u00f3. A causa de l&#8217;economia de subsist\u00e8ncia que es practicava a l&#8217;illa abans de l&#8217;arribada del turisme, els eivissencs han exercit sempre com a agricultors, pescadors, ramaders i recol\u00b7lectors. A les cases sempre han produ\u00eft tot el necessari per a donar manteniment a les seves fam\u00edlies i aix\u00f2 ha fomentat un receptari enorme, que conjuga hortalisses, verdures, llegums, carns, embotits, peixos, mariscos, pebrassos, fruites i un llarg etc\u00e8tera, tot casol\u00e0 i fresc.<\/p>\n<p>D&#8217;entre aquests productes, podem citar tres de l&#8217;horta estiuenca que destaquen per la seva extraordin\u00e0ria qualitat i intensitat de sabor, i que solen deixar amb la boca oberta als qui els proven per primera vegada: els sucosos i carnosos tom\u00e0quets eivissencs que en Es Torrent emprem en les nostres amanides, i el mel\u00f3 i la x\u00edndria, fruites que servim per a refrescar despr\u00e9s d&#8217;un esmorzar copi\u00f3s sempre que els clients ens el reclamen.<\/p>\n<p><a href=\"https:\/\/www.estorrent.net\/wp-content\/uploads\/2021\/08\/irene-kredenets-D2E3ksWOtI0-unsplash.jpg\" rel=\"lightbox[18562]\"><img loading=\"lazy\" decoding=\"async\" class=\"alignnone size-full wp-image-18555\" src=\"https:\/\/www.estorrent.net\/wp-content\/uploads\/2021\/08\/irene-kredenets-D2E3ksWOtI0-unsplash.jpg\" alt=\"\" width=\"3156\" height=\"2529\" srcset=\"https:\/\/www.estorrent.net\/wp-content\/uploads\/2021\/08\/irene-kredenets-D2E3ksWOtI0-unsplash.jpg 3156w, https:\/\/www.estorrent.net\/wp-content\/uploads\/2021\/08\/irene-kredenets-D2E3ksWOtI0-unsplash-300x240.jpg 300w, https:\/\/www.estorrent.net\/wp-content\/uploads\/2021\/08\/irene-kredenets-D2E3ksWOtI0-unsplash-768x615.jpg 768w, https:\/\/www.estorrent.net\/wp-content\/uploads\/2021\/08\/irene-kredenets-D2E3ksWOtI0-unsplash-1024x821.jpg 1024w, https:\/\/www.estorrent.net\/wp-content\/uploads\/2021\/08\/irene-kredenets-D2E3ksWOtI0-unsplash-700x561.jpg 700w\" sizes=\"auto, (max-width: 3156px) 100vw, 3156px\" \/><\/a><\/p>\n<p>La s\u00edndria eivissenca, de la qual avui ens ocupem, crida l&#8217;atenci\u00f3 per la seva pell ratllada, que alterna el verd clar, a vegades gaireb\u00e9 blanc, amb un altre m\u00e9s fosc. Destaca per quatre raons essencials: en primer lloc la seva grand\u00e0ria, ja que \u00e9s habitual trobar-les d&#8217;entre 15 i 20 quilos. En segon terme l&#8217;intens color vermell, d&#8217;una vivor ins\u00f2lita en comparaci\u00f3 amb les altres varietats, habitualment m\u00e9s p\u00e0l\u00b7lides. Despr\u00e9s per la seva textura cruixent i, finalment, pel seu sabor dol\u00e7 i concentrat.<\/p>\n<p>Els bons aficionats a aquesta fruita, reconeixen les millors pel seu pes i pel so al tacte, encara que la realitat \u00e9s que gaireb\u00e9 totes surten exquisides si es compren en el moment adequat de maduraci\u00f3. No hi ha major sensaci\u00f3 d&#8217;haver encertat amb la qualitat d&#8217;una s\u00edndria que comen\u00e7ar a obrir-la amb un ganivet i que cruixi i comenci a esquerdar-se ella sola.<\/p>\n<p>Per a aconseguir aquesta qualitat, els bons agricultors les planten en llocs molt assolellats i, encara que les reguen, ho fan nom\u00e9s el just perqu\u00e8 el fruit passi set, sobretot en les \u00faltimes setmanes, ja que d&#8217;aquesta manera la fruita concentra major quantitat de sucres. \u00c9s una planta molt habitual a les cases i existeixen extensos cultius per tot Eivissa, que permeten adquirir-la amb facilitat en totes les superf\u00edcies comercials de l&#8217;illa, al llarg de gaireb\u00e9 tot l&#8217;estiu.<\/p>\n<p>Com d\u00e8iem al principi, en Es Torrent la recomanem a tot el que ens demana una mica de fruita com a postres o a deshoras, per a hidratar-se despr\u00e9s de banyar-se a la mar. Ens agrada oferir-la sempre molt fresca i madura en la seva justa mesura.<\/p>\n","protected":false},"excerpt":{"rendered":"<p>Resulta sorprenent que en un territori tan limitat com el d&#8217;Eivissa puguem gaudir d&#8217;un rebost tan complet, variat i estacional com el que tenim a l&#8217;illa, que a cada moment de l&#8217;any ens aporta una selecci\u00f3 \u00e0mplia de productes que podem menjar en el seu grau \u00f2ptim de maduraci\u00f3. A causa de l&#8217;economia de subsist\u00e8ncia que es practicava a l&#8217;illa&#8230;<\/p>\n","protected":false},"author":2,"featured_media":18559,"comment_status":"open","ping_status":"open","sticky":false,"template":"","format":"standard","meta":{"footnotes":""},"categories":[103],"tags":[382,466,266],"class_list":["post-18562","post","type-post","status-publish","format-standard","has-post-thumbnail","hentry","category-gastronomia-ca","tag-agricultura-ca","tag-fruita","tag-fruta-ca"],"yoast_head":"<!-- This site is optimized with the Yoast SEO plugin v26.7 - https:\/\/yoast.com\/wordpress\/plugins\/seo\/ -->\n<title>X\u00edndria, una icona de l&#039;agricultura d&#039;estiu a Eivissa - Restaurante Es Torrent<\/title>\n<meta name=\"description\" content=\"Resulta sorprenent que en un territori tan limitat com el d&#039;Eivissa puguem gaudir d&#039;un rebost tan complet, variat i estacional com el que tenim a l&#039;illa,\" \/>\n<meta name=\"robots\" content=\"index, follow, max-snippet:-1, max-image-preview:large, max-video-preview:-1\" \/>\n<link rel=\"canonical\" href=\"https:\/\/www.estorrent.net\/2021\/08\/16\/sandia-un-icono-de-la-agricultura-de-verano-en-ibiza\/\" \/>\n<meta property=\"og:locale\" content=\"ca_ES\" \/>\n<meta property=\"og:type\" content=\"article\" \/>\n<meta property=\"og:title\" content=\"X\u00edndria, una icona de l&#039;agricultura d&#039;estiu a Eivissa - Restaurante Es Torrent\" \/>\n<meta property=\"og:description\" content=\"Resulta sorprenent que en un territori tan limitat com el d&#039;Eivissa puguem gaudir d&#039;un rebost tan complet, variat i estacional com el que tenim a l&#039;illa,\" \/>\n<meta property=\"og:url\" content=\"https:\/\/www.estorrent.net\/2021\/08\/16\/sandia-un-icono-de-la-agricultura-de-verano-en-ibiza\/\" \/>\n<meta property=\"og:site_name\" content=\"Restaurante Es Torrent\" \/>\n<meta property=\"article:published_time\" content=\"2021-08-16T16:00:00+00:00\" \/>\n<meta property=\"article:modified_time\" content=\"2021-08-16T16:12:55+00:00\" \/>\n<meta property=\"og:image\" content=\"https:\/\/www.estorrent.net\/wp-content\/uploads\/2021\/08\/sandia.jpg\" \/>\n\t<meta property=\"og:image:width\" content=\"6000\" \/>\n\t<meta property=\"og:image:height\" content=\"4000\" \/>\n\t<meta property=\"og:image:type\" content=\"image\/jpeg\" \/>\n<meta name=\"author\" content=\"Xescu\" \/>\n<meta name=\"twitter:card\" content=\"summary_large_image\" \/>\n<meta name=\"twitter:label1\" content=\"Escrit per\" \/>\n\t<meta name=\"twitter:data1\" content=\"Xescu\" \/>\n\t<meta name=\"twitter:label2\" content=\"Temps estimat de lectura\" \/>\n\t<meta name=\"twitter:data2\" content=\"2 minuts\" \/>\n<script type=\"application\/ld+json\" class=\"yoast-schema-graph\">{\"@context\":\"https:\/\/schema.org\",\"@graph\":[{\"@type\":\"Article\",\"@id\":\"https:\/\/www.estorrent.net\/2021\/08\/16\/sandia-un-icono-de-la-agricultura-de-verano-en-ibiza\/#article\",\"isPartOf\":{\"@id\":\"https:\/\/www.estorrent.net\/2021\/08\/16\/sandia-un-icono-de-la-agricultura-de-verano-en-ibiza\/\"},\"author\":{\"name\":\"Xescu\",\"@id\":\"https:\/\/www.estorrent.net\/#\/schema\/person\/3347087d39c6f306963780c3f452bb0a\"},\"headline\":\"X\u00edndria, una icona de l&#8217;agricultura d&#8217;estiu a Eivissa\",\"datePublished\":\"2021-08-16T16:00:00+00:00\",\"dateModified\":\"2021-08-16T16:12:55+00:00\",\"mainEntityOfPage\":{\"@id\":\"https:\/\/www.estorrent.net\/2021\/08\/16\/sandia-un-icono-de-la-agricultura-de-verano-en-ibiza\/\"},\"wordCount\":517,\"commentCount\":0,\"image\":{\"@id\":\"https:\/\/www.estorrent.net\/2021\/08\/16\/sandia-un-icono-de-la-agricultura-de-verano-en-ibiza\/#primaryimage\"},\"thumbnailUrl\":\"https:\/\/www.estorrent.net\/wp-content\/uploads\/2021\/08\/sandia.jpg\",\"keywords\":[\"agricultura\",\"fruita\",\"fruta\"],\"articleSection\":[\"Gastronom\u00eda\"],\"inLanguage\":\"ca\",\"potentialAction\":[{\"@type\":\"CommentAction\",\"name\":\"Comment\",\"target\":[\"https:\/\/www.estorrent.net\/2021\/08\/16\/sandia-un-icono-de-la-agricultura-de-verano-en-ibiza\/#respond\"]}]},{\"@type\":\"WebPage\",\"@id\":\"https:\/\/www.estorrent.net\/2021\/08\/16\/sandia-un-icono-de-la-agricultura-de-verano-en-ibiza\/\",\"url\":\"https:\/\/www.estorrent.net\/2021\/08\/16\/sandia-un-icono-de-la-agricultura-de-verano-en-ibiza\/\",\"name\":\"X\u00edndria, una icona de l'agricultura d'estiu a Eivissa - Restaurante Es Torrent\",\"isPartOf\":{\"@id\":\"https:\/\/www.estorrent.net\/#website\"},\"primaryImageOfPage\":{\"@id\":\"https:\/\/www.estorrent.net\/2021\/08\/16\/sandia-un-icono-de-la-agricultura-de-verano-en-ibiza\/#primaryimage\"},\"image\":{\"@id\":\"https:\/\/www.estorrent.net\/2021\/08\/16\/sandia-un-icono-de-la-agricultura-de-verano-en-ibiza\/#primaryimage\"},\"thumbnailUrl\":\"https:\/\/www.estorrent.net\/wp-content\/uploads\/2021\/08\/sandia.jpg\",\"datePublished\":\"2021-08-16T16:00:00+00:00\",\"dateModified\":\"2021-08-16T16:12:55+00:00\",\"author\":{\"@id\":\"https:\/\/www.estorrent.net\/#\/schema\/person\/3347087d39c6f306963780c3f452bb0a\"},\"description\":\"Resulta sorprenent que en un territori tan limitat com el d'Eivissa puguem gaudir d'un rebost tan complet, variat i estacional com el que tenim a l'illa,\",\"breadcrumb\":{\"@id\":\"https:\/\/www.estorrent.net\/2021\/08\/16\/sandia-un-icono-de-la-agricultura-de-verano-en-ibiza\/#breadcrumb\"},\"inLanguage\":\"ca\",\"potentialAction\":[{\"@type\":\"ReadAction\",\"target\":[\"https:\/\/www.estorrent.net\/2021\/08\/16\/sandia-un-icono-de-la-agricultura-de-verano-en-ibiza\/\"]}]},{\"@type\":\"ImageObject\",\"inLanguage\":\"ca\",\"@id\":\"https:\/\/www.estorrent.net\/2021\/08\/16\/sandia-un-icono-de-la-agricultura-de-verano-en-ibiza\/#primaryimage\",\"url\":\"https:\/\/www.estorrent.net\/wp-content\/uploads\/2021\/08\/sandia.jpg\",\"contentUrl\":\"https:\/\/www.estorrent.net\/wp-content\/uploads\/2021\/08\/sandia.jpg\",\"width\":6000,\"height\":4000},{\"@type\":\"BreadcrumbList\",\"@id\":\"https:\/\/www.estorrent.net\/2021\/08\/16\/sandia-un-icono-de-la-agricultura-de-verano-en-ibiza\/#breadcrumb\",\"itemListElement\":[{\"@type\":\"ListItem\",\"position\":1,\"name\":\"Portada\",\"item\":\"https:\/\/www.estorrent.net\/\"},{\"@type\":\"ListItem\",\"position\":2,\"name\":\"X\u00edndria, una icona de l&#8217;agricultura d&#8217;estiu a Eivissa\"}]},{\"@type\":\"WebSite\",\"@id\":\"https:\/\/www.estorrent.net\/#website\",\"url\":\"https:\/\/www.estorrent.net\/\",\"name\":\"Restaurante Es Torrent\",\"description\":\"\",\"potentialAction\":[{\"@type\":\"SearchAction\",\"target\":{\"@type\":\"EntryPoint\",\"urlTemplate\":\"https:\/\/www.estorrent.net\/?s={search_term_string}\"},\"query-input\":{\"@type\":\"PropertyValueSpecification\",\"valueRequired\":true,\"valueName\":\"search_term_string\"}}],\"inLanguage\":\"ca\"},{\"@type\":\"Person\",\"@id\":\"https:\/\/www.estorrent.net\/#\/schema\/person\/3347087d39c6f306963780c3f452bb0a\",\"name\":\"Xescu\",\"image\":{\"@type\":\"ImageObject\",\"inLanguage\":\"ca\",\"@id\":\"https:\/\/www.estorrent.net\/#\/schema\/person\/image\/\",\"url\":\"https:\/\/secure.gravatar.com\/avatar\/d569ee5739a9c7022470ea472c9b4b9cf476e15f1be71e5242c911d673d14ad9?s=96&d=mm&r=g\",\"contentUrl\":\"https:\/\/secure.gravatar.com\/avatar\/d569ee5739a9c7022470ea472c9b4b9cf476e15f1be71e5242c911d673d14ad9?s=96&d=mm&r=g\",\"caption\":\"Xescu\"},\"url\":\"https:\/\/www.estorrent.net\/ca\/author\/xescu\/\"}]}<\/script>\n<!-- \/ Yoast SEO plugin. -->","yoast_head_json":{"title":"X\u00edndria, una icona de l'agricultura d'estiu a Eivissa - Restaurante Es Torrent","description":"Resulta sorprenent que en un territori tan limitat com el d'Eivissa puguem gaudir d'un rebost tan complet, variat i estacional com el que tenim a l'illa,","robots":{"index":"index","follow":"follow","max-snippet":"max-snippet:-1","max-image-preview":"max-image-preview:large","max-video-preview":"max-video-preview:-1"},"canonical":"https:\/\/www.estorrent.net\/2021\/08\/16\/sandia-un-icono-de-la-agricultura-de-verano-en-ibiza\/","og_locale":"ca_ES","og_type":"article","og_title":"X\u00edndria, una icona de l'agricultura d'estiu a Eivissa - Restaurante Es Torrent","og_description":"Resulta sorprenent que en un territori tan limitat com el d'Eivissa puguem gaudir d'un rebost tan complet, variat i estacional com el que tenim a l'illa,","og_url":"https:\/\/www.estorrent.net\/2021\/08\/16\/sandia-un-icono-de-la-agricultura-de-verano-en-ibiza\/","og_site_name":"Restaurante Es Torrent","article_published_time":"2021-08-16T16:00:00+00:00","article_modified_time":"2021-08-16T16:12:55+00:00","og_image":[{"width":6000,"height":4000,"url":"https:\/\/www.estorrent.net\/wp-content\/uploads\/2021\/08\/sandia.jpg","type":"image\/jpeg"}],"author":"Xescu","twitter_card":"summary_large_image","twitter_misc":{"Escrit per":"Xescu","Temps estimat de lectura":"2 minuts"},"schema":{"@context":"https:\/\/schema.org","@graph":[{"@type":"Article","@id":"https:\/\/www.estorrent.net\/2021\/08\/16\/sandia-un-icono-de-la-agricultura-de-verano-en-ibiza\/#article","isPartOf":{"@id":"https:\/\/www.estorrent.net\/2021\/08\/16\/sandia-un-icono-de-la-agricultura-de-verano-en-ibiza\/"},"author":{"name":"Xescu","@id":"https:\/\/www.estorrent.net\/#\/schema\/person\/3347087d39c6f306963780c3f452bb0a"},"headline":"X\u00edndria, una icona de l&#8217;agricultura d&#8217;estiu a Eivissa","datePublished":"2021-08-16T16:00:00+00:00","dateModified":"2021-08-16T16:12:55+00:00","mainEntityOfPage":{"@id":"https:\/\/www.estorrent.net\/2021\/08\/16\/sandia-un-icono-de-la-agricultura-de-verano-en-ibiza\/"},"wordCount":517,"commentCount":0,"image":{"@id":"https:\/\/www.estorrent.net\/2021\/08\/16\/sandia-un-icono-de-la-agricultura-de-verano-en-ibiza\/#primaryimage"},"thumbnailUrl":"https:\/\/www.estorrent.net\/wp-content\/uploads\/2021\/08\/sandia.jpg","keywords":["agricultura","fruita","fruta"],"articleSection":["Gastronom\u00eda"],"inLanguage":"ca","potentialAction":[{"@type":"CommentAction","name":"Comment","target":["https:\/\/www.estorrent.net\/2021\/08\/16\/sandia-un-icono-de-la-agricultura-de-verano-en-ibiza\/#respond"]}]},{"@type":"WebPage","@id":"https:\/\/www.estorrent.net\/2021\/08\/16\/sandia-un-icono-de-la-agricultura-de-verano-en-ibiza\/","url":"https:\/\/www.estorrent.net\/2021\/08\/16\/sandia-un-icono-de-la-agricultura-de-verano-en-ibiza\/","name":"X\u00edndria, una icona de l'agricultura d'estiu a Eivissa - Restaurante Es Torrent","isPartOf":{"@id":"https:\/\/www.estorrent.net\/#website"},"primaryImageOfPage":{"@id":"https:\/\/www.estorrent.net\/2021\/08\/16\/sandia-un-icono-de-la-agricultura-de-verano-en-ibiza\/#primaryimage"},"image":{"@id":"https:\/\/www.estorrent.net\/2021\/08\/16\/sandia-un-icono-de-la-agricultura-de-verano-en-ibiza\/#primaryimage"},"thumbnailUrl":"https:\/\/www.estorrent.net\/wp-content\/uploads\/2021\/08\/sandia.jpg","datePublished":"2021-08-16T16:00:00+00:00","dateModified":"2021-08-16T16:12:55+00:00","author":{"@id":"https:\/\/www.estorrent.net\/#\/schema\/person\/3347087d39c6f306963780c3f452bb0a"},"description":"Resulta sorprenent que en un territori tan limitat com el d'Eivissa puguem gaudir d'un rebost tan complet, variat i estacional com el que tenim a l'illa,","breadcrumb":{"@id":"https:\/\/www.estorrent.net\/2021\/08\/16\/sandia-un-icono-de-la-agricultura-de-verano-en-ibiza\/#breadcrumb"},"inLanguage":"ca","potentialAction":[{"@type":"ReadAction","target":["https:\/\/www.estorrent.net\/2021\/08\/16\/sandia-un-icono-de-la-agricultura-de-verano-en-ibiza\/"]}]},{"@type":"ImageObject","inLanguage":"ca","@id":"https:\/\/www.estorrent.net\/2021\/08\/16\/sandia-un-icono-de-la-agricultura-de-verano-en-ibiza\/#primaryimage","url":"https:\/\/www.estorrent.net\/wp-content\/uploads\/2021\/08\/sandia.jpg","contentUrl":"https:\/\/www.estorrent.net\/wp-content\/uploads\/2021\/08\/sandia.jpg","width":6000,"height":4000},{"@type":"BreadcrumbList","@id":"https:\/\/www.estorrent.net\/2021\/08\/16\/sandia-un-icono-de-la-agricultura-de-verano-en-ibiza\/#breadcrumb","itemListElement":[{"@type":"ListItem","position":1,"name":"Portada","item":"https:\/\/www.estorrent.net\/"},{"@type":"ListItem","position":2,"name":"X\u00edndria, una icona de l&#8217;agricultura d&#8217;estiu a Eivissa"}]},{"@type":"WebSite","@id":"https:\/\/www.estorrent.net\/#website","url":"https:\/\/www.estorrent.net\/","name":"Restaurante Es Torrent","description":"","potentialAction":[{"@type":"SearchAction","target":{"@type":"EntryPoint","urlTemplate":"https:\/\/www.estorrent.net\/?s={search_term_string}"},"query-input":{"@type":"PropertyValueSpecification","valueRequired":true,"valueName":"search_term_string"}}],"inLanguage":"ca"},{"@type":"Person","@id":"https:\/\/www.estorrent.net\/#\/schema\/person\/3347087d39c6f306963780c3f452bb0a","name":"Xescu","image":{"@type":"ImageObject","inLanguage":"ca","@id":"https:\/\/www.estorrent.net\/#\/schema\/person\/image\/","url":"https:\/\/secure.gravatar.com\/avatar\/d569ee5739a9c7022470ea472c9b4b9cf476e15f1be71e5242c911d673d14ad9?s=96&d=mm&r=g","contentUrl":"https:\/\/secure.gravatar.com\/avatar\/d569ee5739a9c7022470ea472c9b4b9cf476e15f1be71e5242c911d673d14ad9?s=96&d=mm&r=g","caption":"Xescu"},"url":"https:\/\/www.estorrent.net\/ca\/author\/xescu\/"}]}},"_links":{"self":[{"href":"https:\/\/www.estorrent.net\/ca\/wp-json\/wp\/v2\/posts\/18562","targetHints":{"allow":["GET"]}}],"collection":[{"href":"https:\/\/www.estorrent.net\/ca\/wp-json\/wp\/v2\/posts"}],"about":[{"href":"https:\/\/www.estorrent.net\/ca\/wp-json\/wp\/v2\/types\/post"}],"author":[{"embeddable":true,"href":"https:\/\/www.estorrent.net\/ca\/wp-json\/wp\/v2\/users\/2"}],"replies":[{"embeddable":true,"href":"https:\/\/www.estorrent.net\/ca\/wp-json\/wp\/v2\/comments?post=18562"}],"version-history":[{"count":3,"href":"https:\/\/www.estorrent.net\/ca\/wp-json\/wp\/v2\/posts\/18562\/revisions"}],"predecessor-version":[{"id":18566,"href":"https:\/\/www.estorrent.net\/ca\/wp-json\/wp\/v2\/posts\/18562\/revisions\/18566"}],"wp:featuredmedia":[{"embeddable":true,"href":"https:\/\/www.estorrent.net\/ca\/wp-json\/wp\/v2\/media\/18559"}],"wp:attachment":[{"href":"https:\/\/www.estorrent.net\/ca\/wp-json\/wp\/v2\/media?parent=18562"}],"wp:term":[{"taxonomy":"category","embeddable":true,"href":"https:\/\/www.estorrent.net\/ca\/wp-json\/wp\/v2\/categories?post=18562"},{"taxonomy":"post_tag","embeddable":true,"href":"https:\/\/www.estorrent.net\/ca\/wp-json\/wp\/v2\/tags?post=18562"}],"curies":[{"name":"wp","href":"https:\/\/api.w.org\/{rel}","templated":true}]}}