{"id":18407,"date":"2021-04-19T19:04:19","date_gmt":"2021-04-19T17:04:19","guid":{"rendered":"https:\/\/www.estorrent.net\/2021\/04\/19\/es-torrent-volvera-a-abrir-sus-puertas-el-14-de-mayo-con-todas-las-medidas-de-seguridad\/"},"modified":"2021-04-19T19:12:06","modified_gmt":"2021-04-19T17:12:06","slug":"es-torrent-tornara-a-obrir-les-seves-portes-el-14-de-maig-amb-totes-les-mesures-de-seguretat","status":"publish","type":"post","link":"https:\/\/www.estorrent.net\/ca\/2021\/04\/19\/es-torrent-tornara-a-obrir-les-seves-portes-el-14-de-maig-amb-totes-les-mesures-de-seguretat\/","title":{"rendered":"Es Torrent tornar\u00e0 a obrir les seves portes el 14 de maig, amb totes les mesures de seguretat"},"content":{"rendered":"<p>Ja tenim data d&#8217;obertura per a aquesta temporada de 2021! Ser\u00e0 dins d&#8217;unes poques setmanes, el divendres 14 de maig, i ho farem amb renovada il\u00b7lusi\u00f3 i moltes ganes d&#8217;oferir la nostra cuina marinera i la nostra atmosfera tranquil\u00b7la i segura, des d&#8217;aquest rac\u00f3 obert a la naturalesa d&#8217;Eivissa.<\/p>\n<p>Igual que ja va succeir l&#8217;any passat per les dif\u00edcils circumst\u00e0ncies que viu el m\u00f3n, comen\u00e7arem amb un important retard d&#8217;un mes i alguna setmana, per\u00f2 les prioritats sanit\u00e0ries manen i quan ens posem en marxa tornarem a fer-ho amb totes les garanties. L&#8217;any passat, Es Torrent va viure la temporada m\u00e9s curta de la seva hist\u00f2ria, ja que vam comen\u00e7ar el 19 de juny, quan ten\u00edem previst fer-ho a primers d&#8217;abril, i tancarem la temporada el 20 de setembre. En aquesta ocasi\u00f3, esperem continuar oberts almenys fins a finals d&#8217;octubre, com \u00e9s habitual, encara que aquesta data encara \u00e9s provisional.<\/p>\n<p>Ja estem treballant per a posar a punt el restaurant i que tot estigui llest per al gran dia de la reobertura. A m\u00e9s de condicionar els diferents espais i preparar la platja, com tots els anys, estem adoptant totes les mesures sanit\u00e0ries i de distanciament social que han establert les autoritats. Volem que els nostres clients, com sempre, gaudeixin de la gastronomia i la naturalesa de Es Torrent, en les millors condicions de seguretat.<\/p>\n<p>Volem recordar que totes les reserves de fins a 10 persones cal tramitar-les exclusivament per tel\u00e8fon, a trav\u00e9s del +34 971 802 160, i que, en els mesos forts de la temporada, resulta aconsellable cridar amb diversos dies d&#8217;antelaci\u00f3.<\/p>\n<p>Per a consultes relacionades amb esdeveniments i reserves de grups de m\u00e9s de 10 persones en temporada alta (juliol, agost i setembre), es pot escriure al correu electr\u00f2nic d&#8217;esdeveniments del nostre restaurant: <a href=\"mailto:grupos@estorrent.net\" target=\"_blank\" rel=\"noopener noreferrer\">grupos@estorrent.net<\/a>.<\/p>\n<p>Com sempre, la nostra carta inclour\u00e0 els plats m\u00e9s emblem\u00e0tics que surten de la cuina, com bullit de peix amb arr\u00f2s a banda, peixos al forn, llagosta amb ous frits, arrossos i fideu\u00e1s, entre altres. En tot cas, poden consultar-se a la nostra p\u00e0gina web, a l&#8217;apartat <a href=\"\/?page_id=16288\" target=\"_blank\" rel=\"noopener noreferrer\">El Fest\u00ed<\/a>.<\/p>\n<p>Els esperem!<\/p>\n","protected":false},"excerpt":{"rendered":"<p>Ja tenim data d&#8217;obertura per a aquesta temporada de 2021! Ser\u00e0 dins d&#8217;unes poques setmanes, el divendres 14 de maig, i ho farem amb renovada il\u00b7lusi\u00f3 i moltes ganes d&#8217;oferir la nostra cuina marinera i la nostra atmosfera tranquil\u00b7la i segura, des d&#8217;aquest rac\u00f3 obert a la naturalesa d&#8217;Eivissa. Igual que ja va succeir l&#8217;any passat per les dif\u00edcils circumst\u00e0ncies&#8230;<\/p>\n","protected":false},"author":2,"featured_media":18404,"comment_status":"open","ping_status":"open","sticky":false,"template":"","format":"standard","meta":{"footnotes":""},"categories":[103],"tags":[235,222],"class_list":["post-18407","post","type-post","status-publish","format-standard","has-post-thumbnail","hentry","category-gastronomia-ca","tag-eivissa-ca","tag-ibiza-ca"],"yoast_head":"<!-- This site is optimized with the Yoast SEO plugin v26.7 - https:\/\/yoast.com\/wordpress\/plugins\/seo\/ -->\n<title>Es Torrent tornar\u00e0 a obrir les seves portes el 14 de maig, amb totes les mesures de seguretat - Restaurante Es Torrent<\/title>\n<meta name=\"description\" content=\"Ja tenim data d&#039;obertura per a aquesta temporada de 2021! Ser\u00e0 dins d&#039;unes poques setmanes, el divendres 14 de maig, i ho farem amb renovada il\u00b7lusi\u00f3 i\" \/>\n<meta name=\"robots\" content=\"index, follow, max-snippet:-1, max-image-preview:large, max-video-preview:-1\" \/>\n<link rel=\"canonical\" href=\"https:\/\/www.estorrent.net\/2021\/04\/19\/es-torrent-volvera-a-abrir-sus-puertas-el-14-de-mayo-con-todas-las-medidas-de-seguridad\/\" \/>\n<meta property=\"og:locale\" content=\"ca_ES\" \/>\n<meta property=\"og:type\" content=\"article\" \/>\n<meta property=\"og:title\" content=\"Es Torrent tornar\u00e0 a obrir les seves portes el 14 de maig, amb totes les mesures de seguretat - Restaurante Es Torrent\" \/>\n<meta property=\"og:description\" content=\"Ja tenim data d&#039;obertura per a aquesta temporada de 2021! Ser\u00e0 dins d&#039;unes poques setmanes, el divendres 14 de maig, i ho farem amb renovada il\u00b7lusi\u00f3 i\" \/>\n<meta property=\"og:url\" content=\"https:\/\/www.estorrent.net\/2021\/04\/19\/es-torrent-volvera-a-abrir-sus-puertas-el-14-de-mayo-con-todas-las-medidas-de-seguridad\/\" \/>\n<meta property=\"og:site_name\" content=\"Restaurante Es Torrent\" \/>\n<meta property=\"article:published_time\" content=\"2021-04-19T17:04:19+00:00\" \/>\n<meta property=\"article:modified_time\" content=\"2021-04-19T17:12:06+00:00\" \/>\n<meta property=\"og:image\" content=\"https:\/\/www.estorrent.net\/wp-content\/uploads\/2021\/04\/DSC_5504.jpg\" \/>\n\t<meta property=\"og:image:width\" content=\"900\" \/>\n\t<meta property=\"og:image:height\" content=\"600\" \/>\n\t<meta property=\"og:image:type\" content=\"image\/jpeg\" \/>\n<meta name=\"author\" content=\"Xescu\" \/>\n<meta name=\"twitter:card\" content=\"summary_large_image\" \/>\n<meta name=\"twitter:label1\" content=\"Escrit per\" \/>\n\t<meta name=\"twitter:data1\" content=\"Xescu\" \/>\n\t<meta name=\"twitter:label2\" content=\"Temps estimat de lectura\" \/>\n\t<meta name=\"twitter:data2\" content=\"2 minuts\" \/>\n<script type=\"application\/ld+json\" class=\"yoast-schema-graph\">{\"@context\":\"https:\/\/schema.org\",\"@graph\":[{\"@type\":\"Article\",\"@id\":\"https:\/\/www.estorrent.net\/2021\/04\/19\/es-torrent-volvera-a-abrir-sus-puertas-el-14-de-mayo-con-todas-las-medidas-de-seguridad\/#article\",\"isPartOf\":{\"@id\":\"https:\/\/www.estorrent.net\/2021\/04\/19\/es-torrent-volvera-a-abrir-sus-puertas-el-14-de-mayo-con-todas-las-medidas-de-seguridad\/\"},\"author\":{\"name\":\"Xescu\",\"@id\":\"https:\/\/www.estorrent.net\/#\/schema\/person\/3347087d39c6f306963780c3f452bb0a\"},\"headline\":\"Es Torrent tornar\u00e0 a obrir les seves portes el 14 de maig, amb totes les mesures de seguretat\",\"datePublished\":\"2021-04-19T17:04:19+00:00\",\"dateModified\":\"2021-04-19T17:12:06+00:00\",\"mainEntityOfPage\":{\"@id\":\"https:\/\/www.estorrent.net\/2021\/04\/19\/es-torrent-volvera-a-abrir-sus-puertas-el-14-de-mayo-con-todas-las-medidas-de-seguridad\/\"},\"wordCount\":392,\"commentCount\":0,\"image\":{\"@id\":\"https:\/\/www.estorrent.net\/2021\/04\/19\/es-torrent-volvera-a-abrir-sus-puertas-el-14-de-mayo-con-todas-las-medidas-de-seguridad\/#primaryimage\"},\"thumbnailUrl\":\"https:\/\/www.estorrent.net\/wp-content\/uploads\/2021\/04\/DSC_5504.jpg\",\"keywords\":[\"eivissa\",\"Ibiza\"],\"articleSection\":[\"Gastronom\u00eda\"],\"inLanguage\":\"ca\",\"potentialAction\":[{\"@type\":\"CommentAction\",\"name\":\"Comment\",\"target\":[\"https:\/\/www.estorrent.net\/2021\/04\/19\/es-torrent-volvera-a-abrir-sus-puertas-el-14-de-mayo-con-todas-las-medidas-de-seguridad\/#respond\"]}]},{\"@type\":\"WebPage\",\"@id\":\"https:\/\/www.estorrent.net\/2021\/04\/19\/es-torrent-volvera-a-abrir-sus-puertas-el-14-de-mayo-con-todas-las-medidas-de-seguridad\/\",\"url\":\"https:\/\/www.estorrent.net\/2021\/04\/19\/es-torrent-volvera-a-abrir-sus-puertas-el-14-de-mayo-con-todas-las-medidas-de-seguridad\/\",\"name\":\"Es Torrent tornar\u00e0 a obrir les seves portes el 14 de maig, amb totes les mesures de seguretat - Restaurante Es Torrent\",\"isPartOf\":{\"@id\":\"https:\/\/www.estorrent.net\/#website\"},\"primaryImageOfPage\":{\"@id\":\"https:\/\/www.estorrent.net\/2021\/04\/19\/es-torrent-volvera-a-abrir-sus-puertas-el-14-de-mayo-con-todas-las-medidas-de-seguridad\/#primaryimage\"},\"image\":{\"@id\":\"https:\/\/www.estorrent.net\/2021\/04\/19\/es-torrent-volvera-a-abrir-sus-puertas-el-14-de-mayo-con-todas-las-medidas-de-seguridad\/#primaryimage\"},\"thumbnailUrl\":\"https:\/\/www.estorrent.net\/wp-content\/uploads\/2021\/04\/DSC_5504.jpg\",\"datePublished\":\"2021-04-19T17:04:19+00:00\",\"dateModified\":\"2021-04-19T17:12:06+00:00\",\"author\":{\"@id\":\"https:\/\/www.estorrent.net\/#\/schema\/person\/3347087d39c6f306963780c3f452bb0a\"},\"description\":\"Ja tenim data d'obertura per a aquesta temporada de 2021! Ser\u00e0 dins d'unes poques setmanes, el divendres 14 de maig, i ho farem amb renovada il\u00b7lusi\u00f3 i\",\"breadcrumb\":{\"@id\":\"https:\/\/www.estorrent.net\/2021\/04\/19\/es-torrent-volvera-a-abrir-sus-puertas-el-14-de-mayo-con-todas-las-medidas-de-seguridad\/#breadcrumb\"},\"inLanguage\":\"ca\",\"potentialAction\":[{\"@type\":\"ReadAction\",\"target\":[\"https:\/\/www.estorrent.net\/2021\/04\/19\/es-torrent-volvera-a-abrir-sus-puertas-el-14-de-mayo-con-todas-las-medidas-de-seguridad\/\"]}]},{\"@type\":\"ImageObject\",\"inLanguage\":\"ca\",\"@id\":\"https:\/\/www.estorrent.net\/2021\/04\/19\/es-torrent-volvera-a-abrir-sus-puertas-el-14-de-mayo-con-todas-las-medidas-de-seguridad\/#primaryimage\",\"url\":\"https:\/\/www.estorrent.net\/wp-content\/uploads\/2021\/04\/DSC_5504.jpg\",\"contentUrl\":\"https:\/\/www.estorrent.net\/wp-content\/uploads\/2021\/04\/DSC_5504.jpg\",\"width\":900,\"height\":600},{\"@type\":\"BreadcrumbList\",\"@id\":\"https:\/\/www.estorrent.net\/2021\/04\/19\/es-torrent-volvera-a-abrir-sus-puertas-el-14-de-mayo-con-todas-las-medidas-de-seguridad\/#breadcrumb\",\"itemListElement\":[{\"@type\":\"ListItem\",\"position\":1,\"name\":\"Portada\",\"item\":\"https:\/\/www.estorrent.net\/\"},{\"@type\":\"ListItem\",\"position\":2,\"name\":\"Es Torrent tornar\u00e0 a obrir les seves portes el 14 de maig, amb totes les mesures de seguretat\"}]},{\"@type\":\"WebSite\",\"@id\":\"https:\/\/www.estorrent.net\/#website\",\"url\":\"https:\/\/www.estorrent.net\/\",\"name\":\"Restaurante Es Torrent\",\"description\":\"\",\"potentialAction\":[{\"@type\":\"SearchAction\",\"target\":{\"@type\":\"EntryPoint\",\"urlTemplate\":\"https:\/\/www.estorrent.net\/?s={search_term_string}\"},\"query-input\":{\"@type\":\"PropertyValueSpecification\",\"valueRequired\":true,\"valueName\":\"search_term_string\"}}],\"inLanguage\":\"ca\"},{\"@type\":\"Person\",\"@id\":\"https:\/\/www.estorrent.net\/#\/schema\/person\/3347087d39c6f306963780c3f452bb0a\",\"name\":\"Xescu\",\"image\":{\"@type\":\"ImageObject\",\"inLanguage\":\"ca\",\"@id\":\"https:\/\/www.estorrent.net\/#\/schema\/person\/image\/\",\"url\":\"https:\/\/secure.gravatar.com\/avatar\/d569ee5739a9c7022470ea472c9b4b9cf476e15f1be71e5242c911d673d14ad9?s=96&d=mm&r=g\",\"contentUrl\":\"https:\/\/secure.gravatar.com\/avatar\/d569ee5739a9c7022470ea472c9b4b9cf476e15f1be71e5242c911d673d14ad9?s=96&d=mm&r=g\",\"caption\":\"Xescu\"},\"url\":\"https:\/\/www.estorrent.net\/ca\/author\/xescu\/\"}]}<\/script>\n<!-- \/ Yoast SEO plugin. -->","yoast_head_json":{"title":"Es Torrent tornar\u00e0 a obrir les seves portes el 14 de maig, amb totes les mesures de seguretat - Restaurante Es Torrent","description":"Ja tenim data d'obertura per a aquesta temporada de 2021! Ser\u00e0 dins d'unes poques setmanes, el divendres 14 de maig, i ho farem amb renovada il\u00b7lusi\u00f3 i","robots":{"index":"index","follow":"follow","max-snippet":"max-snippet:-1","max-image-preview":"max-image-preview:large","max-video-preview":"max-video-preview:-1"},"canonical":"https:\/\/www.estorrent.net\/2021\/04\/19\/es-torrent-volvera-a-abrir-sus-puertas-el-14-de-mayo-con-todas-las-medidas-de-seguridad\/","og_locale":"ca_ES","og_type":"article","og_title":"Es Torrent tornar\u00e0 a obrir les seves portes el 14 de maig, amb totes les mesures de seguretat - Restaurante Es Torrent","og_description":"Ja tenim data d'obertura per a aquesta temporada de 2021! Ser\u00e0 dins d'unes poques setmanes, el divendres 14 de maig, i ho farem amb renovada il\u00b7lusi\u00f3 i","og_url":"https:\/\/www.estorrent.net\/2021\/04\/19\/es-torrent-volvera-a-abrir-sus-puertas-el-14-de-mayo-con-todas-las-medidas-de-seguridad\/","og_site_name":"Restaurante Es Torrent","article_published_time":"2021-04-19T17:04:19+00:00","article_modified_time":"2021-04-19T17:12:06+00:00","og_image":[{"width":900,"height":600,"url":"https:\/\/www.estorrent.net\/wp-content\/uploads\/2021\/04\/DSC_5504.jpg","type":"image\/jpeg"}],"author":"Xescu","twitter_card":"summary_large_image","twitter_misc":{"Escrit per":"Xescu","Temps estimat de lectura":"2 minuts"},"schema":{"@context":"https:\/\/schema.org","@graph":[{"@type":"Article","@id":"https:\/\/www.estorrent.net\/2021\/04\/19\/es-torrent-volvera-a-abrir-sus-puertas-el-14-de-mayo-con-todas-las-medidas-de-seguridad\/#article","isPartOf":{"@id":"https:\/\/www.estorrent.net\/2021\/04\/19\/es-torrent-volvera-a-abrir-sus-puertas-el-14-de-mayo-con-todas-las-medidas-de-seguridad\/"},"author":{"name":"Xescu","@id":"https:\/\/www.estorrent.net\/#\/schema\/person\/3347087d39c6f306963780c3f452bb0a"},"headline":"Es Torrent tornar\u00e0 a obrir les seves portes el 14 de maig, amb totes les mesures de seguretat","datePublished":"2021-04-19T17:04:19+00:00","dateModified":"2021-04-19T17:12:06+00:00","mainEntityOfPage":{"@id":"https:\/\/www.estorrent.net\/2021\/04\/19\/es-torrent-volvera-a-abrir-sus-puertas-el-14-de-mayo-con-todas-las-medidas-de-seguridad\/"},"wordCount":392,"commentCount":0,"image":{"@id":"https:\/\/www.estorrent.net\/2021\/04\/19\/es-torrent-volvera-a-abrir-sus-puertas-el-14-de-mayo-con-todas-las-medidas-de-seguridad\/#primaryimage"},"thumbnailUrl":"https:\/\/www.estorrent.net\/wp-content\/uploads\/2021\/04\/DSC_5504.jpg","keywords":["eivissa","Ibiza"],"articleSection":["Gastronom\u00eda"],"inLanguage":"ca","potentialAction":[{"@type":"CommentAction","name":"Comment","target":["https:\/\/www.estorrent.net\/2021\/04\/19\/es-torrent-volvera-a-abrir-sus-puertas-el-14-de-mayo-con-todas-las-medidas-de-seguridad\/#respond"]}]},{"@type":"WebPage","@id":"https:\/\/www.estorrent.net\/2021\/04\/19\/es-torrent-volvera-a-abrir-sus-puertas-el-14-de-mayo-con-todas-las-medidas-de-seguridad\/","url":"https:\/\/www.estorrent.net\/2021\/04\/19\/es-torrent-volvera-a-abrir-sus-puertas-el-14-de-mayo-con-todas-las-medidas-de-seguridad\/","name":"Es Torrent tornar\u00e0 a obrir les seves portes el 14 de maig, amb totes les mesures de seguretat - Restaurante Es Torrent","isPartOf":{"@id":"https:\/\/www.estorrent.net\/#website"},"primaryImageOfPage":{"@id":"https:\/\/www.estorrent.net\/2021\/04\/19\/es-torrent-volvera-a-abrir-sus-puertas-el-14-de-mayo-con-todas-las-medidas-de-seguridad\/#primaryimage"},"image":{"@id":"https:\/\/www.estorrent.net\/2021\/04\/19\/es-torrent-volvera-a-abrir-sus-puertas-el-14-de-mayo-con-todas-las-medidas-de-seguridad\/#primaryimage"},"thumbnailUrl":"https:\/\/www.estorrent.net\/wp-content\/uploads\/2021\/04\/DSC_5504.jpg","datePublished":"2021-04-19T17:04:19+00:00","dateModified":"2021-04-19T17:12:06+00:00","author":{"@id":"https:\/\/www.estorrent.net\/#\/schema\/person\/3347087d39c6f306963780c3f452bb0a"},"description":"Ja tenim data d'obertura per a aquesta temporada de 2021! Ser\u00e0 dins d'unes poques setmanes, el divendres 14 de maig, i ho farem amb renovada il\u00b7lusi\u00f3 i","breadcrumb":{"@id":"https:\/\/www.estorrent.net\/2021\/04\/19\/es-torrent-volvera-a-abrir-sus-puertas-el-14-de-mayo-con-todas-las-medidas-de-seguridad\/#breadcrumb"},"inLanguage":"ca","potentialAction":[{"@type":"ReadAction","target":["https:\/\/www.estorrent.net\/2021\/04\/19\/es-torrent-volvera-a-abrir-sus-puertas-el-14-de-mayo-con-todas-las-medidas-de-seguridad\/"]}]},{"@type":"ImageObject","inLanguage":"ca","@id":"https:\/\/www.estorrent.net\/2021\/04\/19\/es-torrent-volvera-a-abrir-sus-puertas-el-14-de-mayo-con-todas-las-medidas-de-seguridad\/#primaryimage","url":"https:\/\/www.estorrent.net\/wp-content\/uploads\/2021\/04\/DSC_5504.jpg","contentUrl":"https:\/\/www.estorrent.net\/wp-content\/uploads\/2021\/04\/DSC_5504.jpg","width":900,"height":600},{"@type":"BreadcrumbList","@id":"https:\/\/www.estorrent.net\/2021\/04\/19\/es-torrent-volvera-a-abrir-sus-puertas-el-14-de-mayo-con-todas-las-medidas-de-seguridad\/#breadcrumb","itemListElement":[{"@type":"ListItem","position":1,"name":"Portada","item":"https:\/\/www.estorrent.net\/"},{"@type":"ListItem","position":2,"name":"Es Torrent tornar\u00e0 a obrir les seves portes el 14 de maig, amb totes les mesures de seguretat"}]},{"@type":"WebSite","@id":"https:\/\/www.estorrent.net\/#website","url":"https:\/\/www.estorrent.net\/","name":"Restaurante Es Torrent","description":"","potentialAction":[{"@type":"SearchAction","target":{"@type":"EntryPoint","urlTemplate":"https:\/\/www.estorrent.net\/?s={search_term_string}"},"query-input":{"@type":"PropertyValueSpecification","valueRequired":true,"valueName":"search_term_string"}}],"inLanguage":"ca"},{"@type":"Person","@id":"https:\/\/www.estorrent.net\/#\/schema\/person\/3347087d39c6f306963780c3f452bb0a","name":"Xescu","image":{"@type":"ImageObject","inLanguage":"ca","@id":"https:\/\/www.estorrent.net\/#\/schema\/person\/image\/","url":"https:\/\/secure.gravatar.com\/avatar\/d569ee5739a9c7022470ea472c9b4b9cf476e15f1be71e5242c911d673d14ad9?s=96&d=mm&r=g","contentUrl":"https:\/\/secure.gravatar.com\/avatar\/d569ee5739a9c7022470ea472c9b4b9cf476e15f1be71e5242c911d673d14ad9?s=96&d=mm&r=g","caption":"Xescu"},"url":"https:\/\/www.estorrent.net\/ca\/author\/xescu\/"}]}},"_links":{"self":[{"href":"https:\/\/www.estorrent.net\/ca\/wp-json\/wp\/v2\/posts\/18407","targetHints":{"allow":["GET"]}}],"collection":[{"href":"https:\/\/www.estorrent.net\/ca\/wp-json\/wp\/v2\/posts"}],"about":[{"href":"https:\/\/www.estorrent.net\/ca\/wp-json\/wp\/v2\/types\/post"}],"author":[{"embeddable":true,"href":"https:\/\/www.estorrent.net\/ca\/wp-json\/wp\/v2\/users\/2"}],"replies":[{"embeddable":true,"href":"https:\/\/www.estorrent.net\/ca\/wp-json\/wp\/v2\/comments?post=18407"}],"version-history":[{"count":4,"href":"https:\/\/www.estorrent.net\/ca\/wp-json\/wp\/v2\/posts\/18407\/revisions"}],"predecessor-version":[{"id":18414,"href":"https:\/\/www.estorrent.net\/ca\/wp-json\/wp\/v2\/posts\/18407\/revisions\/18414"}],"wp:featuredmedia":[{"embeddable":true,"href":"https:\/\/www.estorrent.net\/ca\/wp-json\/wp\/v2\/media\/18404"}],"wp:attachment":[{"href":"https:\/\/www.estorrent.net\/ca\/wp-json\/wp\/v2\/media?parent=18407"}],"wp:term":[{"taxonomy":"category","embeddable":true,"href":"https:\/\/www.estorrent.net\/ca\/wp-json\/wp\/v2\/categories?post=18407"},{"taxonomy":"post_tag","embeddable":true,"href":"https:\/\/www.estorrent.net\/ca\/wp-json\/wp\/v2\/tags?post=18407"}],"curies":[{"name":"wp","href":"https:\/\/api.w.org\/{rel}","templated":true}]}}