{"id":18286,"date":"2020-09-28T20:33:36","date_gmt":"2020-09-28T18:33:36","guid":{"rendered":"https:\/\/www.estorrent.net\/2020\/09\/28\/septiembre-el-mes-del-raor\/"},"modified":"2020-09-28T20:41:31","modified_gmt":"2020-09-28T18:41:31","slug":"setembre-el-mes-del-raor","status":"publish","type":"post","link":"https:\/\/www.estorrent.net\/ca\/2020\/09\/28\/setembre-el-mes-del-raor\/","title":{"rendered":"Setembre, el mes del raor&#8217;"},"content":{"rendered":"<p>Des del punt de vista de la pesca i els productes de la mar, setembre \u00e9s, sense g\u00e8nere de dubte, el mes del raor a Eivissa. La veda d&#8217;aquest saboros\u00edssim i cotitzat peix s&#8217;aixeca el dia 1 i no torna fins a abril, encara que \u00e9s al final de l&#8217;estiu i al principi de la tardor quan la costa pitiusa experimenta una aut\u00e8ntica febre per part dels aficionats a atrapar-lo.<\/p>\n<p>El nom cient\u00edfic del raor \u00e9s <em>xyrichthys novacula<\/em> i en altres latituds se&#8217;l coneix tamb\u00e9 com a llorito, <em>gal\u00e1n<\/em>, <em>p\u00e1mpano<\/em>, <em>pinta<\/em>, <em>pejepeine<\/em> o <em>papagayo<\/em>. Alguns d&#8217;aquests noms tenen relaci\u00f3 amb la seva forma de ra\u00f3, pinta o fulla d&#8217;afaitar. Crida l&#8217;atenci\u00f3 pel seu aspecte pla, el color rosat, a vegades vermell intens, i la seva pell gelatinosa, culpable en gran part del seu delicat sabor. Gr\u00e0cies a aquesta caracter\u00edstica, a Es Torrent, com a la major part de les illes Piti\u00fcses, el cuinem tal qual, sense llevar-li les escates ni enfarinar-ho, en abundant oli d&#8217;oliva molt calent. Nom\u00e9s li afegim un polsim de sal. Podem assegurar, sense por d&#8217;exagerar, que en boca deixa un regust intens a mar.<\/p>\n<p><a href=\"https:\/\/www.estorrent.net\/wp-content\/uploads\/2020\/09\/DSC_5999.jpg\" rel=\"lightbox[18286]\"><img loading=\"lazy\" decoding=\"async\" class=\"alignnone size-full wp-image-18282\" src=\"https:\/\/www.estorrent.net\/wp-content\/uploads\/2020\/09\/DSC_5999.jpg\" alt=\"\" width=\"800\" height=\"600\" srcset=\"https:\/\/www.estorrent.net\/wp-content\/uploads\/2020\/09\/DSC_5999.jpg 800w, https:\/\/www.estorrent.net\/wp-content\/uploads\/2020\/09\/DSC_5999-300x225.jpg 300w, https:\/\/www.estorrent.net\/wp-content\/uploads\/2020\/09\/DSC_5999-768x576.jpg 768w, https:\/\/www.estorrent.net\/wp-content\/uploads\/2020\/09\/DSC_5999-700x525.jpg 700w\" sizes=\"auto, (max-width: 800px) 100vw, 800px\" \/><\/a><\/p>\n<p>L&#8217;objectiu de la veda del raor \u00e9s protegir a aquesta esp\u00e8cie i garantir que es duu a terme una pesca sostenible. En el restaurant, no obstant aix\u00f2, el servim tota la temporada per\u00f2 fins que arriba setembre el portem de la costa catalana o del Llevant, on no hi ha veda i la demanda \u00e9s menor perqu\u00e8 all\u00ed no \u00e9s tan valorat com a Eivissa. Una vegada que ja pot pescar-se, la quantitat m\u00e0xima d&#8217;exemplars per llic\u00e8ncia que poden atrapar-se en un dia \u00e9s de 50, amb un m\u00e0xim de 300 unitats per embarcaci\u00f3.<\/p>\n<p>La pesca del raor t\u00e9 un car\u00e0cter recreatiu i s\u00f3n molt poques les embarcacions que es dediquen a ell de manera professional. La veda es va dur a terme per primera vegada l&#8217;any 2000. Com a resultat del seu elevat compliment, l&#8217;esp\u00e8cie s&#8217;ha mantingut en totes les zones i a m\u00e9s s&#8217;ha incrementat en un 20% la talla mitjana dels peixos extrets.<\/p>\n<p>Per a atrapar un quilo solen necessitar-se hores, ja que fan falta entre 20 i 40 exemplars per a aconseguir aquest pes. En els primers dies de captures, la seva cotitzaci\u00f3 arriba als 100 euros a la llotja. Mesura entre 12 i 16 cent\u00edmetres, pes entre 25 i 55 grams i t\u00e9 una longevitat d&#8217;entre 7 i 8 anys. El seu h\u00e0bitat preferit s\u00f3n els fons arenosos, pr\u00f2xims a les praderies de posid\u00f2nia, on poden camuflar-se davant l&#8217;atac de depredadors, encara que sovint es defensen tamb\u00e9 amb les seves afilades dents. S&#8217;alimenta d&#8217;invertebrats, petits peixos, mol\u00b7luscos i crustacis, i el seu per\u00edode reproductiu \u00e9s a final d&#8217;estiu.<\/p>\n","protected":false},"excerpt":{"rendered":"<p>Des del punt de vista de la pesca i els productes de la mar, setembre \u00e9s, sense g\u00e8nere de dubte, el mes del raor a Eivissa. La veda d&#8217;aquest saboros\u00edssim i cotitzat peix s&#8217;aixeca el dia 1 i no torna fins a abril, encara que \u00e9s al final de l&#8217;estiu i al principi de la tardor quan la costa pitiusa&#8230;<\/p>\n","protected":false},"author":2,"featured_media":18277,"comment_status":"open","ping_status":"open","sticky":false,"template":"","format":"standard","meta":{"footnotes":""},"categories":[103],"tags":[],"class_list":["post-18286","post","type-post","status-publish","format-standard","has-post-thumbnail","hentry","category-gastronomia-ca"],"yoast_head":"<!-- This site is optimized with the Yoast SEO plugin v26.7 - https:\/\/yoast.com\/wordpress\/plugins\/seo\/ -->\n<title>Setembre, el mes del raor&#039; - Restaurante Es Torrent<\/title>\n<meta name=\"description\" content=\"Des del punt de vista de la pesca i els productes de la mar, setembre \u00e9s, sense g\u00e8nere de dubte, el mes del raor a Eivissa. La veda d&#039;aquest saboros\u00edssim\" \/>\n<meta name=\"robots\" content=\"index, follow, max-snippet:-1, max-image-preview:large, max-video-preview:-1\" \/>\n<link rel=\"canonical\" href=\"https:\/\/www.estorrent.net\/2020\/09\/28\/septiembre-el-mes-del-raor\/\" \/>\n<meta property=\"og:locale\" content=\"ca_ES\" \/>\n<meta property=\"og:type\" content=\"article\" \/>\n<meta property=\"og:title\" content=\"Setembre, el mes del raor&#039; - Restaurante Es Torrent\" \/>\n<meta property=\"og:description\" content=\"Des del punt de vista de la pesca i els productes de la mar, setembre \u00e9s, sense g\u00e8nere de dubte, el mes del raor a Eivissa. La veda d&#039;aquest saboros\u00edssim\" \/>\n<meta property=\"og:url\" content=\"https:\/\/www.estorrent.net\/2020\/09\/28\/septiembre-el-mes-del-raor\/\" \/>\n<meta property=\"og:site_name\" content=\"Restaurante Es Torrent\" \/>\n<meta property=\"article:published_time\" content=\"2020-09-28T18:33:36+00:00\" \/>\n<meta property=\"article:modified_time\" content=\"2020-09-28T18:41:31+00:00\" \/>\n<meta property=\"og:image\" content=\"https:\/\/www.estorrent.net\/wp-content\/uploads\/2020\/09\/DSC_5634.jpg\" \/>\n\t<meta property=\"og:image:width\" content=\"900\" \/>\n\t<meta property=\"og:image:height\" content=\"650\" \/>\n\t<meta property=\"og:image:type\" content=\"image\/jpeg\" \/>\n<meta name=\"author\" content=\"Xescu\" \/>\n<meta name=\"twitter:card\" content=\"summary_large_image\" \/>\n<meta name=\"twitter:label1\" content=\"Escrit per\" \/>\n\t<meta name=\"twitter:data1\" content=\"Xescu\" \/>\n\t<meta name=\"twitter:label2\" content=\"Temps estimat de lectura\" \/>\n\t<meta name=\"twitter:data2\" content=\"2 minuts\" \/>\n<script type=\"application\/ld+json\" class=\"yoast-schema-graph\">{\"@context\":\"https:\/\/schema.org\",\"@graph\":[{\"@type\":\"Article\",\"@id\":\"https:\/\/www.estorrent.net\/2020\/09\/28\/septiembre-el-mes-del-raor\/#article\",\"isPartOf\":{\"@id\":\"https:\/\/www.estorrent.net\/2020\/09\/28\/septiembre-el-mes-del-raor\/\"},\"author\":{\"name\":\"Xescu\",\"@id\":\"https:\/\/www.estorrent.net\/#\/schema\/person\/3347087d39c6f306963780c3f452bb0a\"},\"headline\":\"Setembre, el mes del raor&#8217;\",\"datePublished\":\"2020-09-28T18:33:36+00:00\",\"dateModified\":\"2020-09-28T18:41:31+00:00\",\"mainEntityOfPage\":{\"@id\":\"https:\/\/www.estorrent.net\/2020\/09\/28\/septiembre-el-mes-del-raor\/\"},\"wordCount\":487,\"commentCount\":0,\"image\":{\"@id\":\"https:\/\/www.estorrent.net\/2020\/09\/28\/septiembre-el-mes-del-raor\/#primaryimage\"},\"thumbnailUrl\":\"https:\/\/www.estorrent.net\/wp-content\/uploads\/2020\/09\/DSC_5634.jpg\",\"articleSection\":[\"Gastronom\u00eda\"],\"inLanguage\":\"ca\",\"potentialAction\":[{\"@type\":\"CommentAction\",\"name\":\"Comment\",\"target\":[\"https:\/\/www.estorrent.net\/2020\/09\/28\/septiembre-el-mes-del-raor\/#respond\"]}]},{\"@type\":\"WebPage\",\"@id\":\"https:\/\/www.estorrent.net\/2020\/09\/28\/septiembre-el-mes-del-raor\/\",\"url\":\"https:\/\/www.estorrent.net\/2020\/09\/28\/septiembre-el-mes-del-raor\/\",\"name\":\"Setembre, el mes del raor' - Restaurante Es Torrent\",\"isPartOf\":{\"@id\":\"https:\/\/www.estorrent.net\/#website\"},\"primaryImageOfPage\":{\"@id\":\"https:\/\/www.estorrent.net\/2020\/09\/28\/septiembre-el-mes-del-raor\/#primaryimage\"},\"image\":{\"@id\":\"https:\/\/www.estorrent.net\/2020\/09\/28\/septiembre-el-mes-del-raor\/#primaryimage\"},\"thumbnailUrl\":\"https:\/\/www.estorrent.net\/wp-content\/uploads\/2020\/09\/DSC_5634.jpg\",\"datePublished\":\"2020-09-28T18:33:36+00:00\",\"dateModified\":\"2020-09-28T18:41:31+00:00\",\"author\":{\"@id\":\"https:\/\/www.estorrent.net\/#\/schema\/person\/3347087d39c6f306963780c3f452bb0a\"},\"description\":\"Des del punt de vista de la pesca i els productes de la mar, setembre \u00e9s, sense g\u00e8nere de dubte, el mes del raor a Eivissa. La veda d'aquest saboros\u00edssim\",\"breadcrumb\":{\"@id\":\"https:\/\/www.estorrent.net\/2020\/09\/28\/septiembre-el-mes-del-raor\/#breadcrumb\"},\"inLanguage\":\"ca\",\"potentialAction\":[{\"@type\":\"ReadAction\",\"target\":[\"https:\/\/www.estorrent.net\/2020\/09\/28\/septiembre-el-mes-del-raor\/\"]}]},{\"@type\":\"ImageObject\",\"inLanguage\":\"ca\",\"@id\":\"https:\/\/www.estorrent.net\/2020\/09\/28\/septiembre-el-mes-del-raor\/#primaryimage\",\"url\":\"https:\/\/www.estorrent.net\/wp-content\/uploads\/2020\/09\/DSC_5634.jpg\",\"contentUrl\":\"https:\/\/www.estorrent.net\/wp-content\/uploads\/2020\/09\/DSC_5634.jpg\",\"width\":900,\"height\":650},{\"@type\":\"BreadcrumbList\",\"@id\":\"https:\/\/www.estorrent.net\/2020\/09\/28\/septiembre-el-mes-del-raor\/#breadcrumb\",\"itemListElement\":[{\"@type\":\"ListItem\",\"position\":1,\"name\":\"Portada\",\"item\":\"https:\/\/www.estorrent.net\/\"},{\"@type\":\"ListItem\",\"position\":2,\"name\":\"Setembre, el mes del raor&#8217;\"}]},{\"@type\":\"WebSite\",\"@id\":\"https:\/\/www.estorrent.net\/#website\",\"url\":\"https:\/\/www.estorrent.net\/\",\"name\":\"Restaurante Es Torrent\",\"description\":\"\",\"potentialAction\":[{\"@type\":\"SearchAction\",\"target\":{\"@type\":\"EntryPoint\",\"urlTemplate\":\"https:\/\/www.estorrent.net\/?s={search_term_string}\"},\"query-input\":{\"@type\":\"PropertyValueSpecification\",\"valueRequired\":true,\"valueName\":\"search_term_string\"}}],\"inLanguage\":\"ca\"},{\"@type\":\"Person\",\"@id\":\"https:\/\/www.estorrent.net\/#\/schema\/person\/3347087d39c6f306963780c3f452bb0a\",\"name\":\"Xescu\",\"image\":{\"@type\":\"ImageObject\",\"inLanguage\":\"ca\",\"@id\":\"https:\/\/www.estorrent.net\/#\/schema\/person\/image\/\",\"url\":\"https:\/\/secure.gravatar.com\/avatar\/d569ee5739a9c7022470ea472c9b4b9cf476e15f1be71e5242c911d673d14ad9?s=96&d=mm&r=g\",\"contentUrl\":\"https:\/\/secure.gravatar.com\/avatar\/d569ee5739a9c7022470ea472c9b4b9cf476e15f1be71e5242c911d673d14ad9?s=96&d=mm&r=g\",\"caption\":\"Xescu\"},\"url\":\"https:\/\/www.estorrent.net\/ca\/author\/xescu\/\"}]}<\/script>\n<!-- \/ Yoast SEO plugin. -->","yoast_head_json":{"title":"Setembre, el mes del raor' - Restaurante Es Torrent","description":"Des del punt de vista de la pesca i els productes de la mar, setembre \u00e9s, sense g\u00e8nere de dubte, el mes del raor a Eivissa. La veda d'aquest saboros\u00edssim","robots":{"index":"index","follow":"follow","max-snippet":"max-snippet:-1","max-image-preview":"max-image-preview:large","max-video-preview":"max-video-preview:-1"},"canonical":"https:\/\/www.estorrent.net\/2020\/09\/28\/septiembre-el-mes-del-raor\/","og_locale":"ca_ES","og_type":"article","og_title":"Setembre, el mes del raor' - Restaurante Es Torrent","og_description":"Des del punt de vista de la pesca i els productes de la mar, setembre \u00e9s, sense g\u00e8nere de dubte, el mes del raor a Eivissa. La veda d'aquest saboros\u00edssim","og_url":"https:\/\/www.estorrent.net\/2020\/09\/28\/septiembre-el-mes-del-raor\/","og_site_name":"Restaurante Es Torrent","article_published_time":"2020-09-28T18:33:36+00:00","article_modified_time":"2020-09-28T18:41:31+00:00","og_image":[{"width":900,"height":650,"url":"https:\/\/www.estorrent.net\/wp-content\/uploads\/2020\/09\/DSC_5634.jpg","type":"image\/jpeg"}],"author":"Xescu","twitter_card":"summary_large_image","twitter_misc":{"Escrit per":"Xescu","Temps estimat de lectura":"2 minuts"},"schema":{"@context":"https:\/\/schema.org","@graph":[{"@type":"Article","@id":"https:\/\/www.estorrent.net\/2020\/09\/28\/septiembre-el-mes-del-raor\/#article","isPartOf":{"@id":"https:\/\/www.estorrent.net\/2020\/09\/28\/septiembre-el-mes-del-raor\/"},"author":{"name":"Xescu","@id":"https:\/\/www.estorrent.net\/#\/schema\/person\/3347087d39c6f306963780c3f452bb0a"},"headline":"Setembre, el mes del raor&#8217;","datePublished":"2020-09-28T18:33:36+00:00","dateModified":"2020-09-28T18:41:31+00:00","mainEntityOfPage":{"@id":"https:\/\/www.estorrent.net\/2020\/09\/28\/septiembre-el-mes-del-raor\/"},"wordCount":487,"commentCount":0,"image":{"@id":"https:\/\/www.estorrent.net\/2020\/09\/28\/septiembre-el-mes-del-raor\/#primaryimage"},"thumbnailUrl":"https:\/\/www.estorrent.net\/wp-content\/uploads\/2020\/09\/DSC_5634.jpg","articleSection":["Gastronom\u00eda"],"inLanguage":"ca","potentialAction":[{"@type":"CommentAction","name":"Comment","target":["https:\/\/www.estorrent.net\/2020\/09\/28\/septiembre-el-mes-del-raor\/#respond"]}]},{"@type":"WebPage","@id":"https:\/\/www.estorrent.net\/2020\/09\/28\/septiembre-el-mes-del-raor\/","url":"https:\/\/www.estorrent.net\/2020\/09\/28\/septiembre-el-mes-del-raor\/","name":"Setembre, el mes del raor' - Restaurante Es Torrent","isPartOf":{"@id":"https:\/\/www.estorrent.net\/#website"},"primaryImageOfPage":{"@id":"https:\/\/www.estorrent.net\/2020\/09\/28\/septiembre-el-mes-del-raor\/#primaryimage"},"image":{"@id":"https:\/\/www.estorrent.net\/2020\/09\/28\/septiembre-el-mes-del-raor\/#primaryimage"},"thumbnailUrl":"https:\/\/www.estorrent.net\/wp-content\/uploads\/2020\/09\/DSC_5634.jpg","datePublished":"2020-09-28T18:33:36+00:00","dateModified":"2020-09-28T18:41:31+00:00","author":{"@id":"https:\/\/www.estorrent.net\/#\/schema\/person\/3347087d39c6f306963780c3f452bb0a"},"description":"Des del punt de vista de la pesca i els productes de la mar, setembre \u00e9s, sense g\u00e8nere de dubte, el mes del raor a Eivissa. La veda d'aquest saboros\u00edssim","breadcrumb":{"@id":"https:\/\/www.estorrent.net\/2020\/09\/28\/septiembre-el-mes-del-raor\/#breadcrumb"},"inLanguage":"ca","potentialAction":[{"@type":"ReadAction","target":["https:\/\/www.estorrent.net\/2020\/09\/28\/septiembre-el-mes-del-raor\/"]}]},{"@type":"ImageObject","inLanguage":"ca","@id":"https:\/\/www.estorrent.net\/2020\/09\/28\/septiembre-el-mes-del-raor\/#primaryimage","url":"https:\/\/www.estorrent.net\/wp-content\/uploads\/2020\/09\/DSC_5634.jpg","contentUrl":"https:\/\/www.estorrent.net\/wp-content\/uploads\/2020\/09\/DSC_5634.jpg","width":900,"height":650},{"@type":"BreadcrumbList","@id":"https:\/\/www.estorrent.net\/2020\/09\/28\/septiembre-el-mes-del-raor\/#breadcrumb","itemListElement":[{"@type":"ListItem","position":1,"name":"Portada","item":"https:\/\/www.estorrent.net\/"},{"@type":"ListItem","position":2,"name":"Setembre, el mes del raor&#8217;"}]},{"@type":"WebSite","@id":"https:\/\/www.estorrent.net\/#website","url":"https:\/\/www.estorrent.net\/","name":"Restaurante Es Torrent","description":"","potentialAction":[{"@type":"SearchAction","target":{"@type":"EntryPoint","urlTemplate":"https:\/\/www.estorrent.net\/?s={search_term_string}"},"query-input":{"@type":"PropertyValueSpecification","valueRequired":true,"valueName":"search_term_string"}}],"inLanguage":"ca"},{"@type":"Person","@id":"https:\/\/www.estorrent.net\/#\/schema\/person\/3347087d39c6f306963780c3f452bb0a","name":"Xescu","image":{"@type":"ImageObject","inLanguage":"ca","@id":"https:\/\/www.estorrent.net\/#\/schema\/person\/image\/","url":"https:\/\/secure.gravatar.com\/avatar\/d569ee5739a9c7022470ea472c9b4b9cf476e15f1be71e5242c911d673d14ad9?s=96&d=mm&r=g","contentUrl":"https:\/\/secure.gravatar.com\/avatar\/d569ee5739a9c7022470ea472c9b4b9cf476e15f1be71e5242c911d673d14ad9?s=96&d=mm&r=g","caption":"Xescu"},"url":"https:\/\/www.estorrent.net\/ca\/author\/xescu\/"}]}},"_links":{"self":[{"href":"https:\/\/www.estorrent.net\/ca\/wp-json\/wp\/v2\/posts\/18286","targetHints":{"allow":["GET"]}}],"collection":[{"href":"https:\/\/www.estorrent.net\/ca\/wp-json\/wp\/v2\/posts"}],"about":[{"href":"https:\/\/www.estorrent.net\/ca\/wp-json\/wp\/v2\/types\/post"}],"author":[{"embeddable":true,"href":"https:\/\/www.estorrent.net\/ca\/wp-json\/wp\/v2\/users\/2"}],"replies":[{"embeddable":true,"href":"https:\/\/www.estorrent.net\/ca\/wp-json\/wp\/v2\/comments?post=18286"}],"version-history":[{"count":4,"href":"https:\/\/www.estorrent.net\/ca\/wp-json\/wp\/v2\/posts\/18286\/revisions"}],"predecessor-version":[{"id":18291,"href":"https:\/\/www.estorrent.net\/ca\/wp-json\/wp\/v2\/posts\/18286\/revisions\/18291"}],"wp:featuredmedia":[{"embeddable":true,"href":"https:\/\/www.estorrent.net\/ca\/wp-json\/wp\/v2\/media\/18277"}],"wp:attachment":[{"href":"https:\/\/www.estorrent.net\/ca\/wp-json\/wp\/v2\/media?parent=18286"}],"wp:term":[{"taxonomy":"category","embeddable":true,"href":"https:\/\/www.estorrent.net\/ca\/wp-json\/wp\/v2\/categories?post=18286"},{"taxonomy":"post_tag","embeddable":true,"href":"https:\/\/www.estorrent.net\/ca\/wp-json\/wp\/v2\/tags?post=18286"}],"curies":[{"name":"wp","href":"https:\/\/api.w.org\/{rel}","templated":true}]}}