{"id":18259,"date":"2020-08-21T17:33:17","date_gmt":"2020-08-21T15:33:17","guid":{"rendered":"https:\/\/www.estorrent.net\/2020\/08\/21\/agosto-tiempo-de-almendras\/"},"modified":"2020-08-21T17:43:34","modified_gmt":"2020-08-21T15:43:34","slug":"agost-temps-de-ametlles","status":"publish","type":"post","link":"https:\/\/www.estorrent.net\/ca\/2020\/08\/21\/agost-temps-de-ametlles\/","title":{"rendered":"Agost, temps d&#8217;ametlles"},"content":{"rendered":"<p>Antigament, malgrat la intensa calor, el mes d&#8217;agost era una de les \u00e8poques de major activitat en els camps d&#8217;Eivissa. Arribava el moment de la recol\u00b7lecta de l&#8217;ametlla, una fruita seca que a l&#8217;illa t\u00e9 una qualitat extraordin\u00e0ria, circumst\u00e0ncia que llavors permetia a moltes fam\u00edlies generar els suficients ingressos com per a adquirir durant tot l&#8217;any els pocs productes i roba que no generaven pels seus propis mitjans a la granja, com a caf\u00e8, sucre, arr\u00f2s, llana, teles, etc\u00e8tera.<\/p>\n<p>Avui, encara que l&#8217;ametlla ha perdut bona part del seu valor o aquest oscil\u00b7la de manera dispar d&#8217;un any a l&#8217;altre, algunes fam\u00edlies continuen recol\u00b7lectant ametlles a les seves finques. Algunes d&#8217;aquestes plantacions ofereixen algunes de les m\u00e9s atractives postals de l&#8217;hivern eivissenc, tal com ocorre per exemple en el Pla de Corona durant la floraci\u00f3. Existeix tamb\u00e9 una certa tend\u00e8ncia entre alguns joves agricultors de tornar a plantar ametllers per a recuperar un cultiu que antany era el m\u00e9s important de quants existien a l&#8217;illa.<\/p>\n<p>Cal tenir en compte que la producci\u00f3 de l&#8217;ametlla, fins a l&#8217;arribada del turisme en els anys seixanta del segle XX, era la segona ind\u00fastria m\u00e9s important de l&#8217;illa, despr\u00e9s de la sal de les salines. Representava, per tant, un dels productes que m\u00e9s s&#8217;exportaven, juntament amb les garroves i les figues i albercocs secs, que es preparaven de manera artesanal.<\/p>\n<p><a href=\"https:\/\/www.estorrent.net\/wp-content\/uploads\/2020\/08\/DSC_3709.jpg\" rel=\"lightbox[18259]\"><img loading=\"lazy\" decoding=\"async\" class=\"alignnone size-full wp-image-18255\" src=\"https:\/\/www.estorrent.net\/wp-content\/uploads\/2020\/08\/DSC_3709.jpg\" alt=\"\" width=\"1600\" height=\"1071\" srcset=\"https:\/\/www.estorrent.net\/wp-content\/uploads\/2020\/08\/DSC_3709.jpg 1600w, https:\/\/www.estorrent.net\/wp-content\/uploads\/2020\/08\/DSC_3709-300x201.jpg 300w, https:\/\/www.estorrent.net\/wp-content\/uploads\/2020\/08\/DSC_3709-768x514.jpg 768w, https:\/\/www.estorrent.net\/wp-content\/uploads\/2020\/08\/DSC_3709-1024x685.jpg 1024w, https:\/\/www.estorrent.net\/wp-content\/uploads\/2020\/08\/DSC_3709-700x469.jpg 700w\" sizes=\"auto, (max-width: 1600px) 100vw, 1600px\" \/><\/a><\/p>\n<p>L&#8217;ametlla eivissenca destaca per la seva qualitat i per l&#8217;enorme quantitat de varietats que es produeixen en els camps. Algunes d&#8217;elles nom\u00e9s existeixen en zones determinades. La \u201cEspineta\u201d, per exemple, nom\u00e9s pot trobar-se en el Pla de Corona, mentre que la \u201cBec de corb\u201d \u00fanicament pot recol\u00b7lectar-se a Es Cubells. Es divideixen en dures (es requereix un trencanous per a partir la seva pela), semidures (la seva pela es pot partir amb les dents per\u00f2 no amb els dits) i molles (es poden obrir amb els dits). Algunes de les varietats tradicionals m\u00e9s conegudes s\u00f3n \u201cBernadina\u201d, \u201cGall\u201d i \u201cMarcona\u201d, en dures; \u201cFita\u201d, \u201cPau\u201d, \u201cPatrona\u201d o \u201cFita Prim\u201d, \u201cTaronja\u201d, \u201cFita Roig\u201d i \u201cPueta\u201d, en semidures, i \u201cMollar Blanca\u201d, \u201cMollar molla\u201d o \u201cMollar de Can Joan\u201d, \u201cMollar de Pera Pujoleta\u201d, \u201cMollar Punta\u201d, \u201cMollar Red\u00f3\u201d, \u201cMollar Roig\u201d, \u201cBec de Corb\u201d i \u201cMollarica\u201d, en molles.<\/p>\n<p>Es tracta d&#8217;un fruit molt valorat des de l&#8217;antiguitat i ja a l&#8217;Edat mitjana se&#8217;l considera una esp\u00e8cia, incorporant-la picada a guisats i salses. A Eivissa es continua utilitzant per fer borrida de rajada i en molts dol\u00e7os, com la popular salsa de Nadal o els panallets de Setmana Santa. Avui \u00e9s considerada un superaliment i a les cases de camp d&#8217;antany sempre hi havia un plat de figues seques i ametlles per a picar a qualsevol hora del dia.<\/p>\n<p>Existeix alguna marca comercial que les ofereix en els supermercats i tamb\u00e9 es poden adquirir a la <a href=\"https:\/\/www.cooperativasantantoni.com\/\" target=\"_blank\" rel=\"noopener noreferrer\">Cooperativa Agr\u00edcola de Sant Antoni<\/a>.<\/p>\n<p><a href=\"https:\/\/www.estorrent.net\/wp-content\/uploads\/2020\/08\/DSC_0619.jpg\" rel=\"lightbox[18259]\"><img loading=\"lazy\" decoding=\"async\" class=\"alignnone size-full wp-image-18249\" src=\"https:\/\/www.estorrent.net\/wp-content\/uploads\/2020\/08\/DSC_0619.jpg\" alt=\"\" width=\"1600\" height=\"1071\" srcset=\"https:\/\/www.estorrent.net\/wp-content\/uploads\/2020\/08\/DSC_0619.jpg 1600w, https:\/\/www.estorrent.net\/wp-content\/uploads\/2020\/08\/DSC_0619-300x201.jpg 300w, https:\/\/www.estorrent.net\/wp-content\/uploads\/2020\/08\/DSC_0619-768x514.jpg 768w, https:\/\/www.estorrent.net\/wp-content\/uploads\/2020\/08\/DSC_0619-1024x685.jpg 1024w, https:\/\/www.estorrent.net\/wp-content\/uploads\/2020\/08\/DSC_0619-700x469.jpg 700w\" sizes=\"auto, (max-width: 1600px) 100vw, 1600px\" \/><\/a><\/p>\n","protected":false},"excerpt":{"rendered":"<p>Antigament, malgrat la intensa calor, el mes d&#8217;agost era una de les \u00e8poques de major activitat en els camps d&#8217;Eivissa. Arribava el moment de la recol\u00b7lecta de l&#8217;ametlla, una fruita seca que a l&#8217;illa t\u00e9 una qualitat extraordin\u00e0ria, circumst\u00e0ncia que llavors permetia a moltes fam\u00edlies generar els suficients ingressos com per a adquirir durant tot l&#8217;any els pocs productes i&#8230;<\/p>\n","protected":false},"author":2,"featured_media":18253,"comment_status":"open","ping_status":"open","sticky":false,"template":"","format":"standard","meta":{"footnotes":""},"categories":[103],"tags":[],"class_list":["post-18259","post","type-post","status-publish","format-standard","has-post-thumbnail","hentry","category-gastronomia-ca"],"yoast_head":"<!-- This site is optimized with the Yoast SEO plugin v26.7 - https:\/\/yoast.com\/wordpress\/plugins\/seo\/ -->\n<title>Agost, temps d&#039;ametlles - Restaurante Es Torrent<\/title>\n<meta name=\"description\" content=\"Antigament, malgrat la intensa calor, el mes d&#039;agost era una de les \u00e8poques de major activitat en els camps d&#039;Eivissa. Arribava el moment de la\" \/>\n<meta name=\"robots\" content=\"index, follow, max-snippet:-1, max-image-preview:large, max-video-preview:-1\" \/>\n<link rel=\"canonical\" href=\"https:\/\/www.estorrent.net\/2020\/08\/21\/agosto-tiempo-de-almendras\/\" \/>\n<meta property=\"og:locale\" content=\"ca_ES\" \/>\n<meta property=\"og:type\" content=\"article\" \/>\n<meta property=\"og:title\" content=\"Agost, temps d&#039;ametlles - Restaurante Es Torrent\" \/>\n<meta property=\"og:description\" content=\"Antigament, malgrat la intensa calor, el mes d&#039;agost era una de les \u00e8poques de major activitat en els camps d&#039;Eivissa. Arribava el moment de la\" \/>\n<meta property=\"og:url\" content=\"https:\/\/www.estorrent.net\/2020\/08\/21\/agosto-tiempo-de-almendras\/\" \/>\n<meta property=\"og:site_name\" content=\"Restaurante Es Torrent\" \/>\n<meta property=\"article:published_time\" content=\"2020-08-21T15:33:17+00:00\" \/>\n<meta property=\"article:modified_time\" content=\"2020-08-21T15:43:34+00:00\" \/>\n<meta property=\"og:image\" content=\"https:\/\/www.estorrent.net\/wp-content\/uploads\/2020\/08\/DSC_0802.jpg\" \/>\n\t<meta property=\"og:image:width\" content=\"1600\" \/>\n\t<meta property=\"og:image:height\" content=\"1071\" \/>\n\t<meta property=\"og:image:type\" content=\"image\/jpeg\" \/>\n<meta name=\"author\" content=\"Xescu\" \/>\n<meta name=\"twitter:card\" content=\"summary_large_image\" \/>\n<meta name=\"twitter:label1\" content=\"Escrit per\" \/>\n\t<meta name=\"twitter:data1\" content=\"Xescu\" \/>\n\t<meta name=\"twitter:label2\" content=\"Temps estimat de lectura\" \/>\n\t<meta name=\"twitter:data2\" content=\"2 minuts\" \/>\n<script type=\"application\/ld+json\" class=\"yoast-schema-graph\">{\"@context\":\"https:\/\/schema.org\",\"@graph\":[{\"@type\":\"Article\",\"@id\":\"https:\/\/www.estorrent.net\/2020\/08\/21\/agosto-tiempo-de-almendras\/#article\",\"isPartOf\":{\"@id\":\"https:\/\/www.estorrent.net\/2020\/08\/21\/agosto-tiempo-de-almendras\/\"},\"author\":{\"name\":\"Xescu\",\"@id\":\"https:\/\/www.estorrent.net\/#\/schema\/person\/3347087d39c6f306963780c3f452bb0a\"},\"headline\":\"Agost, temps d&#8217;ametlles\",\"datePublished\":\"2020-08-21T15:33:17+00:00\",\"dateModified\":\"2020-08-21T15:43:34+00:00\",\"mainEntityOfPage\":{\"@id\":\"https:\/\/www.estorrent.net\/2020\/08\/21\/agosto-tiempo-de-almendras\/\"},\"wordCount\":520,\"commentCount\":0,\"image\":{\"@id\":\"https:\/\/www.estorrent.net\/2020\/08\/21\/agosto-tiempo-de-almendras\/#primaryimage\"},\"thumbnailUrl\":\"https:\/\/www.estorrent.net\/wp-content\/uploads\/2020\/08\/DSC_0802.jpg\",\"articleSection\":[\"Gastronom\u00eda\"],\"inLanguage\":\"ca\",\"potentialAction\":[{\"@type\":\"CommentAction\",\"name\":\"Comment\",\"target\":[\"https:\/\/www.estorrent.net\/2020\/08\/21\/agosto-tiempo-de-almendras\/#respond\"]}]},{\"@type\":\"WebPage\",\"@id\":\"https:\/\/www.estorrent.net\/2020\/08\/21\/agosto-tiempo-de-almendras\/\",\"url\":\"https:\/\/www.estorrent.net\/2020\/08\/21\/agosto-tiempo-de-almendras\/\",\"name\":\"Agost, temps d'ametlles - Restaurante Es Torrent\",\"isPartOf\":{\"@id\":\"https:\/\/www.estorrent.net\/#website\"},\"primaryImageOfPage\":{\"@id\":\"https:\/\/www.estorrent.net\/2020\/08\/21\/agosto-tiempo-de-almendras\/#primaryimage\"},\"image\":{\"@id\":\"https:\/\/www.estorrent.net\/2020\/08\/21\/agosto-tiempo-de-almendras\/#primaryimage\"},\"thumbnailUrl\":\"https:\/\/www.estorrent.net\/wp-content\/uploads\/2020\/08\/DSC_0802.jpg\",\"datePublished\":\"2020-08-21T15:33:17+00:00\",\"dateModified\":\"2020-08-21T15:43:34+00:00\",\"author\":{\"@id\":\"https:\/\/www.estorrent.net\/#\/schema\/person\/3347087d39c6f306963780c3f452bb0a\"},\"description\":\"Antigament, malgrat la intensa calor, el mes d'agost era una de les \u00e8poques de major activitat en els camps d'Eivissa. Arribava el moment de la\",\"breadcrumb\":{\"@id\":\"https:\/\/www.estorrent.net\/2020\/08\/21\/agosto-tiempo-de-almendras\/#breadcrumb\"},\"inLanguage\":\"ca\",\"potentialAction\":[{\"@type\":\"ReadAction\",\"target\":[\"https:\/\/www.estorrent.net\/2020\/08\/21\/agosto-tiempo-de-almendras\/\"]}]},{\"@type\":\"ImageObject\",\"inLanguage\":\"ca\",\"@id\":\"https:\/\/www.estorrent.net\/2020\/08\/21\/agosto-tiempo-de-almendras\/#primaryimage\",\"url\":\"https:\/\/www.estorrent.net\/wp-content\/uploads\/2020\/08\/DSC_0802.jpg\",\"contentUrl\":\"https:\/\/www.estorrent.net\/wp-content\/uploads\/2020\/08\/DSC_0802.jpg\",\"width\":1600,\"height\":1071},{\"@type\":\"BreadcrumbList\",\"@id\":\"https:\/\/www.estorrent.net\/2020\/08\/21\/agosto-tiempo-de-almendras\/#breadcrumb\",\"itemListElement\":[{\"@type\":\"ListItem\",\"position\":1,\"name\":\"Portada\",\"item\":\"https:\/\/www.estorrent.net\/\"},{\"@type\":\"ListItem\",\"position\":2,\"name\":\"Agost, temps d&#8217;ametlles\"}]},{\"@type\":\"WebSite\",\"@id\":\"https:\/\/www.estorrent.net\/#website\",\"url\":\"https:\/\/www.estorrent.net\/\",\"name\":\"Restaurante Es Torrent\",\"description\":\"\",\"potentialAction\":[{\"@type\":\"SearchAction\",\"target\":{\"@type\":\"EntryPoint\",\"urlTemplate\":\"https:\/\/www.estorrent.net\/?s={search_term_string}\"},\"query-input\":{\"@type\":\"PropertyValueSpecification\",\"valueRequired\":true,\"valueName\":\"search_term_string\"}}],\"inLanguage\":\"ca\"},{\"@type\":\"Person\",\"@id\":\"https:\/\/www.estorrent.net\/#\/schema\/person\/3347087d39c6f306963780c3f452bb0a\",\"name\":\"Xescu\",\"image\":{\"@type\":\"ImageObject\",\"inLanguage\":\"ca\",\"@id\":\"https:\/\/www.estorrent.net\/#\/schema\/person\/image\/\",\"url\":\"https:\/\/secure.gravatar.com\/avatar\/d569ee5739a9c7022470ea472c9b4b9cf476e15f1be71e5242c911d673d14ad9?s=96&d=mm&r=g\",\"contentUrl\":\"https:\/\/secure.gravatar.com\/avatar\/d569ee5739a9c7022470ea472c9b4b9cf476e15f1be71e5242c911d673d14ad9?s=96&d=mm&r=g\",\"caption\":\"Xescu\"},\"url\":\"https:\/\/www.estorrent.net\/ca\/author\/xescu\/\"}]}<\/script>\n<!-- \/ Yoast SEO plugin. -->","yoast_head_json":{"title":"Agost, temps d'ametlles - Restaurante Es Torrent","description":"Antigament, malgrat la intensa calor, el mes d'agost era una de les \u00e8poques de major activitat en els camps d'Eivissa. Arribava el moment de la","robots":{"index":"index","follow":"follow","max-snippet":"max-snippet:-1","max-image-preview":"max-image-preview:large","max-video-preview":"max-video-preview:-1"},"canonical":"https:\/\/www.estorrent.net\/2020\/08\/21\/agosto-tiempo-de-almendras\/","og_locale":"ca_ES","og_type":"article","og_title":"Agost, temps d'ametlles - Restaurante Es Torrent","og_description":"Antigament, malgrat la intensa calor, el mes d'agost era una de les \u00e8poques de major activitat en els camps d'Eivissa. Arribava el moment de la","og_url":"https:\/\/www.estorrent.net\/2020\/08\/21\/agosto-tiempo-de-almendras\/","og_site_name":"Restaurante Es Torrent","article_published_time":"2020-08-21T15:33:17+00:00","article_modified_time":"2020-08-21T15:43:34+00:00","og_image":[{"width":1600,"height":1071,"url":"https:\/\/www.estorrent.net\/wp-content\/uploads\/2020\/08\/DSC_0802.jpg","type":"image\/jpeg"}],"author":"Xescu","twitter_card":"summary_large_image","twitter_misc":{"Escrit per":"Xescu","Temps estimat de lectura":"2 minuts"},"schema":{"@context":"https:\/\/schema.org","@graph":[{"@type":"Article","@id":"https:\/\/www.estorrent.net\/2020\/08\/21\/agosto-tiempo-de-almendras\/#article","isPartOf":{"@id":"https:\/\/www.estorrent.net\/2020\/08\/21\/agosto-tiempo-de-almendras\/"},"author":{"name":"Xescu","@id":"https:\/\/www.estorrent.net\/#\/schema\/person\/3347087d39c6f306963780c3f452bb0a"},"headline":"Agost, temps d&#8217;ametlles","datePublished":"2020-08-21T15:33:17+00:00","dateModified":"2020-08-21T15:43:34+00:00","mainEntityOfPage":{"@id":"https:\/\/www.estorrent.net\/2020\/08\/21\/agosto-tiempo-de-almendras\/"},"wordCount":520,"commentCount":0,"image":{"@id":"https:\/\/www.estorrent.net\/2020\/08\/21\/agosto-tiempo-de-almendras\/#primaryimage"},"thumbnailUrl":"https:\/\/www.estorrent.net\/wp-content\/uploads\/2020\/08\/DSC_0802.jpg","articleSection":["Gastronom\u00eda"],"inLanguage":"ca","potentialAction":[{"@type":"CommentAction","name":"Comment","target":["https:\/\/www.estorrent.net\/2020\/08\/21\/agosto-tiempo-de-almendras\/#respond"]}]},{"@type":"WebPage","@id":"https:\/\/www.estorrent.net\/2020\/08\/21\/agosto-tiempo-de-almendras\/","url":"https:\/\/www.estorrent.net\/2020\/08\/21\/agosto-tiempo-de-almendras\/","name":"Agost, temps d'ametlles - Restaurante Es Torrent","isPartOf":{"@id":"https:\/\/www.estorrent.net\/#website"},"primaryImageOfPage":{"@id":"https:\/\/www.estorrent.net\/2020\/08\/21\/agosto-tiempo-de-almendras\/#primaryimage"},"image":{"@id":"https:\/\/www.estorrent.net\/2020\/08\/21\/agosto-tiempo-de-almendras\/#primaryimage"},"thumbnailUrl":"https:\/\/www.estorrent.net\/wp-content\/uploads\/2020\/08\/DSC_0802.jpg","datePublished":"2020-08-21T15:33:17+00:00","dateModified":"2020-08-21T15:43:34+00:00","author":{"@id":"https:\/\/www.estorrent.net\/#\/schema\/person\/3347087d39c6f306963780c3f452bb0a"},"description":"Antigament, malgrat la intensa calor, el mes d'agost era una de les \u00e8poques de major activitat en els camps d'Eivissa. Arribava el moment de la","breadcrumb":{"@id":"https:\/\/www.estorrent.net\/2020\/08\/21\/agosto-tiempo-de-almendras\/#breadcrumb"},"inLanguage":"ca","potentialAction":[{"@type":"ReadAction","target":["https:\/\/www.estorrent.net\/2020\/08\/21\/agosto-tiempo-de-almendras\/"]}]},{"@type":"ImageObject","inLanguage":"ca","@id":"https:\/\/www.estorrent.net\/2020\/08\/21\/agosto-tiempo-de-almendras\/#primaryimage","url":"https:\/\/www.estorrent.net\/wp-content\/uploads\/2020\/08\/DSC_0802.jpg","contentUrl":"https:\/\/www.estorrent.net\/wp-content\/uploads\/2020\/08\/DSC_0802.jpg","width":1600,"height":1071},{"@type":"BreadcrumbList","@id":"https:\/\/www.estorrent.net\/2020\/08\/21\/agosto-tiempo-de-almendras\/#breadcrumb","itemListElement":[{"@type":"ListItem","position":1,"name":"Portada","item":"https:\/\/www.estorrent.net\/"},{"@type":"ListItem","position":2,"name":"Agost, temps d&#8217;ametlles"}]},{"@type":"WebSite","@id":"https:\/\/www.estorrent.net\/#website","url":"https:\/\/www.estorrent.net\/","name":"Restaurante Es Torrent","description":"","potentialAction":[{"@type":"SearchAction","target":{"@type":"EntryPoint","urlTemplate":"https:\/\/www.estorrent.net\/?s={search_term_string}"},"query-input":{"@type":"PropertyValueSpecification","valueRequired":true,"valueName":"search_term_string"}}],"inLanguage":"ca"},{"@type":"Person","@id":"https:\/\/www.estorrent.net\/#\/schema\/person\/3347087d39c6f306963780c3f452bb0a","name":"Xescu","image":{"@type":"ImageObject","inLanguage":"ca","@id":"https:\/\/www.estorrent.net\/#\/schema\/person\/image\/","url":"https:\/\/secure.gravatar.com\/avatar\/d569ee5739a9c7022470ea472c9b4b9cf476e15f1be71e5242c911d673d14ad9?s=96&d=mm&r=g","contentUrl":"https:\/\/secure.gravatar.com\/avatar\/d569ee5739a9c7022470ea472c9b4b9cf476e15f1be71e5242c911d673d14ad9?s=96&d=mm&r=g","caption":"Xescu"},"url":"https:\/\/www.estorrent.net\/ca\/author\/xescu\/"}]}},"_links":{"self":[{"href":"https:\/\/www.estorrent.net\/ca\/wp-json\/wp\/v2\/posts\/18259","targetHints":{"allow":["GET"]}}],"collection":[{"href":"https:\/\/www.estorrent.net\/ca\/wp-json\/wp\/v2\/posts"}],"about":[{"href":"https:\/\/www.estorrent.net\/ca\/wp-json\/wp\/v2\/types\/post"}],"author":[{"embeddable":true,"href":"https:\/\/www.estorrent.net\/ca\/wp-json\/wp\/v2\/users\/2"}],"replies":[{"embeddable":true,"href":"https:\/\/www.estorrent.net\/ca\/wp-json\/wp\/v2\/comments?post=18259"}],"version-history":[{"count":3,"href":"https:\/\/www.estorrent.net\/ca\/wp-json\/wp\/v2\/posts\/18259\/revisions"}],"predecessor-version":[{"id":18264,"href":"https:\/\/www.estorrent.net\/ca\/wp-json\/wp\/v2\/posts\/18259\/revisions\/18264"}],"wp:featuredmedia":[{"embeddable":true,"href":"https:\/\/www.estorrent.net\/ca\/wp-json\/wp\/v2\/media\/18253"}],"wp:attachment":[{"href":"https:\/\/www.estorrent.net\/ca\/wp-json\/wp\/v2\/media?parent=18259"}],"wp:term":[{"taxonomy":"category","embeddable":true,"href":"https:\/\/www.estorrent.net\/ca\/wp-json\/wp\/v2\/categories?post=18259"},{"taxonomy":"post_tag","embeddable":true,"href":"https:\/\/www.estorrent.net\/ca\/wp-json\/wp\/v2\/tags?post=18259"}],"curies":[{"name":"wp","href":"https:\/\/api.w.org\/{rel}","templated":true}]}}