{"id":18201,"date":"2020-06-12T18:51:09","date_gmt":"2020-06-12T16:51:09","guid":{"rendered":"https:\/\/www.estorrent.net\/2020\/06\/12\/es-torrent-se-preparar-para-abrir-el-19-de-junio-con-todas-las-medidas-de-seguridad\/"},"modified":"2020-06-12T18:59:37","modified_gmt":"2020-06-12T16:59:37","slug":"es-torrent-es-prepara-per-a-obrir-el-19-de-juny-amb-totes-les-mesures-de-seguretat","status":"publish","type":"post","link":"https:\/\/www.estorrent.net\/ca\/2020\/06\/12\/es-torrent-es-prepara-per-a-obrir-el-19-de-juny-amb-totes-les-mesures-de-seguretat\/","title":{"rendered":"Es Torrent es prepara per a obrir el 19 de juny, amb totes les mesures de seguretat"},"content":{"rendered":"<p>Just dins d&#8217;una setmana, el divendres 19 de juny, Es Torrent per fi obrir\u00e0 les seves portes per a iniciar una temporada 2020 que s&#8217;ha retardat gaireb\u00e9 tres mesos a causa del coronavirus. Unes setmanes abans del 3 d&#8217;abril, que era la nostra data prevista d&#8217;obertura, es va declarar l&#8217;Estat d&#8217;alarma i hem hagut d&#8217;esperar. No obstant aix\u00f2, ja estem posant el restaurant a punt perqu\u00e8 tot estigui llest per al gran dia.<\/p>\n<p>A m\u00e9s de condicionar els diferents espais i preparar la platja, com tots els anys, estem adoptant totes les mesures sanit\u00e0ries i de distanciament social que han establert les autoritats. Volem que els nostres clients, com sempre, gaudeixin de la gastronomia i la naturalesa en l&#8217;atmosfera tranquil\u00b7la de Es Torrent, i que a m\u00e9s ho facin amb les millors condicions de seguretat.<\/p>\n<p>\u00c9s important recordar que totes les reserves de fins a 10 persones es continuaran tramitant exclusivament per tel\u00e8fon, a trav\u00e9s del +34 971 802 160, i que, en els mesos forts de la temporada, resulta aconsellable cridar amb diversos dies d&#8217;antelaci\u00f3.<\/p>\n<p>Per a consultes relacionades amb esdeveniments i reserves de grups de m\u00e9s de 10 persones en temporada alta (juliol, agost i setembre) es pot escriure al correu electr\u00f2nic d&#8217;esdeveniments del nostre restaurant: grupos@estorrent.net.<\/p>\n<p>Els nostres plats emblem\u00e0tics, com bullit de peix, parrillada de peix, peixos al forn, llagosta amb ous frits, arrossos i fideu\u00e1s, entre altres, seguiran presents en la carta de Es Torrent. No obstant aix\u00f2, poden consultar-se en aquesta p\u00e0gina web, a l&#8217;apartat <a href=\"\/?page_id=16288\" target=\"_blank\" rel=\"noopener noreferrer\">El Fest\u00ed<\/a>.<\/p>\n","protected":false},"excerpt":{"rendered":"<p>Just dins d&#8217;una setmana, el divendres 19 de juny, Es Torrent per fi obrir\u00e0 les seves portes per a iniciar una temporada 2020 que s&#8217;ha retardat gaireb\u00e9 tres mesos a causa del coronavirus. Unes setmanes abans del 3 d&#8217;abril, que era la nostra data prevista d&#8217;obertura, es va declarar l&#8217;Estat d&#8217;alarma i hem hagut d&#8217;esperar. No obstant aix\u00f2, ja estem&#8230;<\/p>\n","protected":false},"author":2,"featured_media":18198,"comment_status":"open","ping_status":"open","sticky":false,"template":"","format":"standard","meta":{"footnotes":""},"categories":[103],"tags":[],"class_list":["post-18201","post","type-post","status-publish","format-standard","has-post-thumbnail","hentry","category-gastronomia-ca"],"yoast_head":"<!-- This site is optimized with the Yoast SEO plugin v26.7 - https:\/\/yoast.com\/wordpress\/plugins\/seo\/ -->\n<title>Es Torrent es prepara per a obrir el 19 de juny, amb totes les mesures de seguretat - Restaurante Es Torrent<\/title>\n<meta name=\"description\" content=\"Just dins d&#039;una setmana, el divendres 19 de juny, Es Torrent per fi obrir\u00e0 les seves portes per a iniciar una temporada 2020 que s&#039;ha retardat gaireb\u00e9\" \/>\n<meta name=\"robots\" content=\"index, follow, max-snippet:-1, max-image-preview:large, max-video-preview:-1\" \/>\n<link rel=\"canonical\" href=\"https:\/\/www.estorrent.net\/2020\/06\/12\/es-torrent-se-prepara-para-abrir-el-19-de-junio-con-todas-las-medidas-de-seguridad\/\" \/>\n<meta property=\"og:locale\" content=\"ca_ES\" \/>\n<meta property=\"og:type\" content=\"article\" \/>\n<meta property=\"og:title\" content=\"Es Torrent es prepara per a obrir el 19 de juny, amb totes les mesures de seguretat - Restaurante Es Torrent\" \/>\n<meta property=\"og:description\" content=\"Just dins d&#039;una setmana, el divendres 19 de juny, Es Torrent per fi obrir\u00e0 les seves portes per a iniciar una temporada 2020 que s&#039;ha retardat gaireb\u00e9\" \/>\n<meta property=\"og:url\" content=\"https:\/\/www.estorrent.net\/2020\/06\/12\/es-torrent-se-prepara-para-abrir-el-19-de-junio-con-todas-las-medidas-de-seguridad\/\" \/>\n<meta property=\"og:site_name\" content=\"Restaurante Es Torrent\" \/>\n<meta property=\"article:published_time\" content=\"2020-06-12T16:51:09+00:00\" \/>\n<meta property=\"article:modified_time\" content=\"2020-06-12T16:59:37+00:00\" \/>\n<meta property=\"og:image\" content=\"https:\/\/www.estorrent.net\/wp-content\/uploads\/2020\/06\/DSC09824.jpg\" \/>\n\t<meta property=\"og:image:width\" content=\"1200\" \/>\n\t<meta property=\"og:image:height\" content=\"800\" \/>\n\t<meta property=\"og:image:type\" content=\"image\/jpeg\" \/>\n<meta name=\"author\" content=\"Xescu\" \/>\n<meta name=\"twitter:card\" content=\"summary_large_image\" \/>\n<meta name=\"twitter:label1\" content=\"Escrit per\" \/>\n\t<meta name=\"twitter:data1\" content=\"Xescu\" \/>\n\t<meta name=\"twitter:label2\" content=\"Temps estimat de lectura\" \/>\n\t<meta name=\"twitter:data2\" content=\"1 minut\" \/>\n<script type=\"application\/ld+json\" class=\"yoast-schema-graph\">{\"@context\":\"https:\/\/schema.org\",\"@graph\":[{\"@type\":\"Article\",\"@id\":\"https:\/\/www.estorrent.net\/2020\/06\/12\/es-torrent-se-prepara-para-abrir-el-19-de-junio-con-todas-las-medidas-de-seguridad\/#article\",\"isPartOf\":{\"@id\":\"https:\/\/www.estorrent.net\/2020\/06\/12\/es-torrent-se-prepara-para-abrir-el-19-de-junio-con-todas-las-medidas-de-seguridad\/\"},\"author\":{\"name\":\"Xescu\",\"@id\":\"https:\/\/www.estorrent.net\/#\/schema\/person\/3347087d39c6f306963780c3f452bb0a\"},\"headline\":\"Es Torrent es prepara per a obrir el 19 de juny, amb totes les mesures de seguretat\",\"datePublished\":\"2020-06-12T16:51:09+00:00\",\"dateModified\":\"2020-06-12T16:59:37+00:00\",\"mainEntityOfPage\":{\"@id\":\"https:\/\/www.estorrent.net\/2020\/06\/12\/es-torrent-se-prepara-para-abrir-el-19-de-junio-con-todas-las-medidas-de-seguridad\/\"},\"wordCount\":284,\"commentCount\":0,\"image\":{\"@id\":\"https:\/\/www.estorrent.net\/2020\/06\/12\/es-torrent-se-prepara-para-abrir-el-19-de-junio-con-todas-las-medidas-de-seguridad\/#primaryimage\"},\"thumbnailUrl\":\"https:\/\/www.estorrent.net\/wp-content\/uploads\/2020\/06\/DSC09824.jpg\",\"articleSection\":[\"Gastronom\u00eda\"],\"inLanguage\":\"ca\",\"potentialAction\":[{\"@type\":\"CommentAction\",\"name\":\"Comment\",\"target\":[\"https:\/\/www.estorrent.net\/2020\/06\/12\/es-torrent-se-prepara-para-abrir-el-19-de-junio-con-todas-las-medidas-de-seguridad\/#respond\"]}]},{\"@type\":\"WebPage\",\"@id\":\"https:\/\/www.estorrent.net\/2020\/06\/12\/es-torrent-se-prepara-para-abrir-el-19-de-junio-con-todas-las-medidas-de-seguridad\/\",\"url\":\"https:\/\/www.estorrent.net\/2020\/06\/12\/es-torrent-se-prepara-para-abrir-el-19-de-junio-con-todas-las-medidas-de-seguridad\/\",\"name\":\"Es Torrent es prepara per a obrir el 19 de juny, amb totes les mesures de seguretat - Restaurante Es Torrent\",\"isPartOf\":{\"@id\":\"https:\/\/www.estorrent.net\/#website\"},\"primaryImageOfPage\":{\"@id\":\"https:\/\/www.estorrent.net\/2020\/06\/12\/es-torrent-se-prepara-para-abrir-el-19-de-junio-con-todas-las-medidas-de-seguridad\/#primaryimage\"},\"image\":{\"@id\":\"https:\/\/www.estorrent.net\/2020\/06\/12\/es-torrent-se-prepara-para-abrir-el-19-de-junio-con-todas-las-medidas-de-seguridad\/#primaryimage\"},\"thumbnailUrl\":\"https:\/\/www.estorrent.net\/wp-content\/uploads\/2020\/06\/DSC09824.jpg\",\"datePublished\":\"2020-06-12T16:51:09+00:00\",\"dateModified\":\"2020-06-12T16:59:37+00:00\",\"author\":{\"@id\":\"https:\/\/www.estorrent.net\/#\/schema\/person\/3347087d39c6f306963780c3f452bb0a\"},\"description\":\"Just dins d'una setmana, el divendres 19 de juny, Es Torrent per fi obrir\u00e0 les seves portes per a iniciar una temporada 2020 que s'ha retardat gaireb\u00e9\",\"breadcrumb\":{\"@id\":\"https:\/\/www.estorrent.net\/2020\/06\/12\/es-torrent-se-prepara-para-abrir-el-19-de-junio-con-todas-las-medidas-de-seguridad\/#breadcrumb\"},\"inLanguage\":\"ca\",\"potentialAction\":[{\"@type\":\"ReadAction\",\"target\":[\"https:\/\/www.estorrent.net\/2020\/06\/12\/es-torrent-se-prepara-para-abrir-el-19-de-junio-con-todas-las-medidas-de-seguridad\/\"]}]},{\"@type\":\"ImageObject\",\"inLanguage\":\"ca\",\"@id\":\"https:\/\/www.estorrent.net\/2020\/06\/12\/es-torrent-se-prepara-para-abrir-el-19-de-junio-con-todas-las-medidas-de-seguridad\/#primaryimage\",\"url\":\"https:\/\/www.estorrent.net\/wp-content\/uploads\/2020\/06\/DSC09824.jpg\",\"contentUrl\":\"https:\/\/www.estorrent.net\/wp-content\/uploads\/2020\/06\/DSC09824.jpg\",\"width\":1200,\"height\":800},{\"@type\":\"BreadcrumbList\",\"@id\":\"https:\/\/www.estorrent.net\/2020\/06\/12\/es-torrent-se-prepara-para-abrir-el-19-de-junio-con-todas-las-medidas-de-seguridad\/#breadcrumb\",\"itemListElement\":[{\"@type\":\"ListItem\",\"position\":1,\"name\":\"Portada\",\"item\":\"https:\/\/www.estorrent.net\/\"},{\"@type\":\"ListItem\",\"position\":2,\"name\":\"Es Torrent es prepara per a obrir el 19 de juny, amb totes les mesures de seguretat\"}]},{\"@type\":\"WebSite\",\"@id\":\"https:\/\/www.estorrent.net\/#website\",\"url\":\"https:\/\/www.estorrent.net\/\",\"name\":\"Restaurante Es Torrent\",\"description\":\"\",\"potentialAction\":[{\"@type\":\"SearchAction\",\"target\":{\"@type\":\"EntryPoint\",\"urlTemplate\":\"https:\/\/www.estorrent.net\/?s={search_term_string}\"},\"query-input\":{\"@type\":\"PropertyValueSpecification\",\"valueRequired\":true,\"valueName\":\"search_term_string\"}}],\"inLanguage\":\"ca\"},{\"@type\":\"Person\",\"@id\":\"https:\/\/www.estorrent.net\/#\/schema\/person\/3347087d39c6f306963780c3f452bb0a\",\"name\":\"Xescu\",\"image\":{\"@type\":\"ImageObject\",\"inLanguage\":\"ca\",\"@id\":\"https:\/\/www.estorrent.net\/#\/schema\/person\/image\/\",\"url\":\"https:\/\/secure.gravatar.com\/avatar\/d569ee5739a9c7022470ea472c9b4b9cf476e15f1be71e5242c911d673d14ad9?s=96&d=mm&r=g\",\"contentUrl\":\"https:\/\/secure.gravatar.com\/avatar\/d569ee5739a9c7022470ea472c9b4b9cf476e15f1be71e5242c911d673d14ad9?s=96&d=mm&r=g\",\"caption\":\"Xescu\"},\"url\":\"https:\/\/www.estorrent.net\/ca\/author\/xescu\/\"}]}<\/script>\n<!-- \/ Yoast SEO plugin. -->","yoast_head_json":{"title":"Es Torrent es prepara per a obrir el 19 de juny, amb totes les mesures de seguretat - Restaurante Es Torrent","description":"Just dins d'una setmana, el divendres 19 de juny, Es Torrent per fi obrir\u00e0 les seves portes per a iniciar una temporada 2020 que s'ha retardat gaireb\u00e9","robots":{"index":"index","follow":"follow","max-snippet":"max-snippet:-1","max-image-preview":"max-image-preview:large","max-video-preview":"max-video-preview:-1"},"canonical":"https:\/\/www.estorrent.net\/2020\/06\/12\/es-torrent-se-prepara-para-abrir-el-19-de-junio-con-todas-las-medidas-de-seguridad\/","og_locale":"ca_ES","og_type":"article","og_title":"Es Torrent es prepara per a obrir el 19 de juny, amb totes les mesures de seguretat - Restaurante Es Torrent","og_description":"Just dins d'una setmana, el divendres 19 de juny, Es Torrent per fi obrir\u00e0 les seves portes per a iniciar una temporada 2020 que s'ha retardat gaireb\u00e9","og_url":"https:\/\/www.estorrent.net\/2020\/06\/12\/es-torrent-se-prepara-para-abrir-el-19-de-junio-con-todas-las-medidas-de-seguridad\/","og_site_name":"Restaurante Es Torrent","article_published_time":"2020-06-12T16:51:09+00:00","article_modified_time":"2020-06-12T16:59:37+00:00","og_image":[{"width":1200,"height":800,"url":"https:\/\/www.estorrent.net\/wp-content\/uploads\/2020\/06\/DSC09824.jpg","type":"image\/jpeg"}],"author":"Xescu","twitter_card":"summary_large_image","twitter_misc":{"Escrit per":"Xescu","Temps estimat de lectura":"1 minut"},"schema":{"@context":"https:\/\/schema.org","@graph":[{"@type":"Article","@id":"https:\/\/www.estorrent.net\/2020\/06\/12\/es-torrent-se-prepara-para-abrir-el-19-de-junio-con-todas-las-medidas-de-seguridad\/#article","isPartOf":{"@id":"https:\/\/www.estorrent.net\/2020\/06\/12\/es-torrent-se-prepara-para-abrir-el-19-de-junio-con-todas-las-medidas-de-seguridad\/"},"author":{"name":"Xescu","@id":"https:\/\/www.estorrent.net\/#\/schema\/person\/3347087d39c6f306963780c3f452bb0a"},"headline":"Es Torrent es prepara per a obrir el 19 de juny, amb totes les mesures de seguretat","datePublished":"2020-06-12T16:51:09+00:00","dateModified":"2020-06-12T16:59:37+00:00","mainEntityOfPage":{"@id":"https:\/\/www.estorrent.net\/2020\/06\/12\/es-torrent-se-prepara-para-abrir-el-19-de-junio-con-todas-las-medidas-de-seguridad\/"},"wordCount":284,"commentCount":0,"image":{"@id":"https:\/\/www.estorrent.net\/2020\/06\/12\/es-torrent-se-prepara-para-abrir-el-19-de-junio-con-todas-las-medidas-de-seguridad\/#primaryimage"},"thumbnailUrl":"https:\/\/www.estorrent.net\/wp-content\/uploads\/2020\/06\/DSC09824.jpg","articleSection":["Gastronom\u00eda"],"inLanguage":"ca","potentialAction":[{"@type":"CommentAction","name":"Comment","target":["https:\/\/www.estorrent.net\/2020\/06\/12\/es-torrent-se-prepara-para-abrir-el-19-de-junio-con-todas-las-medidas-de-seguridad\/#respond"]}]},{"@type":"WebPage","@id":"https:\/\/www.estorrent.net\/2020\/06\/12\/es-torrent-se-prepara-para-abrir-el-19-de-junio-con-todas-las-medidas-de-seguridad\/","url":"https:\/\/www.estorrent.net\/2020\/06\/12\/es-torrent-se-prepara-para-abrir-el-19-de-junio-con-todas-las-medidas-de-seguridad\/","name":"Es Torrent es prepara per a obrir el 19 de juny, amb totes les mesures de seguretat - Restaurante Es Torrent","isPartOf":{"@id":"https:\/\/www.estorrent.net\/#website"},"primaryImageOfPage":{"@id":"https:\/\/www.estorrent.net\/2020\/06\/12\/es-torrent-se-prepara-para-abrir-el-19-de-junio-con-todas-las-medidas-de-seguridad\/#primaryimage"},"image":{"@id":"https:\/\/www.estorrent.net\/2020\/06\/12\/es-torrent-se-prepara-para-abrir-el-19-de-junio-con-todas-las-medidas-de-seguridad\/#primaryimage"},"thumbnailUrl":"https:\/\/www.estorrent.net\/wp-content\/uploads\/2020\/06\/DSC09824.jpg","datePublished":"2020-06-12T16:51:09+00:00","dateModified":"2020-06-12T16:59:37+00:00","author":{"@id":"https:\/\/www.estorrent.net\/#\/schema\/person\/3347087d39c6f306963780c3f452bb0a"},"description":"Just dins d'una setmana, el divendres 19 de juny, Es Torrent per fi obrir\u00e0 les seves portes per a iniciar una temporada 2020 que s'ha retardat gaireb\u00e9","breadcrumb":{"@id":"https:\/\/www.estorrent.net\/2020\/06\/12\/es-torrent-se-prepara-para-abrir-el-19-de-junio-con-todas-las-medidas-de-seguridad\/#breadcrumb"},"inLanguage":"ca","potentialAction":[{"@type":"ReadAction","target":["https:\/\/www.estorrent.net\/2020\/06\/12\/es-torrent-se-prepara-para-abrir-el-19-de-junio-con-todas-las-medidas-de-seguridad\/"]}]},{"@type":"ImageObject","inLanguage":"ca","@id":"https:\/\/www.estorrent.net\/2020\/06\/12\/es-torrent-se-prepara-para-abrir-el-19-de-junio-con-todas-las-medidas-de-seguridad\/#primaryimage","url":"https:\/\/www.estorrent.net\/wp-content\/uploads\/2020\/06\/DSC09824.jpg","contentUrl":"https:\/\/www.estorrent.net\/wp-content\/uploads\/2020\/06\/DSC09824.jpg","width":1200,"height":800},{"@type":"BreadcrumbList","@id":"https:\/\/www.estorrent.net\/2020\/06\/12\/es-torrent-se-prepara-para-abrir-el-19-de-junio-con-todas-las-medidas-de-seguridad\/#breadcrumb","itemListElement":[{"@type":"ListItem","position":1,"name":"Portada","item":"https:\/\/www.estorrent.net\/"},{"@type":"ListItem","position":2,"name":"Es Torrent es prepara per a obrir el 19 de juny, amb totes les mesures de seguretat"}]},{"@type":"WebSite","@id":"https:\/\/www.estorrent.net\/#website","url":"https:\/\/www.estorrent.net\/","name":"Restaurante Es Torrent","description":"","potentialAction":[{"@type":"SearchAction","target":{"@type":"EntryPoint","urlTemplate":"https:\/\/www.estorrent.net\/?s={search_term_string}"},"query-input":{"@type":"PropertyValueSpecification","valueRequired":true,"valueName":"search_term_string"}}],"inLanguage":"ca"},{"@type":"Person","@id":"https:\/\/www.estorrent.net\/#\/schema\/person\/3347087d39c6f306963780c3f452bb0a","name":"Xescu","image":{"@type":"ImageObject","inLanguage":"ca","@id":"https:\/\/www.estorrent.net\/#\/schema\/person\/image\/","url":"https:\/\/secure.gravatar.com\/avatar\/d569ee5739a9c7022470ea472c9b4b9cf476e15f1be71e5242c911d673d14ad9?s=96&d=mm&r=g","contentUrl":"https:\/\/secure.gravatar.com\/avatar\/d569ee5739a9c7022470ea472c9b4b9cf476e15f1be71e5242c911d673d14ad9?s=96&d=mm&r=g","caption":"Xescu"},"url":"https:\/\/www.estorrent.net\/ca\/author\/xescu\/"}]}},"_links":{"self":[{"href":"https:\/\/www.estorrent.net\/ca\/wp-json\/wp\/v2\/posts\/18201","targetHints":{"allow":["GET"]}}],"collection":[{"href":"https:\/\/www.estorrent.net\/ca\/wp-json\/wp\/v2\/posts"}],"about":[{"href":"https:\/\/www.estorrent.net\/ca\/wp-json\/wp\/v2\/types\/post"}],"author":[{"embeddable":true,"href":"https:\/\/www.estorrent.net\/ca\/wp-json\/wp\/v2\/users\/2"}],"replies":[{"embeddable":true,"href":"https:\/\/www.estorrent.net\/ca\/wp-json\/wp\/v2\/comments?post=18201"}],"version-history":[{"count":3,"href":"https:\/\/www.estorrent.net\/ca\/wp-json\/wp\/v2\/posts\/18201\/revisions"}],"predecessor-version":[{"id":18206,"href":"https:\/\/www.estorrent.net\/ca\/wp-json\/wp\/v2\/posts\/18201\/revisions\/18206"}],"wp:featuredmedia":[{"embeddable":true,"href":"https:\/\/www.estorrent.net\/ca\/wp-json\/wp\/v2\/media\/18198"}],"wp:attachment":[{"href":"https:\/\/www.estorrent.net\/ca\/wp-json\/wp\/v2\/media?parent=18201"}],"wp:term":[{"taxonomy":"category","embeddable":true,"href":"https:\/\/www.estorrent.net\/ca\/wp-json\/wp\/v2\/categories?post=18201"},{"taxonomy":"post_tag","embeddable":true,"href":"https:\/\/www.estorrent.net\/ca\/wp-json\/wp\/v2\/tags?post=18201"}],"curies":[{"name":"wp","href":"https:\/\/api.w.org\/{rel}","templated":true}]}}