{"id":18139,"date":"2020-03-16T19:05:14","date_gmt":"2020-03-16T18:05:14","guid":{"rendered":"https:\/\/www.estorrent.net\/2020\/03\/16\/la-apertura-de-es-torrent-se-pospone-hasta-el-24-de-abril\/"},"modified":"2020-04-06T10:53:41","modified_gmt":"2020-04-06T08:53:41","slug":"obertura-de-es-torrent-es-posposa-pel-coronavirus","status":"publish","type":"post","link":"https:\/\/www.estorrent.net\/ca\/2020\/03\/16\/obertura-de-es-torrent-es-posposa-pel-coronavirus\/","title":{"rendered":"L&#8217;obertura de Es Torrent es posposa pel coronavirus"},"content":{"rendered":"<p>La crisi internacional que ha provocat l&#8217;expansi\u00f3 del coronavirus i que ha for\u00e7at al Govern a declarar l&#8217;estat d&#8217;alarma al nostre pa\u00eds, ha paralitzat el funcionament de restaurants i altres negocis. Aquesta circumst\u00e0ncia ens obliga a retardar l&#8217;obertura de Es Torrent que, en un principi, estava prevista, tal com varem anunciar fa unes setmanes a trav\u00e9s de les nostres xarxes socials, per al 3 d&#8217;abril, coincidint amb l&#8217;inici de les vacances de Setmana Santa en m\u00faltiples territoris. Ara la nova data d&#8217;inauguraci\u00f3 de la temporada queda ajornada sense data, supeditada a l&#8217;evoluci\u00f3 de la crisi.<\/p>\n<p>Una vegada arrencada la temporada, Es Torrent romandr\u00e0 obert tots els dies almenys fins a finals d&#8217;octubre, amb l&#8217;horari de cuina habitual, que \u00e9s de 13 a 22 hores. \u00c9s important recordar que totes les reserves de fins a 10 persones es continuaran tramitant exclusivament per tel\u00e8fon, a trav\u00e9s del +34 971 802 160, i que, en els mesos forts de la temporada, resulta aconsellable cridar amb diversos dies d&#8217;antelaci\u00f3.<\/p>\n<p>Per a consultes relacionades amb esdeveniments i reserves de grups de m\u00e9s de 10 persones en temporada alta (juliol, agost i setembre) es pot escriure al correu electr\u00f2nic d&#8217;esdeveniments del nostre restaurant: grupos@estorrent.net.<\/p>\n<p>Els nostres plats emblem\u00e0tics, com \u2018bullit\u00a0de\u00a0peix\u2019, parrillades de peix, peixos al forn, llagosta amb ous fregits, arrossos i\u00a0fideu\u00e1s, entre altres, seguiran presents a la carta de\u00a0Es\u00a0Torrent. No obstant aix\u00f2, poden consultar-se en aquesta p\u00e0gina web, a l&#8217;apartat <a href=\"\/?page_id=16288\" target=\"_blank\" rel=\"noopener noreferrer\">El Fest\u00ed<\/a>.<\/p>\n","protected":false},"excerpt":{"rendered":"<p>La crisi internacional que ha provocat l&#8217;expansi\u00f3 del coronavirus i que ha for\u00e7at al Govern a declarar l&#8217;estat d&#8217;alarma al nostre pa\u00eds, ha paralitzat el funcionament de restaurants i altres negocis. Aquesta circumst\u00e0ncia ens obliga a retardar l&#8217;obertura de Es Torrent que, en un principi, estava prevista, tal com varem anunciar fa unes setmanes a trav\u00e9s de les nostres xarxes&#8230;<\/p>\n","protected":false},"author":2,"featured_media":18136,"comment_status":"open","ping_status":"open","sticky":false,"template":"","format":"standard","meta":{"footnotes":""},"categories":[103],"tags":[],"class_list":["post-18139","post","type-post","status-publish","format-standard","has-post-thumbnail","hentry","category-gastronomia-ca"],"yoast_head":"<!-- This site is optimized with the Yoast SEO plugin v26.7 - https:\/\/yoast.com\/wordpress\/plugins\/seo\/ -->\n<title>L&#039;obertura de Es Torrent es posposa pel coronavirus - Restaurante Es Torrent<\/title>\n<meta name=\"description\" content=\"La crisi internacional que ha provocat l&#039;expansi\u00f3 del coronavirus i que ha for\u00e7at al Govern a declarar l&#039;estat d&#039;alarma al nostre pa\u00eds, ha paralitzat el\" \/>\n<meta name=\"robots\" content=\"index, follow, max-snippet:-1, max-image-preview:large, max-video-preview:-1\" \/>\n<link rel=\"canonical\" href=\"https:\/\/www.estorrent.net\/2020\/03\/16\/la-apertura-de-es-torrent-se-pospone-por-el-coronavirus\/\" \/>\n<meta property=\"og:locale\" content=\"ca_ES\" \/>\n<meta property=\"og:type\" content=\"article\" \/>\n<meta property=\"og:title\" content=\"L&#039;obertura de Es Torrent es posposa pel coronavirus - Restaurante Es Torrent\" \/>\n<meta property=\"og:description\" content=\"La crisi internacional que ha provocat l&#039;expansi\u00f3 del coronavirus i que ha for\u00e7at al Govern a declarar l&#039;estat d&#039;alarma al nostre pa\u00eds, ha paralitzat el\" \/>\n<meta property=\"og:url\" content=\"https:\/\/www.estorrent.net\/2020\/03\/16\/la-apertura-de-es-torrent-se-pospone-por-el-coronavirus\/\" \/>\n<meta property=\"og:site_name\" content=\"Restaurante Es Torrent\" \/>\n<meta property=\"article:published_time\" content=\"2020-03-16T18:05:14+00:00\" \/>\n<meta property=\"article:modified_time\" content=\"2020-04-06T08:53:41+00:00\" \/>\n<meta property=\"og:image\" content=\"https:\/\/www.estorrent.net\/wp-content\/uploads\/2020\/03\/P1600410.jpg\" \/>\n\t<meta property=\"og:image:width\" content=\"900\" \/>\n\t<meta property=\"og:image:height\" content=\"601\" \/>\n\t<meta property=\"og:image:type\" content=\"image\/jpeg\" \/>\n<meta name=\"author\" content=\"Xescu\" \/>\n<meta name=\"twitter:card\" content=\"summary_large_image\" \/>\n<meta name=\"twitter:label1\" content=\"Escrit per\" \/>\n\t<meta name=\"twitter:data1\" content=\"Xescu\" \/>\n\t<meta name=\"twitter:label2\" content=\"Temps estimat de lectura\" \/>\n\t<meta name=\"twitter:data2\" content=\"1 minut\" \/>\n<script type=\"application\/ld+json\" class=\"yoast-schema-graph\">{\"@context\":\"https:\/\/schema.org\",\"@graph\":[{\"@type\":\"Article\",\"@id\":\"https:\/\/www.estorrent.net\/2020\/03\/16\/la-apertura-de-es-torrent-se-pospone-por-el-coronavirus\/#article\",\"isPartOf\":{\"@id\":\"https:\/\/www.estorrent.net\/2020\/03\/16\/la-apertura-de-es-torrent-se-pospone-por-el-coronavirus\/\"},\"author\":{\"name\":\"Xescu\",\"@id\":\"https:\/\/www.estorrent.net\/#\/schema\/person\/3347087d39c6f306963780c3f452bb0a\"},\"headline\":\"L&#8217;obertura de Es Torrent es posposa pel coronavirus\",\"datePublished\":\"2020-03-16T18:05:14+00:00\",\"dateModified\":\"2020-04-06T08:53:41+00:00\",\"mainEntityOfPage\":{\"@id\":\"https:\/\/www.estorrent.net\/2020\/03\/16\/la-apertura-de-es-torrent-se-pospone-por-el-coronavirus\/\"},\"wordCount\":269,\"commentCount\":0,\"image\":{\"@id\":\"https:\/\/www.estorrent.net\/2020\/03\/16\/la-apertura-de-es-torrent-se-pospone-por-el-coronavirus\/#primaryimage\"},\"thumbnailUrl\":\"https:\/\/www.estorrent.net\/wp-content\/uploads\/2020\/03\/P1600410.jpg\",\"articleSection\":[\"Gastronom\u00eda\"],\"inLanguage\":\"ca\",\"potentialAction\":[{\"@type\":\"CommentAction\",\"name\":\"Comment\",\"target\":[\"https:\/\/www.estorrent.net\/2020\/03\/16\/la-apertura-de-es-torrent-se-pospone-por-el-coronavirus\/#respond\"]}]},{\"@type\":\"WebPage\",\"@id\":\"https:\/\/www.estorrent.net\/2020\/03\/16\/la-apertura-de-es-torrent-se-pospone-por-el-coronavirus\/\",\"url\":\"https:\/\/www.estorrent.net\/2020\/03\/16\/la-apertura-de-es-torrent-se-pospone-por-el-coronavirus\/\",\"name\":\"L'obertura de Es Torrent es posposa pel coronavirus - Restaurante Es Torrent\",\"isPartOf\":{\"@id\":\"https:\/\/www.estorrent.net\/#website\"},\"primaryImageOfPage\":{\"@id\":\"https:\/\/www.estorrent.net\/2020\/03\/16\/la-apertura-de-es-torrent-se-pospone-por-el-coronavirus\/#primaryimage\"},\"image\":{\"@id\":\"https:\/\/www.estorrent.net\/2020\/03\/16\/la-apertura-de-es-torrent-se-pospone-por-el-coronavirus\/#primaryimage\"},\"thumbnailUrl\":\"https:\/\/www.estorrent.net\/wp-content\/uploads\/2020\/03\/P1600410.jpg\",\"datePublished\":\"2020-03-16T18:05:14+00:00\",\"dateModified\":\"2020-04-06T08:53:41+00:00\",\"author\":{\"@id\":\"https:\/\/www.estorrent.net\/#\/schema\/person\/3347087d39c6f306963780c3f452bb0a\"},\"description\":\"La crisi internacional que ha provocat l'expansi\u00f3 del coronavirus i que ha for\u00e7at al Govern a declarar l'estat d'alarma al nostre pa\u00eds, ha paralitzat el\",\"breadcrumb\":{\"@id\":\"https:\/\/www.estorrent.net\/2020\/03\/16\/la-apertura-de-es-torrent-se-pospone-por-el-coronavirus\/#breadcrumb\"},\"inLanguage\":\"ca\",\"potentialAction\":[{\"@type\":\"ReadAction\",\"target\":[\"https:\/\/www.estorrent.net\/2020\/03\/16\/la-apertura-de-es-torrent-se-pospone-por-el-coronavirus\/\"]}]},{\"@type\":\"ImageObject\",\"inLanguage\":\"ca\",\"@id\":\"https:\/\/www.estorrent.net\/2020\/03\/16\/la-apertura-de-es-torrent-se-pospone-por-el-coronavirus\/#primaryimage\",\"url\":\"https:\/\/www.estorrent.net\/wp-content\/uploads\/2020\/03\/P1600410.jpg\",\"contentUrl\":\"https:\/\/www.estorrent.net\/wp-content\/uploads\/2020\/03\/P1600410.jpg\",\"width\":900,\"height\":601},{\"@type\":\"BreadcrumbList\",\"@id\":\"https:\/\/www.estorrent.net\/2020\/03\/16\/la-apertura-de-es-torrent-se-pospone-por-el-coronavirus\/#breadcrumb\",\"itemListElement\":[{\"@type\":\"ListItem\",\"position\":1,\"name\":\"Portada\",\"item\":\"https:\/\/www.estorrent.net\/\"},{\"@type\":\"ListItem\",\"position\":2,\"name\":\"L&#8217;obertura de Es Torrent es posposa pel coronavirus\"}]},{\"@type\":\"WebSite\",\"@id\":\"https:\/\/www.estorrent.net\/#website\",\"url\":\"https:\/\/www.estorrent.net\/\",\"name\":\"Restaurante Es Torrent\",\"description\":\"\",\"potentialAction\":[{\"@type\":\"SearchAction\",\"target\":{\"@type\":\"EntryPoint\",\"urlTemplate\":\"https:\/\/www.estorrent.net\/?s={search_term_string}\"},\"query-input\":{\"@type\":\"PropertyValueSpecification\",\"valueRequired\":true,\"valueName\":\"search_term_string\"}}],\"inLanguage\":\"ca\"},{\"@type\":\"Person\",\"@id\":\"https:\/\/www.estorrent.net\/#\/schema\/person\/3347087d39c6f306963780c3f452bb0a\",\"name\":\"Xescu\",\"image\":{\"@type\":\"ImageObject\",\"inLanguage\":\"ca\",\"@id\":\"https:\/\/www.estorrent.net\/#\/schema\/person\/image\/\",\"url\":\"https:\/\/secure.gravatar.com\/avatar\/d569ee5739a9c7022470ea472c9b4b9cf476e15f1be71e5242c911d673d14ad9?s=96&d=mm&r=g\",\"contentUrl\":\"https:\/\/secure.gravatar.com\/avatar\/d569ee5739a9c7022470ea472c9b4b9cf476e15f1be71e5242c911d673d14ad9?s=96&d=mm&r=g\",\"caption\":\"Xescu\"},\"url\":\"https:\/\/www.estorrent.net\/ca\/author\/xescu\/\"}]}<\/script>\n<!-- \/ Yoast SEO plugin. -->","yoast_head_json":{"title":"L'obertura de Es Torrent es posposa pel coronavirus - Restaurante Es Torrent","description":"La crisi internacional que ha provocat l'expansi\u00f3 del coronavirus i que ha for\u00e7at al Govern a declarar l'estat d'alarma al nostre pa\u00eds, ha paralitzat el","robots":{"index":"index","follow":"follow","max-snippet":"max-snippet:-1","max-image-preview":"max-image-preview:large","max-video-preview":"max-video-preview:-1"},"canonical":"https:\/\/www.estorrent.net\/2020\/03\/16\/la-apertura-de-es-torrent-se-pospone-por-el-coronavirus\/","og_locale":"ca_ES","og_type":"article","og_title":"L'obertura de Es Torrent es posposa pel coronavirus - Restaurante Es Torrent","og_description":"La crisi internacional que ha provocat l'expansi\u00f3 del coronavirus i que ha for\u00e7at al Govern a declarar l'estat d'alarma al nostre pa\u00eds, ha paralitzat el","og_url":"https:\/\/www.estorrent.net\/2020\/03\/16\/la-apertura-de-es-torrent-se-pospone-por-el-coronavirus\/","og_site_name":"Restaurante Es Torrent","article_published_time":"2020-03-16T18:05:14+00:00","article_modified_time":"2020-04-06T08:53:41+00:00","og_image":[{"width":900,"height":601,"url":"https:\/\/www.estorrent.net\/wp-content\/uploads\/2020\/03\/P1600410.jpg","type":"image\/jpeg"}],"author":"Xescu","twitter_card":"summary_large_image","twitter_misc":{"Escrit per":"Xescu","Temps estimat de lectura":"1 minut"},"schema":{"@context":"https:\/\/schema.org","@graph":[{"@type":"Article","@id":"https:\/\/www.estorrent.net\/2020\/03\/16\/la-apertura-de-es-torrent-se-pospone-por-el-coronavirus\/#article","isPartOf":{"@id":"https:\/\/www.estorrent.net\/2020\/03\/16\/la-apertura-de-es-torrent-se-pospone-por-el-coronavirus\/"},"author":{"name":"Xescu","@id":"https:\/\/www.estorrent.net\/#\/schema\/person\/3347087d39c6f306963780c3f452bb0a"},"headline":"L&#8217;obertura de Es Torrent es posposa pel coronavirus","datePublished":"2020-03-16T18:05:14+00:00","dateModified":"2020-04-06T08:53:41+00:00","mainEntityOfPage":{"@id":"https:\/\/www.estorrent.net\/2020\/03\/16\/la-apertura-de-es-torrent-se-pospone-por-el-coronavirus\/"},"wordCount":269,"commentCount":0,"image":{"@id":"https:\/\/www.estorrent.net\/2020\/03\/16\/la-apertura-de-es-torrent-se-pospone-por-el-coronavirus\/#primaryimage"},"thumbnailUrl":"https:\/\/www.estorrent.net\/wp-content\/uploads\/2020\/03\/P1600410.jpg","articleSection":["Gastronom\u00eda"],"inLanguage":"ca","potentialAction":[{"@type":"CommentAction","name":"Comment","target":["https:\/\/www.estorrent.net\/2020\/03\/16\/la-apertura-de-es-torrent-se-pospone-por-el-coronavirus\/#respond"]}]},{"@type":"WebPage","@id":"https:\/\/www.estorrent.net\/2020\/03\/16\/la-apertura-de-es-torrent-se-pospone-por-el-coronavirus\/","url":"https:\/\/www.estorrent.net\/2020\/03\/16\/la-apertura-de-es-torrent-se-pospone-por-el-coronavirus\/","name":"L'obertura de Es Torrent es posposa pel coronavirus - Restaurante Es Torrent","isPartOf":{"@id":"https:\/\/www.estorrent.net\/#website"},"primaryImageOfPage":{"@id":"https:\/\/www.estorrent.net\/2020\/03\/16\/la-apertura-de-es-torrent-se-pospone-por-el-coronavirus\/#primaryimage"},"image":{"@id":"https:\/\/www.estorrent.net\/2020\/03\/16\/la-apertura-de-es-torrent-se-pospone-por-el-coronavirus\/#primaryimage"},"thumbnailUrl":"https:\/\/www.estorrent.net\/wp-content\/uploads\/2020\/03\/P1600410.jpg","datePublished":"2020-03-16T18:05:14+00:00","dateModified":"2020-04-06T08:53:41+00:00","author":{"@id":"https:\/\/www.estorrent.net\/#\/schema\/person\/3347087d39c6f306963780c3f452bb0a"},"description":"La crisi internacional que ha provocat l'expansi\u00f3 del coronavirus i que ha for\u00e7at al Govern a declarar l'estat d'alarma al nostre pa\u00eds, ha paralitzat el","breadcrumb":{"@id":"https:\/\/www.estorrent.net\/2020\/03\/16\/la-apertura-de-es-torrent-se-pospone-por-el-coronavirus\/#breadcrumb"},"inLanguage":"ca","potentialAction":[{"@type":"ReadAction","target":["https:\/\/www.estorrent.net\/2020\/03\/16\/la-apertura-de-es-torrent-se-pospone-por-el-coronavirus\/"]}]},{"@type":"ImageObject","inLanguage":"ca","@id":"https:\/\/www.estorrent.net\/2020\/03\/16\/la-apertura-de-es-torrent-se-pospone-por-el-coronavirus\/#primaryimage","url":"https:\/\/www.estorrent.net\/wp-content\/uploads\/2020\/03\/P1600410.jpg","contentUrl":"https:\/\/www.estorrent.net\/wp-content\/uploads\/2020\/03\/P1600410.jpg","width":900,"height":601},{"@type":"BreadcrumbList","@id":"https:\/\/www.estorrent.net\/2020\/03\/16\/la-apertura-de-es-torrent-se-pospone-por-el-coronavirus\/#breadcrumb","itemListElement":[{"@type":"ListItem","position":1,"name":"Portada","item":"https:\/\/www.estorrent.net\/"},{"@type":"ListItem","position":2,"name":"L&#8217;obertura de Es Torrent es posposa pel coronavirus"}]},{"@type":"WebSite","@id":"https:\/\/www.estorrent.net\/#website","url":"https:\/\/www.estorrent.net\/","name":"Restaurante Es Torrent","description":"","potentialAction":[{"@type":"SearchAction","target":{"@type":"EntryPoint","urlTemplate":"https:\/\/www.estorrent.net\/?s={search_term_string}"},"query-input":{"@type":"PropertyValueSpecification","valueRequired":true,"valueName":"search_term_string"}}],"inLanguage":"ca"},{"@type":"Person","@id":"https:\/\/www.estorrent.net\/#\/schema\/person\/3347087d39c6f306963780c3f452bb0a","name":"Xescu","image":{"@type":"ImageObject","inLanguage":"ca","@id":"https:\/\/www.estorrent.net\/#\/schema\/person\/image\/","url":"https:\/\/secure.gravatar.com\/avatar\/d569ee5739a9c7022470ea472c9b4b9cf476e15f1be71e5242c911d673d14ad9?s=96&d=mm&r=g","contentUrl":"https:\/\/secure.gravatar.com\/avatar\/d569ee5739a9c7022470ea472c9b4b9cf476e15f1be71e5242c911d673d14ad9?s=96&d=mm&r=g","caption":"Xescu"},"url":"https:\/\/www.estorrent.net\/ca\/author\/xescu\/"}]}},"_links":{"self":[{"href":"https:\/\/www.estorrent.net\/ca\/wp-json\/wp\/v2\/posts\/18139","targetHints":{"allow":["GET"]}}],"collection":[{"href":"https:\/\/www.estorrent.net\/ca\/wp-json\/wp\/v2\/posts"}],"about":[{"href":"https:\/\/www.estorrent.net\/ca\/wp-json\/wp\/v2\/types\/post"}],"author":[{"embeddable":true,"href":"https:\/\/www.estorrent.net\/ca\/wp-json\/wp\/v2\/users\/2"}],"replies":[{"embeddable":true,"href":"https:\/\/www.estorrent.net\/ca\/wp-json\/wp\/v2\/comments?post=18139"}],"version-history":[{"count":5,"href":"https:\/\/www.estorrent.net\/ca\/wp-json\/wp\/v2\/posts\/18139\/revisions"}],"predecessor-version":[{"id":18169,"href":"https:\/\/www.estorrent.net\/ca\/wp-json\/wp\/v2\/posts\/18139\/revisions\/18169"}],"wp:featuredmedia":[{"embeddable":true,"href":"https:\/\/www.estorrent.net\/ca\/wp-json\/wp\/v2\/media\/18136"}],"wp:attachment":[{"href":"https:\/\/www.estorrent.net\/ca\/wp-json\/wp\/v2\/media?parent=18139"}],"wp:term":[{"taxonomy":"category","embeddable":true,"href":"https:\/\/www.estorrent.net\/ca\/wp-json\/wp\/v2\/categories?post=18139"},{"taxonomy":"post_tag","embeddable":true,"href":"https:\/\/www.estorrent.net\/ca\/wp-json\/wp\/v2\/tags?post=18139"}],"curies":[{"name":"wp","href":"https:\/\/api.w.org\/{rel}","templated":true}]}}