{"id":18119,"date":"2020-02-13T17:11:09","date_gmt":"2020-02-13T16:11:09","guid":{"rendered":"https:\/\/www.estorrent.net\/2020\/02\/13\/almendros-sabor-y-paisaje-de-ibiza\/"},"modified":"2020-02-13T17:12:52","modified_gmt":"2020-02-13T16:12:52","slug":"ametllers-sabor-i-paisatge-de-eivissa","status":"publish","type":"post","link":"https:\/\/www.estorrent.net\/ca\/2020\/02\/13\/ametllers-sabor-i-paisatge-de-eivissa\/","title":{"rendered":"Ametllers, sabor i paisatge d&#8217;Eivissa"},"content":{"rendered":"<p>Si hi ha un producte de l&#8217;interior de l&#8217;illa que s&#8217;identifiqui amb Eivissa \u00e9s l&#8217;ametlla. Antigament, totes les finques posse\u00efen una gran extensi\u00f3 d&#8217;ametllers i el seu fruit es recol\u00b7lectava sota el sol d&#8217;agost, per exportar-se a la pen\u00ednsula. Per a moltes fam\u00edlies pageses, la seva venda constitu\u00efa l&#8217;ingr\u00e9s m\u00e9s important al cap de l&#8217;any. La import\u00e0ncia dels ametllers, per tant, ha estat vital des del punt de vista econ\u00f2mic i gastron\u00f2mic, per\u00f2 tamb\u00e9 des de l&#8217;\u00f2ptica paisatg\u00edstica. Durant mes de febrer, per exemple, Eivissa es cobreix pel mantell blanc de la flor dels ametllers i la seva contemplaci\u00f3 mou a milers de persones.<\/p>\n<p>Abans de l&#8217;arribada del turismo, Eivissa exportava una quantitat extraordin\u00e0ria d&#8217;ametlles, que destaquen per la seva qualitat. Existeixen m\u00e9s de 30 varietats, amb noms tan diferents com mollar, espineta o bec de corb, i actualment es produeixen anualment entre 12.000 i 65.000 quilos, en funci\u00f3 de la collita. Cal recordar que l&#8217;ametller \u00e9s un arbre que alterna anys d&#8217;abundant producci\u00f3 amb altres molt m\u00e9s baixos.<\/p>\n<p><a href=\"https:\/\/www.estorrent.net\/wp-content\/uploads\/2020\/02\/DSC_0802.jpg\" rel=\"lightbox[18119]\"><img loading=\"lazy\" decoding=\"async\" class=\"alignnone size-full wp-image-18112\" src=\"https:\/\/www.estorrent.net\/wp-content\/uploads\/2020\/02\/DSC_0802.jpg\" alt=\"\" width=\"1200\" height=\"803\" srcset=\"https:\/\/www.estorrent.net\/wp-content\/uploads\/2020\/02\/DSC_0802.jpg 1200w, https:\/\/www.estorrent.net\/wp-content\/uploads\/2020\/02\/DSC_0802-300x201.jpg 300w, https:\/\/www.estorrent.net\/wp-content\/uploads\/2020\/02\/DSC_0802-768x514.jpg 768w, https:\/\/www.estorrent.net\/wp-content\/uploads\/2020\/02\/DSC_0802-1024x685.jpg 1024w, https:\/\/www.estorrent.net\/wp-content\/uploads\/2020\/02\/DSC_0802-700x468.jpg 700w\" sizes=\"auto, (max-width: 1200px) 100vw, 1200px\" \/><\/a><\/p>\n<p>Les picades amb ametlla s\u00f3n molt habituals en innombrables guisats i dol\u00e7os. La borrida de rajada, per exemple, \u00e9s un plat emblem\u00e0tic en aquest sentit, com tamb\u00e9 la salsa de Nadal, un torr\u00f3 l\u00edquid que nom\u00e9s s&#8217;elabora a Eivissa, els panallets de tots sants o el torr\u00f3 nadalenc, que a Eivissa t\u00e9 una textura similar al massap\u00e0.<\/p>\n<p>Encara que poden observar-se ametllers en flor per tota l&#8217;illa, el lloc m\u00e9s espectacular per a gaudir d&#8217;aquest fenomen \u00e9s el Pla de Corona. Aquest altipl\u00e0, situat vora la costa de Es Amunts, est\u00e0 replet d&#8217;ametllers. A la fi de gener comencen a cobrir-se de flors i constitueixen un atractiu immens que atreu a artistes i caminantes de tota l&#8217;illa. El punt culminant sol tenir lloc a mitjan febrer, encara que cada varietat floreix amb alguns dies de difer\u00e8ncia.<\/p>\n<p><a href=\"https:\/\/www.estorrent.net\/wp-content\/uploads\/2020\/02\/Dsc01787.jpg\" rel=\"lightbox[18119]\"><img loading=\"lazy\" decoding=\"async\" class=\"alignnone size-full wp-image-18115\" src=\"https:\/\/www.estorrent.net\/wp-content\/uploads\/2020\/02\/Dsc01787.jpg\" alt=\"\" width=\"1200\" height=\"900\" srcset=\"https:\/\/www.estorrent.net\/wp-content\/uploads\/2020\/02\/Dsc01787.jpg 1200w, https:\/\/www.estorrent.net\/wp-content\/uploads\/2020\/02\/Dsc01787-300x225.jpg 300w, https:\/\/www.estorrent.net\/wp-content\/uploads\/2020\/02\/Dsc01787-768x576.jpg 768w, https:\/\/www.estorrent.net\/wp-content\/uploads\/2020\/02\/Dsc01787-1024x768.jpg 1024w, https:\/\/www.estorrent.net\/wp-content\/uploads\/2020\/02\/Dsc01787-800x600.jpg 800w, https:\/\/www.estorrent.net\/wp-content\/uploads\/2020\/02\/Dsc01787-700x525.jpg 700w\" sizes=\"auto, (max-width: 1200px) 100vw, 1200px\" \/><\/a><\/p>\n<p>Santa Agn\u00e8s de Corona, a final de gener, celebra la festa de l&#8217;ametlla al costat del pla dels ametllers. Aquesta celebraci\u00f3 inclou un passeig entre els cultius, una visita als arbres m\u00e9s recentment plantats, una mostra i degustaci\u00f3 de productes elaborats amb ametlla i el desenvolupament de m\u00faltiples tallers gastron\u00f2mics. Culmina amb una torrada popular.<\/p>\n<p>No hi ha dubte que Eivissa, sense els ametllers, seria una illa completament diferent.<\/p>\n","protected":false},"excerpt":{"rendered":"<p>Si hi ha un producte de l&#8217;interior de l&#8217;illa que s&#8217;identifiqui amb Eivissa \u00e9s l&#8217;ametlla. Antigament, totes les finques posse\u00efen una gran extensi\u00f3 d&#8217;ametllers i el seu fruit es recol\u00b7lectava sota el sol d&#8217;agost, per exportar-se a la pen\u00ednsula. Per a moltes fam\u00edlies pageses, la seva venda constitu\u00efa l&#8217;ingr\u00e9s m\u00e9s important al cap de l&#8217;any. La import\u00e0ncia dels ametllers, per&#8230;<\/p>\n","protected":false},"author":2,"featured_media":18110,"comment_status":"open","ping_status":"open","sticky":false,"template":"","format":"standard","meta":{"footnotes":""},"categories":[103],"tags":[],"class_list":["post-18119","post","type-post","status-publish","format-standard","has-post-thumbnail","hentry","category-gastronomia-ca"],"yoast_head":"<!-- This site is optimized with the Yoast SEO plugin v26.7 - https:\/\/yoast.com\/wordpress\/plugins\/seo\/ -->\n<title>Ametllers, sabor i paisatge d&#039;Eivissa - Restaurante Es Torrent<\/title>\n<meta name=\"description\" content=\"Si hi ha un producte de l&#039;interior de l&#039;illa que s&#039;identifiqui amb Eivissa \u00e9s l&#039;ametlla. Antigament, totes les finques posse\u00efen una gran extensi\u00f3\" \/>\n<meta name=\"robots\" content=\"index, follow, max-snippet:-1, max-image-preview:large, max-video-preview:-1\" \/>\n<link rel=\"canonical\" href=\"https:\/\/www.estorrent.net\/2020\/02\/13\/almendros-sabor-y-paisaje-de-ibiza\/\" \/>\n<meta property=\"og:locale\" content=\"ca_ES\" \/>\n<meta property=\"og:type\" content=\"article\" \/>\n<meta property=\"og:title\" content=\"Ametllers, sabor i paisatge d&#039;Eivissa - Restaurante Es Torrent\" \/>\n<meta property=\"og:description\" content=\"Si hi ha un producte de l&#039;interior de l&#039;illa que s&#039;identifiqui amb Eivissa \u00e9s l&#039;ametlla. Antigament, totes les finques posse\u00efen una gran extensi\u00f3\" \/>\n<meta property=\"og:url\" content=\"https:\/\/www.estorrent.net\/2020\/02\/13\/almendros-sabor-y-paisaje-de-ibiza\/\" \/>\n<meta property=\"og:site_name\" content=\"Restaurante Es Torrent\" \/>\n<meta property=\"article:published_time\" content=\"2020-02-13T16:11:09+00:00\" \/>\n<meta property=\"article:modified_time\" content=\"2020-02-13T16:12:52+00:00\" \/>\n<meta property=\"og:image\" content=\"https:\/\/www.estorrent.net\/wp-content\/uploads\/2020\/02\/DSC_3709.jpg\" \/>\n\t<meta property=\"og:image:width\" content=\"1200\" \/>\n\t<meta property=\"og:image:height\" content=\"803\" \/>\n\t<meta property=\"og:image:type\" content=\"image\/jpeg\" \/>\n<meta name=\"author\" content=\"Xescu\" \/>\n<meta name=\"twitter:card\" content=\"summary_large_image\" \/>\n<meta name=\"twitter:label1\" content=\"Escrit per\" \/>\n\t<meta name=\"twitter:data1\" content=\"Xescu\" \/>\n\t<meta name=\"twitter:label2\" content=\"Temps estimat de lectura\" \/>\n\t<meta name=\"twitter:data2\" content=\"2 minuts\" \/>\n<script type=\"application\/ld+json\" class=\"yoast-schema-graph\">{\"@context\":\"https:\/\/schema.org\",\"@graph\":[{\"@type\":\"Article\",\"@id\":\"https:\/\/www.estorrent.net\/2020\/02\/13\/almendros-sabor-y-paisaje-de-ibiza\/#article\",\"isPartOf\":{\"@id\":\"https:\/\/www.estorrent.net\/2020\/02\/13\/almendros-sabor-y-paisaje-de-ibiza\/\"},\"author\":{\"name\":\"Xescu\",\"@id\":\"https:\/\/www.estorrent.net\/#\/schema\/person\/3347087d39c6f306963780c3f452bb0a\"},\"headline\":\"Ametllers, sabor i paisatge d&#8217;Eivissa\",\"datePublished\":\"2020-02-13T16:11:09+00:00\",\"dateModified\":\"2020-02-13T16:12:52+00:00\",\"mainEntityOfPage\":{\"@id\":\"https:\/\/www.estorrent.net\/2020\/02\/13\/almendros-sabor-y-paisaje-de-ibiza\/\"},\"wordCount\":421,\"commentCount\":0,\"image\":{\"@id\":\"https:\/\/www.estorrent.net\/2020\/02\/13\/almendros-sabor-y-paisaje-de-ibiza\/#primaryimage\"},\"thumbnailUrl\":\"https:\/\/www.estorrent.net\/wp-content\/uploads\/2020\/02\/DSC_3709.jpg\",\"articleSection\":[\"Gastronom\u00eda\"],\"inLanguage\":\"ca\",\"potentialAction\":[{\"@type\":\"CommentAction\",\"name\":\"Comment\",\"target\":[\"https:\/\/www.estorrent.net\/2020\/02\/13\/almendros-sabor-y-paisaje-de-ibiza\/#respond\"]}]},{\"@type\":\"WebPage\",\"@id\":\"https:\/\/www.estorrent.net\/2020\/02\/13\/almendros-sabor-y-paisaje-de-ibiza\/\",\"url\":\"https:\/\/www.estorrent.net\/2020\/02\/13\/almendros-sabor-y-paisaje-de-ibiza\/\",\"name\":\"Ametllers, sabor i paisatge d'Eivissa - Restaurante Es Torrent\",\"isPartOf\":{\"@id\":\"https:\/\/www.estorrent.net\/#website\"},\"primaryImageOfPage\":{\"@id\":\"https:\/\/www.estorrent.net\/2020\/02\/13\/almendros-sabor-y-paisaje-de-ibiza\/#primaryimage\"},\"image\":{\"@id\":\"https:\/\/www.estorrent.net\/2020\/02\/13\/almendros-sabor-y-paisaje-de-ibiza\/#primaryimage\"},\"thumbnailUrl\":\"https:\/\/www.estorrent.net\/wp-content\/uploads\/2020\/02\/DSC_3709.jpg\",\"datePublished\":\"2020-02-13T16:11:09+00:00\",\"dateModified\":\"2020-02-13T16:12:52+00:00\",\"author\":{\"@id\":\"https:\/\/www.estorrent.net\/#\/schema\/person\/3347087d39c6f306963780c3f452bb0a\"},\"description\":\"Si hi ha un producte de l'interior de l'illa que s'identifiqui amb Eivissa \u00e9s l'ametlla. Antigament, totes les finques posse\u00efen una gran extensi\u00f3\",\"breadcrumb\":{\"@id\":\"https:\/\/www.estorrent.net\/2020\/02\/13\/almendros-sabor-y-paisaje-de-ibiza\/#breadcrumb\"},\"inLanguage\":\"ca\",\"potentialAction\":[{\"@type\":\"ReadAction\",\"target\":[\"https:\/\/www.estorrent.net\/2020\/02\/13\/almendros-sabor-y-paisaje-de-ibiza\/\"]}]},{\"@type\":\"ImageObject\",\"inLanguage\":\"ca\",\"@id\":\"https:\/\/www.estorrent.net\/2020\/02\/13\/almendros-sabor-y-paisaje-de-ibiza\/#primaryimage\",\"url\":\"https:\/\/www.estorrent.net\/wp-content\/uploads\/2020\/02\/DSC_3709.jpg\",\"contentUrl\":\"https:\/\/www.estorrent.net\/wp-content\/uploads\/2020\/02\/DSC_3709.jpg\",\"width\":1200,\"height\":803},{\"@type\":\"BreadcrumbList\",\"@id\":\"https:\/\/www.estorrent.net\/2020\/02\/13\/almendros-sabor-y-paisaje-de-ibiza\/#breadcrumb\",\"itemListElement\":[{\"@type\":\"ListItem\",\"position\":1,\"name\":\"Portada\",\"item\":\"https:\/\/www.estorrent.net\/\"},{\"@type\":\"ListItem\",\"position\":2,\"name\":\"Ametllers, sabor i paisatge d&#8217;Eivissa\"}]},{\"@type\":\"WebSite\",\"@id\":\"https:\/\/www.estorrent.net\/#website\",\"url\":\"https:\/\/www.estorrent.net\/\",\"name\":\"Restaurante Es Torrent\",\"description\":\"\",\"potentialAction\":[{\"@type\":\"SearchAction\",\"target\":{\"@type\":\"EntryPoint\",\"urlTemplate\":\"https:\/\/www.estorrent.net\/?s={search_term_string}\"},\"query-input\":{\"@type\":\"PropertyValueSpecification\",\"valueRequired\":true,\"valueName\":\"search_term_string\"}}],\"inLanguage\":\"ca\"},{\"@type\":\"Person\",\"@id\":\"https:\/\/www.estorrent.net\/#\/schema\/person\/3347087d39c6f306963780c3f452bb0a\",\"name\":\"Xescu\",\"image\":{\"@type\":\"ImageObject\",\"inLanguage\":\"ca\",\"@id\":\"https:\/\/www.estorrent.net\/#\/schema\/person\/image\/\",\"url\":\"https:\/\/secure.gravatar.com\/avatar\/d569ee5739a9c7022470ea472c9b4b9cf476e15f1be71e5242c911d673d14ad9?s=96&d=mm&r=g\",\"contentUrl\":\"https:\/\/secure.gravatar.com\/avatar\/d569ee5739a9c7022470ea472c9b4b9cf476e15f1be71e5242c911d673d14ad9?s=96&d=mm&r=g\",\"caption\":\"Xescu\"},\"url\":\"https:\/\/www.estorrent.net\/ca\/author\/xescu\/\"}]}<\/script>\n<!-- \/ Yoast SEO plugin. -->","yoast_head_json":{"title":"Ametllers, sabor i paisatge d'Eivissa - Restaurante Es Torrent","description":"Si hi ha un producte de l'interior de l'illa que s'identifiqui amb Eivissa \u00e9s l'ametlla. Antigament, totes les finques posse\u00efen una gran extensi\u00f3","robots":{"index":"index","follow":"follow","max-snippet":"max-snippet:-1","max-image-preview":"max-image-preview:large","max-video-preview":"max-video-preview:-1"},"canonical":"https:\/\/www.estorrent.net\/2020\/02\/13\/almendros-sabor-y-paisaje-de-ibiza\/","og_locale":"ca_ES","og_type":"article","og_title":"Ametllers, sabor i paisatge d'Eivissa - Restaurante Es Torrent","og_description":"Si hi ha un producte de l'interior de l'illa que s'identifiqui amb Eivissa \u00e9s l'ametlla. Antigament, totes les finques posse\u00efen una gran extensi\u00f3","og_url":"https:\/\/www.estorrent.net\/2020\/02\/13\/almendros-sabor-y-paisaje-de-ibiza\/","og_site_name":"Restaurante Es Torrent","article_published_time":"2020-02-13T16:11:09+00:00","article_modified_time":"2020-02-13T16:12:52+00:00","og_image":[{"width":1200,"height":803,"url":"https:\/\/www.estorrent.net\/wp-content\/uploads\/2020\/02\/DSC_3709.jpg","type":"image\/jpeg"}],"author":"Xescu","twitter_card":"summary_large_image","twitter_misc":{"Escrit per":"Xescu","Temps estimat de lectura":"2 minuts"},"schema":{"@context":"https:\/\/schema.org","@graph":[{"@type":"Article","@id":"https:\/\/www.estorrent.net\/2020\/02\/13\/almendros-sabor-y-paisaje-de-ibiza\/#article","isPartOf":{"@id":"https:\/\/www.estorrent.net\/2020\/02\/13\/almendros-sabor-y-paisaje-de-ibiza\/"},"author":{"name":"Xescu","@id":"https:\/\/www.estorrent.net\/#\/schema\/person\/3347087d39c6f306963780c3f452bb0a"},"headline":"Ametllers, sabor i paisatge d&#8217;Eivissa","datePublished":"2020-02-13T16:11:09+00:00","dateModified":"2020-02-13T16:12:52+00:00","mainEntityOfPage":{"@id":"https:\/\/www.estorrent.net\/2020\/02\/13\/almendros-sabor-y-paisaje-de-ibiza\/"},"wordCount":421,"commentCount":0,"image":{"@id":"https:\/\/www.estorrent.net\/2020\/02\/13\/almendros-sabor-y-paisaje-de-ibiza\/#primaryimage"},"thumbnailUrl":"https:\/\/www.estorrent.net\/wp-content\/uploads\/2020\/02\/DSC_3709.jpg","articleSection":["Gastronom\u00eda"],"inLanguage":"ca","potentialAction":[{"@type":"CommentAction","name":"Comment","target":["https:\/\/www.estorrent.net\/2020\/02\/13\/almendros-sabor-y-paisaje-de-ibiza\/#respond"]}]},{"@type":"WebPage","@id":"https:\/\/www.estorrent.net\/2020\/02\/13\/almendros-sabor-y-paisaje-de-ibiza\/","url":"https:\/\/www.estorrent.net\/2020\/02\/13\/almendros-sabor-y-paisaje-de-ibiza\/","name":"Ametllers, sabor i paisatge d'Eivissa - Restaurante Es Torrent","isPartOf":{"@id":"https:\/\/www.estorrent.net\/#website"},"primaryImageOfPage":{"@id":"https:\/\/www.estorrent.net\/2020\/02\/13\/almendros-sabor-y-paisaje-de-ibiza\/#primaryimage"},"image":{"@id":"https:\/\/www.estorrent.net\/2020\/02\/13\/almendros-sabor-y-paisaje-de-ibiza\/#primaryimage"},"thumbnailUrl":"https:\/\/www.estorrent.net\/wp-content\/uploads\/2020\/02\/DSC_3709.jpg","datePublished":"2020-02-13T16:11:09+00:00","dateModified":"2020-02-13T16:12:52+00:00","author":{"@id":"https:\/\/www.estorrent.net\/#\/schema\/person\/3347087d39c6f306963780c3f452bb0a"},"description":"Si hi ha un producte de l'interior de l'illa que s'identifiqui amb Eivissa \u00e9s l'ametlla. Antigament, totes les finques posse\u00efen una gran extensi\u00f3","breadcrumb":{"@id":"https:\/\/www.estorrent.net\/2020\/02\/13\/almendros-sabor-y-paisaje-de-ibiza\/#breadcrumb"},"inLanguage":"ca","potentialAction":[{"@type":"ReadAction","target":["https:\/\/www.estorrent.net\/2020\/02\/13\/almendros-sabor-y-paisaje-de-ibiza\/"]}]},{"@type":"ImageObject","inLanguage":"ca","@id":"https:\/\/www.estorrent.net\/2020\/02\/13\/almendros-sabor-y-paisaje-de-ibiza\/#primaryimage","url":"https:\/\/www.estorrent.net\/wp-content\/uploads\/2020\/02\/DSC_3709.jpg","contentUrl":"https:\/\/www.estorrent.net\/wp-content\/uploads\/2020\/02\/DSC_3709.jpg","width":1200,"height":803},{"@type":"BreadcrumbList","@id":"https:\/\/www.estorrent.net\/2020\/02\/13\/almendros-sabor-y-paisaje-de-ibiza\/#breadcrumb","itemListElement":[{"@type":"ListItem","position":1,"name":"Portada","item":"https:\/\/www.estorrent.net\/"},{"@type":"ListItem","position":2,"name":"Ametllers, sabor i paisatge d&#8217;Eivissa"}]},{"@type":"WebSite","@id":"https:\/\/www.estorrent.net\/#website","url":"https:\/\/www.estorrent.net\/","name":"Restaurante Es Torrent","description":"","potentialAction":[{"@type":"SearchAction","target":{"@type":"EntryPoint","urlTemplate":"https:\/\/www.estorrent.net\/?s={search_term_string}"},"query-input":{"@type":"PropertyValueSpecification","valueRequired":true,"valueName":"search_term_string"}}],"inLanguage":"ca"},{"@type":"Person","@id":"https:\/\/www.estorrent.net\/#\/schema\/person\/3347087d39c6f306963780c3f452bb0a","name":"Xescu","image":{"@type":"ImageObject","inLanguage":"ca","@id":"https:\/\/www.estorrent.net\/#\/schema\/person\/image\/","url":"https:\/\/secure.gravatar.com\/avatar\/d569ee5739a9c7022470ea472c9b4b9cf476e15f1be71e5242c911d673d14ad9?s=96&d=mm&r=g","contentUrl":"https:\/\/secure.gravatar.com\/avatar\/d569ee5739a9c7022470ea472c9b4b9cf476e15f1be71e5242c911d673d14ad9?s=96&d=mm&r=g","caption":"Xescu"},"url":"https:\/\/www.estorrent.net\/ca\/author\/xescu\/"}]}},"_links":{"self":[{"href":"https:\/\/www.estorrent.net\/ca\/wp-json\/wp\/v2\/posts\/18119","targetHints":{"allow":["GET"]}}],"collection":[{"href":"https:\/\/www.estorrent.net\/ca\/wp-json\/wp\/v2\/posts"}],"about":[{"href":"https:\/\/www.estorrent.net\/ca\/wp-json\/wp\/v2\/types\/post"}],"author":[{"embeddable":true,"href":"https:\/\/www.estorrent.net\/ca\/wp-json\/wp\/v2\/users\/2"}],"replies":[{"embeddable":true,"href":"https:\/\/www.estorrent.net\/ca\/wp-json\/wp\/v2\/comments?post=18119"}],"version-history":[{"count":2,"href":"https:\/\/www.estorrent.net\/ca\/wp-json\/wp\/v2\/posts\/18119\/revisions"}],"predecessor-version":[{"id":18122,"href":"https:\/\/www.estorrent.net\/ca\/wp-json\/wp\/v2\/posts\/18119\/revisions\/18122"}],"wp:featuredmedia":[{"embeddable":true,"href":"https:\/\/www.estorrent.net\/ca\/wp-json\/wp\/v2\/media\/18110"}],"wp:attachment":[{"href":"https:\/\/www.estorrent.net\/ca\/wp-json\/wp\/v2\/media?parent=18119"}],"wp:term":[{"taxonomy":"category","embeddable":true,"href":"https:\/\/www.estorrent.net\/ca\/wp-json\/wp\/v2\/categories?post=18119"},{"taxonomy":"post_tag","embeddable":true,"href":"https:\/\/www.estorrent.net\/ca\/wp-json\/wp\/v2\/tags?post=18119"}],"curies":[{"name":"wp","href":"https:\/\/api.w.org\/{rel}","templated":true}]}}