{"id":18079,"date":"2019-12-13T15:06:58","date_gmt":"2019-12-13T14:06:58","guid":{"rendered":"https:\/\/www.estorrent.net\/2019\/12\/13\/es-torrent-en-invierno\/"},"modified":"2019-12-13T15:09:08","modified_gmt":"2019-12-13T14:09:08","slug":"es-torrent-al-hivern","status":"publish","type":"post","link":"https:\/\/www.estorrent.net\/ca\/2019\/12\/13\/es-torrent-al-hivern\/","title":{"rendered":"Es Torrent a l&#8217;hivern"},"content":{"rendered":"<p>El restaurant Es Torrent obre les seves portes des del mes d&#8217;abril a la fi d&#8217;octubre, coincidint amb el temps afable que caracteritza l&#8217;illa durant la primavera, l&#8217;estiu i el principi de la tardor. Durant aquests set mesos, la platja presenta la seva versi\u00f3 m\u00e9s paradis\u00edaca, amb una aigua calma i transparent ideal per al bany, i una temperatura m\u00e9s elevada; i tamb\u00e9 m\u00e9s animada, per la pres\u00e8ncia de les persones que tenen una segona resid\u00e8ncia a l&#8217;illa i els viatgers que van arribant.<\/p>\n<p>A\u00a0l&#8217;hivern, no obstant aix\u00f2, Es Torrent ofereix la seva versi\u00f3 m\u00e9s solit\u00e0ria. La terrassa queda recollida, sense taules ni cadires, igual que el balneari, buit de gandules. Passejar per la cala, en aquesta \u00e8poca tranquil\u00b7la, \u00e9s tamb\u00e9 una maravella. Els nombrosos iots i llanxes que a l&#8217;estiu fondegen a\u00a0Porroig\u00a0ja no hi son i la sensaci\u00f3 de badia buida, on \u00fanicament la naturalesa s&#8217;imposa, resulta fant\u00e0stica. En els dies assolellats de l&#8217;hivern, sense vent, l&#8217;aigua est\u00e0 igual que a l&#8217;estiu i adquireix aquestes tonalitats maragda que sedueixen.<\/p>\n<p><a href=\"https:\/\/www.estorrent.net\/wp-content\/uploads\/2019\/12\/P1570440.jpg\" rel=\"lightbox[18079]\"><img loading=\"lazy\" decoding=\"async\" class=\"alignnone size-full wp-image-18075\" src=\"https:\/\/www.estorrent.net\/wp-content\/uploads\/2019\/12\/P1570440.jpg\" alt=\"\" width=\"1200\" height=\"801\" srcset=\"https:\/\/www.estorrent.net\/wp-content\/uploads\/2019\/12\/P1570440.jpg 1200w, https:\/\/www.estorrent.net\/wp-content\/uploads\/2019\/12\/P1570440-300x200.jpg 300w, https:\/\/www.estorrent.net\/wp-content\/uploads\/2019\/12\/P1570440-768x513.jpg 768w, https:\/\/www.estorrent.net\/wp-content\/uploads\/2019\/12\/P1570440-1024x684.jpg 1024w, https:\/\/www.estorrent.net\/wp-content\/uploads\/2019\/12\/P1570440-700x467.jpg 700w\" sizes=\"auto, (max-width: 1200px) 100vw, 1200px\" \/><\/a><\/p>\n<p>Qui tingui l&#8217;ocasi\u00f3 de gaudir d&#8217;aquest paisatge superb, no hauria de deixar de caminar fins al moll que hi ha a la dreta de la vorera i, des d&#8217;all\u00ed, observar la cala ve\u00efna, Sa Caixota, amb el seu penya-segat de terra vermella. O asseure&#8217;s prop de l&#8217;aigua i escoltar el so dels codols que arrossega el vaiv\u00e9 de la mar.<\/p>\n<p>Hi ha dies en qu\u00e8 els corbs marins s\u2019apostan en els esculls m\u00e9s pr\u00f2xims al moll, mentre descansen entre capbussada i capbussada a la recerca de peixos amb els quals alimentar-se. De tant en tant, la remor del motor d&#8217;un lla\u00fct d&#8217;algun pescador de Porroig interromp aquest silenci, mentre s&#8217;allunya a poc a poc per l&#8217;horitz\u00f3 a la recerca del seu lloc favorit per a provar sort amb el volant\u00ed o el curric\u00e0.<\/p>\n<p>En realitat, Es Torrent, constitueix una excel\u00b7lent met\u00e0fora del qu\u00e9 \u00e9s Eivissa. A l&#8217;estiu, meravellosa, assolellada i amb una atmosfera \u00fanica, vinculada a la seva gent variada, la seva gastronomia i un estil de vida hedonista. A l&#8217;hivern, m\u00e9s tranquil\u00b7la i confrontada a la seva aclaparadora naturalesa. Val la pena gaudir Es Torrent de les dues maneres.<\/p>\n","protected":false},"excerpt":{"rendered":"<p>El restaurant Es Torrent obre les seves portes des del mes d&#8217;abril a la fi d&#8217;octubre, coincidint amb el temps afable que caracteritza l&#8217;illa durant la primavera, l&#8217;estiu i el principi de la tardor. Durant aquests set mesos, la platja presenta la seva versi\u00f3 m\u00e9s paradis\u00edaca, amb una aigua calma i transparent ideal per al bany, i una temperatura m\u00e9s&#8230;<\/p>\n","protected":false},"author":2,"featured_media":18073,"comment_status":"open","ping_status":"open","sticky":false,"template":"","format":"standard","meta":{"footnotes":""},"categories":[106],"tags":[],"class_list":["post-18079","post","type-post","status-publish","format-standard","has-post-thumbnail","hentry","category-la-isla-ca"],"yoast_head":"<!-- This site is optimized with the Yoast SEO plugin v26.7 - https:\/\/yoast.com\/wordpress\/plugins\/seo\/ -->\n<title>Es Torrent a l&#039;hivern - Restaurante Es Torrent<\/title>\n<meta name=\"description\" content=\"El restaurant Es Torrent obre les seves portes des del mes d&#039;abril a la fi d&#039;octubre, coincidint amb el temps afable que caracteritza l&#039;illa durant la\" \/>\n<meta name=\"robots\" content=\"index, follow, max-snippet:-1, max-image-preview:large, max-video-preview:-1\" \/>\n<link rel=\"canonical\" href=\"https:\/\/www.estorrent.net\/2019\/12\/13\/es-torrent-en-invierno\/\" \/>\n<meta property=\"og:locale\" content=\"ca_ES\" \/>\n<meta property=\"og:type\" content=\"article\" \/>\n<meta property=\"og:title\" content=\"Es Torrent a l&#039;hivern - Restaurante Es Torrent\" \/>\n<meta property=\"og:description\" content=\"El restaurant Es Torrent obre les seves portes des del mes d&#039;abril a la fi d&#039;octubre, coincidint amb el temps afable que caracteritza l&#039;illa durant la\" \/>\n<meta property=\"og:url\" content=\"https:\/\/www.estorrent.net\/2019\/12\/13\/es-torrent-en-invierno\/\" \/>\n<meta property=\"og:site_name\" content=\"Restaurante Es Torrent\" \/>\n<meta property=\"article:published_time\" content=\"2019-12-13T14:06:58+00:00\" \/>\n<meta property=\"article:modified_time\" content=\"2019-12-13T14:09:08+00:00\" \/>\n<meta property=\"og:image\" content=\"https:\/\/www.estorrent.net\/wp-content\/uploads\/2019\/12\/P1570451.jpg\" \/>\n\t<meta property=\"og:image:width\" content=\"1200\" \/>\n\t<meta property=\"og:image:height\" content=\"801\" \/>\n\t<meta property=\"og:image:type\" content=\"image\/jpeg\" \/>\n<meta name=\"author\" content=\"Xescu\" \/>\n<meta name=\"twitter:card\" content=\"summary_large_image\" \/>\n<meta name=\"twitter:label1\" content=\"Escrit per\" \/>\n\t<meta name=\"twitter:data1\" content=\"Xescu\" \/>\n\t<meta name=\"twitter:label2\" content=\"Temps estimat de lectura\" \/>\n\t<meta name=\"twitter:data2\" content=\"2 minuts\" \/>\n<script type=\"application\/ld+json\" class=\"yoast-schema-graph\">{\"@context\":\"https:\/\/schema.org\",\"@graph\":[{\"@type\":\"Article\",\"@id\":\"https:\/\/www.estorrent.net\/2019\/12\/13\/es-torrent-en-invierno\/#article\",\"isPartOf\":{\"@id\":\"https:\/\/www.estorrent.net\/2019\/12\/13\/es-torrent-en-invierno\/\"},\"author\":{\"name\":\"Xescu\",\"@id\":\"https:\/\/www.estorrent.net\/#\/schema\/person\/3347087d39c6f306963780c3f452bb0a\"},\"headline\":\"Es Torrent a l&#8217;hivern\",\"datePublished\":\"2019-12-13T14:06:58+00:00\",\"dateModified\":\"2019-12-13T14:09:08+00:00\",\"mainEntityOfPage\":{\"@id\":\"https:\/\/www.estorrent.net\/2019\/12\/13\/es-torrent-en-invierno\/\"},\"wordCount\":409,\"commentCount\":0,\"image\":{\"@id\":\"https:\/\/www.estorrent.net\/2019\/12\/13\/es-torrent-en-invierno\/#primaryimage\"},\"thumbnailUrl\":\"https:\/\/www.estorrent.net\/wp-content\/uploads\/2019\/12\/P1570451.jpg\",\"articleSection\":[\"La isla\"],\"inLanguage\":\"ca\",\"potentialAction\":[{\"@type\":\"CommentAction\",\"name\":\"Comment\",\"target\":[\"https:\/\/www.estorrent.net\/2019\/12\/13\/es-torrent-en-invierno\/#respond\"]}]},{\"@type\":\"WebPage\",\"@id\":\"https:\/\/www.estorrent.net\/2019\/12\/13\/es-torrent-en-invierno\/\",\"url\":\"https:\/\/www.estorrent.net\/2019\/12\/13\/es-torrent-en-invierno\/\",\"name\":\"Es Torrent a l'hivern - Restaurante Es Torrent\",\"isPartOf\":{\"@id\":\"https:\/\/www.estorrent.net\/#website\"},\"primaryImageOfPage\":{\"@id\":\"https:\/\/www.estorrent.net\/2019\/12\/13\/es-torrent-en-invierno\/#primaryimage\"},\"image\":{\"@id\":\"https:\/\/www.estorrent.net\/2019\/12\/13\/es-torrent-en-invierno\/#primaryimage\"},\"thumbnailUrl\":\"https:\/\/www.estorrent.net\/wp-content\/uploads\/2019\/12\/P1570451.jpg\",\"datePublished\":\"2019-12-13T14:06:58+00:00\",\"dateModified\":\"2019-12-13T14:09:08+00:00\",\"author\":{\"@id\":\"https:\/\/www.estorrent.net\/#\/schema\/person\/3347087d39c6f306963780c3f452bb0a\"},\"description\":\"El restaurant Es Torrent obre les seves portes des del mes d'abril a la fi d'octubre, coincidint amb el temps afable que caracteritza l'illa durant la\",\"breadcrumb\":{\"@id\":\"https:\/\/www.estorrent.net\/2019\/12\/13\/es-torrent-en-invierno\/#breadcrumb\"},\"inLanguage\":\"ca\",\"potentialAction\":[{\"@type\":\"ReadAction\",\"target\":[\"https:\/\/www.estorrent.net\/2019\/12\/13\/es-torrent-en-invierno\/\"]}]},{\"@type\":\"ImageObject\",\"inLanguage\":\"ca\",\"@id\":\"https:\/\/www.estorrent.net\/2019\/12\/13\/es-torrent-en-invierno\/#primaryimage\",\"url\":\"https:\/\/www.estorrent.net\/wp-content\/uploads\/2019\/12\/P1570451.jpg\",\"contentUrl\":\"https:\/\/www.estorrent.net\/wp-content\/uploads\/2019\/12\/P1570451.jpg\",\"width\":1200,\"height\":801},{\"@type\":\"BreadcrumbList\",\"@id\":\"https:\/\/www.estorrent.net\/2019\/12\/13\/es-torrent-en-invierno\/#breadcrumb\",\"itemListElement\":[{\"@type\":\"ListItem\",\"position\":1,\"name\":\"Portada\",\"item\":\"https:\/\/www.estorrent.net\/\"},{\"@type\":\"ListItem\",\"position\":2,\"name\":\"Es Torrent a l&#8217;hivern\"}]},{\"@type\":\"WebSite\",\"@id\":\"https:\/\/www.estorrent.net\/#website\",\"url\":\"https:\/\/www.estorrent.net\/\",\"name\":\"Restaurante Es Torrent\",\"description\":\"\",\"potentialAction\":[{\"@type\":\"SearchAction\",\"target\":{\"@type\":\"EntryPoint\",\"urlTemplate\":\"https:\/\/www.estorrent.net\/?s={search_term_string}\"},\"query-input\":{\"@type\":\"PropertyValueSpecification\",\"valueRequired\":true,\"valueName\":\"search_term_string\"}}],\"inLanguage\":\"ca\"},{\"@type\":\"Person\",\"@id\":\"https:\/\/www.estorrent.net\/#\/schema\/person\/3347087d39c6f306963780c3f452bb0a\",\"name\":\"Xescu\",\"image\":{\"@type\":\"ImageObject\",\"inLanguage\":\"ca\",\"@id\":\"https:\/\/www.estorrent.net\/#\/schema\/person\/image\/\",\"url\":\"https:\/\/secure.gravatar.com\/avatar\/d569ee5739a9c7022470ea472c9b4b9cf476e15f1be71e5242c911d673d14ad9?s=96&d=mm&r=g\",\"contentUrl\":\"https:\/\/secure.gravatar.com\/avatar\/d569ee5739a9c7022470ea472c9b4b9cf476e15f1be71e5242c911d673d14ad9?s=96&d=mm&r=g\",\"caption\":\"Xescu\"},\"url\":\"https:\/\/www.estorrent.net\/ca\/author\/xescu\/\"}]}<\/script>\n<!-- \/ Yoast SEO plugin. -->","yoast_head_json":{"title":"Es Torrent a l'hivern - Restaurante Es Torrent","description":"El restaurant Es Torrent obre les seves portes des del mes d'abril a la fi d'octubre, coincidint amb el temps afable que caracteritza l'illa durant la","robots":{"index":"index","follow":"follow","max-snippet":"max-snippet:-1","max-image-preview":"max-image-preview:large","max-video-preview":"max-video-preview:-1"},"canonical":"https:\/\/www.estorrent.net\/2019\/12\/13\/es-torrent-en-invierno\/","og_locale":"ca_ES","og_type":"article","og_title":"Es Torrent a l'hivern - Restaurante Es Torrent","og_description":"El restaurant Es Torrent obre les seves portes des del mes d'abril a la fi d'octubre, coincidint amb el temps afable que caracteritza l'illa durant la","og_url":"https:\/\/www.estorrent.net\/2019\/12\/13\/es-torrent-en-invierno\/","og_site_name":"Restaurante Es Torrent","article_published_time":"2019-12-13T14:06:58+00:00","article_modified_time":"2019-12-13T14:09:08+00:00","og_image":[{"width":1200,"height":801,"url":"https:\/\/www.estorrent.net\/wp-content\/uploads\/2019\/12\/P1570451.jpg","type":"image\/jpeg"}],"author":"Xescu","twitter_card":"summary_large_image","twitter_misc":{"Escrit per":"Xescu","Temps estimat de lectura":"2 minuts"},"schema":{"@context":"https:\/\/schema.org","@graph":[{"@type":"Article","@id":"https:\/\/www.estorrent.net\/2019\/12\/13\/es-torrent-en-invierno\/#article","isPartOf":{"@id":"https:\/\/www.estorrent.net\/2019\/12\/13\/es-torrent-en-invierno\/"},"author":{"name":"Xescu","@id":"https:\/\/www.estorrent.net\/#\/schema\/person\/3347087d39c6f306963780c3f452bb0a"},"headline":"Es Torrent a l&#8217;hivern","datePublished":"2019-12-13T14:06:58+00:00","dateModified":"2019-12-13T14:09:08+00:00","mainEntityOfPage":{"@id":"https:\/\/www.estorrent.net\/2019\/12\/13\/es-torrent-en-invierno\/"},"wordCount":409,"commentCount":0,"image":{"@id":"https:\/\/www.estorrent.net\/2019\/12\/13\/es-torrent-en-invierno\/#primaryimage"},"thumbnailUrl":"https:\/\/www.estorrent.net\/wp-content\/uploads\/2019\/12\/P1570451.jpg","articleSection":["La isla"],"inLanguage":"ca","potentialAction":[{"@type":"CommentAction","name":"Comment","target":["https:\/\/www.estorrent.net\/2019\/12\/13\/es-torrent-en-invierno\/#respond"]}]},{"@type":"WebPage","@id":"https:\/\/www.estorrent.net\/2019\/12\/13\/es-torrent-en-invierno\/","url":"https:\/\/www.estorrent.net\/2019\/12\/13\/es-torrent-en-invierno\/","name":"Es Torrent a l'hivern - Restaurante Es Torrent","isPartOf":{"@id":"https:\/\/www.estorrent.net\/#website"},"primaryImageOfPage":{"@id":"https:\/\/www.estorrent.net\/2019\/12\/13\/es-torrent-en-invierno\/#primaryimage"},"image":{"@id":"https:\/\/www.estorrent.net\/2019\/12\/13\/es-torrent-en-invierno\/#primaryimage"},"thumbnailUrl":"https:\/\/www.estorrent.net\/wp-content\/uploads\/2019\/12\/P1570451.jpg","datePublished":"2019-12-13T14:06:58+00:00","dateModified":"2019-12-13T14:09:08+00:00","author":{"@id":"https:\/\/www.estorrent.net\/#\/schema\/person\/3347087d39c6f306963780c3f452bb0a"},"description":"El restaurant Es Torrent obre les seves portes des del mes d'abril a la fi d'octubre, coincidint amb el temps afable que caracteritza l'illa durant la","breadcrumb":{"@id":"https:\/\/www.estorrent.net\/2019\/12\/13\/es-torrent-en-invierno\/#breadcrumb"},"inLanguage":"ca","potentialAction":[{"@type":"ReadAction","target":["https:\/\/www.estorrent.net\/2019\/12\/13\/es-torrent-en-invierno\/"]}]},{"@type":"ImageObject","inLanguage":"ca","@id":"https:\/\/www.estorrent.net\/2019\/12\/13\/es-torrent-en-invierno\/#primaryimage","url":"https:\/\/www.estorrent.net\/wp-content\/uploads\/2019\/12\/P1570451.jpg","contentUrl":"https:\/\/www.estorrent.net\/wp-content\/uploads\/2019\/12\/P1570451.jpg","width":1200,"height":801},{"@type":"BreadcrumbList","@id":"https:\/\/www.estorrent.net\/2019\/12\/13\/es-torrent-en-invierno\/#breadcrumb","itemListElement":[{"@type":"ListItem","position":1,"name":"Portada","item":"https:\/\/www.estorrent.net\/"},{"@type":"ListItem","position":2,"name":"Es Torrent a l&#8217;hivern"}]},{"@type":"WebSite","@id":"https:\/\/www.estorrent.net\/#website","url":"https:\/\/www.estorrent.net\/","name":"Restaurante Es Torrent","description":"","potentialAction":[{"@type":"SearchAction","target":{"@type":"EntryPoint","urlTemplate":"https:\/\/www.estorrent.net\/?s={search_term_string}"},"query-input":{"@type":"PropertyValueSpecification","valueRequired":true,"valueName":"search_term_string"}}],"inLanguage":"ca"},{"@type":"Person","@id":"https:\/\/www.estorrent.net\/#\/schema\/person\/3347087d39c6f306963780c3f452bb0a","name":"Xescu","image":{"@type":"ImageObject","inLanguage":"ca","@id":"https:\/\/www.estorrent.net\/#\/schema\/person\/image\/","url":"https:\/\/secure.gravatar.com\/avatar\/d569ee5739a9c7022470ea472c9b4b9cf476e15f1be71e5242c911d673d14ad9?s=96&d=mm&r=g","contentUrl":"https:\/\/secure.gravatar.com\/avatar\/d569ee5739a9c7022470ea472c9b4b9cf476e15f1be71e5242c911d673d14ad9?s=96&d=mm&r=g","caption":"Xescu"},"url":"https:\/\/www.estorrent.net\/ca\/author\/xescu\/"}]}},"_links":{"self":[{"href":"https:\/\/www.estorrent.net\/ca\/wp-json\/wp\/v2\/posts\/18079","targetHints":{"allow":["GET"]}}],"collection":[{"href":"https:\/\/www.estorrent.net\/ca\/wp-json\/wp\/v2\/posts"}],"about":[{"href":"https:\/\/www.estorrent.net\/ca\/wp-json\/wp\/v2\/types\/post"}],"author":[{"embeddable":true,"href":"https:\/\/www.estorrent.net\/ca\/wp-json\/wp\/v2\/users\/2"}],"replies":[{"embeddable":true,"href":"https:\/\/www.estorrent.net\/ca\/wp-json\/wp\/v2\/comments?post=18079"}],"version-history":[{"count":3,"href":"https:\/\/www.estorrent.net\/ca\/wp-json\/wp\/v2\/posts\/18079\/revisions"}],"predecessor-version":[{"id":18084,"href":"https:\/\/www.estorrent.net\/ca\/wp-json\/wp\/v2\/posts\/18079\/revisions\/18084"}],"wp:featuredmedia":[{"embeddable":true,"href":"https:\/\/www.estorrent.net\/ca\/wp-json\/wp\/v2\/media\/18073"}],"wp:attachment":[{"href":"https:\/\/www.estorrent.net\/ca\/wp-json\/wp\/v2\/media?parent=18079"}],"wp:term":[{"taxonomy":"category","embeddable":true,"href":"https:\/\/www.estorrent.net\/ca\/wp-json\/wp\/v2\/categories?post=18079"},{"taxonomy":"post_tag","embeddable":true,"href":"https:\/\/www.estorrent.net\/ca\/wp-json\/wp\/v2\/tags?post=18079"}],"curies":[{"name":"wp","href":"https:\/\/api.w.org\/{rel}","templated":true}]}}