{"id":18037,"date":"2019-10-01T20:04:34","date_gmt":"2019-10-01T18:04:34","guid":{"rendered":"https:\/\/www.estorrent.net\/2019\/10\/01\/otono-tiempo-de-recolecta-en-las-salinas-de-ibiza\/"},"modified":"2019-10-01T20:13:14","modified_gmt":"2019-10-01T18:13:14","slug":"tardor-temps-de-recol%c2%b7lecta-a-les-salines-deivissa","status":"publish","type":"post","link":"https:\/\/www.estorrent.net\/ca\/2019\/10\/01\/tardor-temps-de-recol%c2%b7lecta-a-les-salines-deivissa\/","title":{"rendered":"Tardor, temps de recol\u00b7lecta a les salines d&#8217;Eivissa"},"content":{"rendered":"<p>Les salines d&#8217;Eivissa, que s&#8217;exploten des de temps fenicis, fa 2.600 anys, ocupen una part important del territori eivissenc del Parc Natural de Ses Salines. La reserva abasta gaireb\u00e9 3.000 hect\u00e0rees terrestres i 13.000 marines, i s&#8217;est\u00e9n pel sud d&#8217;Eivissa i el nord de Formentera, incloent tot el bra\u00e7 de mar que les separa.<\/p>\n<p>El desenvolupament de treballs per a una producci\u00f3 continuada de sal va donar comen\u00e7ament en temps dels musulmans, entre els segles XII i XIII. Les grans millores t\u00e8cniques que van comen\u00e7ar a configurar els estanys com s\u00f3n avui dia van arribar despr\u00e9s de la reconquesta cristiana, en el segle XIII. Abans d&#8217;aix\u00f2, el preuat mineral per a conservar aliments es recollia a la vorera de dos grans estanys que llavors existien.<\/p>\n<p>Avui la sal eivissenca \u00e9s un dels productes m\u00e9s interessants que genera l&#8217;illa i es refina per a consum dom\u00e8stic. Tamb\u00e9 s&#8217;exporta al natural a pa\u00efsos del nord d&#8217;Europa, que l&#8217;utilitzen sobretot en conserveres de peix en sala\u00f3. Dos dels principals pa\u00efsos importadors s\u00f3n Illes F\u00e8roe i Portugal. El proc\u00e9s de c\u00e0rrega i desc\u00e0rrega es realitza en el moll de\u00a0Sa\u00a0Canal, en un extrem de la platja de\u00a0Ses\u00a0Salines. Actualment treballen en el proc\u00e9s d&#8217;extracci\u00f3 de sal unes vint persones, enfront de les de 1.000 que va arribar a concentrar aquesta ind\u00fastria quan tot el proc\u00e9s es feia de forma manual.<\/p>\n<p><a href=\"https:\/\/www.estorrent.net\/wp-content\/uploads\/2019\/10\/DSC_9507.jpg\" rel=\"lightbox[18037]\"><img loading=\"lazy\" decoding=\"async\" class=\"alignnone size-full wp-image-18028\" src=\"https:\/\/www.estorrent.net\/wp-content\/uploads\/2019\/10\/DSC_9507.jpg\" alt=\"\" width=\"1200\" height=\"803\" srcset=\"https:\/\/www.estorrent.net\/wp-content\/uploads\/2019\/10\/DSC_9507.jpg 1200w, https:\/\/www.estorrent.net\/wp-content\/uploads\/2019\/10\/DSC_9507-300x201.jpg 300w, https:\/\/www.estorrent.net\/wp-content\/uploads\/2019\/10\/DSC_9507-768x514.jpg 768w, https:\/\/www.estorrent.net\/wp-content\/uploads\/2019\/10\/DSC_9507-1024x685.jpg 1024w, https:\/\/www.estorrent.net\/wp-content\/uploads\/2019\/10\/DSC_9507-700x468.jpg 700w\" sizes=\"auto, (max-width: 1200px) 100vw, 1200px\" \/><\/a><\/p>\n<p>La reixeta que componen els estanys quan s&#8217;observen des de llocs elevats tamb\u00e9 varia de color, des de blaus i verdosos fins a rosats intensos. En realitat, el color est\u00e0 relacionat amb la concentraci\u00f3 de sal i les esp\u00e8cies que colonitzen l&#8217;aigua. Hi ha tres tipus d&#8217;estanys: escalfadors, concentradors i cristalitzadors. Els escalfadors acumulen aigua de la mar, que entra a les salines a trav\u00e9s de dues comportes. Concentren aigua amb un percentatge de salinitat que va des dels 36 grams per litre habituals de la mar, fins als 85 grams per litre.<\/p>\n<p>En els concentradors l&#8217;\u00edndex de salinitat arriba fins als 170 grams. Aqu\u00ed viu el crustaci del qual s&#8217;alimenten els flamencs i tamb\u00e9 una alga microsc\u00f2pica (<em>Dunaliella\u00a0savina<\/em>) i un bacteri (<em>Halobacterium\u00a0salinerum<\/em>). Aquestes dues \u00faltimes s\u00f3n les responsables de la tonalitat rosada que adquireixen els estanys. L&#8217;aigua finalment passa als cristalitzadors, menys profunds, on es recull la sal, habitualment durant els mesos de setembre i octubre. \u00c9s, per tant, temps de collita a les salines d&#8217;Eivissa.<\/p>\n","protected":false},"excerpt":{"rendered":"<p>Les salines d&#8217;Eivissa, que s&#8217;exploten des de temps fenicis, fa 2.600 anys, ocupen una part important del territori eivissenc del Parc Natural de Ses Salines. La reserva abasta gaireb\u00e9 3.000 hect\u00e0rees terrestres i 13.000 marines, i s&#8217;est\u00e9n pel sud d&#8217;Eivissa i el nord de Formentera, incloent tot el bra\u00e7 de mar que les separa. El desenvolupament de treballs per a&#8230;<\/p>\n","protected":false},"author":2,"featured_media":18032,"comment_status":"open","ping_status":"open","sticky":false,"template":"","format":"standard","meta":{"footnotes":""},"categories":[103],"tags":[428],"class_list":["post-18037","post","type-post","status-publish","format-standard","has-post-thumbnail","hentry","category-gastronomia-ca","tag-sal-deivissa"],"yoast_head":"<!-- This site is optimized with the Yoast SEO plugin v26.7 - https:\/\/yoast.com\/wordpress\/plugins\/seo\/ -->\n<title>Tardor, temps de recol\u00b7lecta a les salines d&#039;Eivissa - Restaurante Es Torrent<\/title>\n<meta name=\"description\" content=\"Les salines d&#039;Eivissa, que s&#039;exploten des de temps fenicis, fa 2.600 anys, ocupen una part important del territori eivissenc del Parc Natural de Ses\" \/>\n<meta name=\"robots\" content=\"index, follow, max-snippet:-1, max-image-preview:large, max-video-preview:-1\" \/>\n<link rel=\"canonical\" href=\"https:\/\/www.estorrent.net\/2019\/10\/01\/otono-tiempo-de-recolecta-en-las-salinas-de-ibiza\/\" \/>\n<meta property=\"og:locale\" content=\"ca_ES\" \/>\n<meta property=\"og:type\" content=\"article\" \/>\n<meta property=\"og:title\" content=\"Tardor, temps de recol\u00b7lecta a les salines d&#039;Eivissa - Restaurante Es Torrent\" \/>\n<meta property=\"og:description\" content=\"Les salines d&#039;Eivissa, que s&#039;exploten des de temps fenicis, fa 2.600 anys, ocupen una part important del territori eivissenc del Parc Natural de Ses\" \/>\n<meta property=\"og:url\" content=\"https:\/\/www.estorrent.net\/2019\/10\/01\/otono-tiempo-de-recolecta-en-las-salinas-de-ibiza\/\" \/>\n<meta property=\"og:site_name\" content=\"Restaurante Es Torrent\" \/>\n<meta property=\"article:published_time\" content=\"2019-10-01T18:04:34+00:00\" \/>\n<meta property=\"article:modified_time\" content=\"2019-10-01T18:13:14+00:00\" \/>\n<meta property=\"og:image\" content=\"https:\/\/www.estorrent.net\/wp-content\/uploads\/2019\/10\/P1330444.jpg\" \/>\n\t<meta property=\"og:image:width\" content=\"1200\" \/>\n\t<meta property=\"og:image:height\" content=\"801\" \/>\n\t<meta property=\"og:image:type\" content=\"image\/jpeg\" \/>\n<meta name=\"author\" content=\"Xescu\" \/>\n<meta name=\"twitter:card\" content=\"summary_large_image\" \/>\n<meta name=\"twitter:label1\" content=\"Escrit per\" \/>\n\t<meta name=\"twitter:data1\" content=\"Xescu\" \/>\n\t<meta name=\"twitter:label2\" content=\"Temps estimat de lectura\" \/>\n\t<meta name=\"twitter:data2\" content=\"2 minuts\" \/>\n<script type=\"application\/ld+json\" class=\"yoast-schema-graph\">{\"@context\":\"https:\/\/schema.org\",\"@graph\":[{\"@type\":\"Article\",\"@id\":\"https:\/\/www.estorrent.net\/2019\/10\/01\/otono-tiempo-de-recolecta-en-las-salinas-de-ibiza\/#article\",\"isPartOf\":{\"@id\":\"https:\/\/www.estorrent.net\/2019\/10\/01\/otono-tiempo-de-recolecta-en-las-salinas-de-ibiza\/\"},\"author\":{\"name\":\"Xescu\",\"@id\":\"https:\/\/www.estorrent.net\/#\/schema\/person\/3347087d39c6f306963780c3f452bb0a\"},\"headline\":\"Tardor, temps de recol\u00b7lecta a les salines d&#8217;Eivissa\",\"datePublished\":\"2019-10-01T18:04:34+00:00\",\"dateModified\":\"2019-10-01T18:13:14+00:00\",\"mainEntityOfPage\":{\"@id\":\"https:\/\/www.estorrent.net\/2019\/10\/01\/otono-tiempo-de-recolecta-en-las-salinas-de-ibiza\/\"},\"wordCount\":440,\"commentCount\":0,\"image\":{\"@id\":\"https:\/\/www.estorrent.net\/2019\/10\/01\/otono-tiempo-de-recolecta-en-las-salinas-de-ibiza\/#primaryimage\"},\"thumbnailUrl\":\"https:\/\/www.estorrent.net\/wp-content\/uploads\/2019\/10\/P1330444.jpg\",\"keywords\":[\"Sal d'Eivissa\"],\"articleSection\":[\"Gastronom\u00eda\"],\"inLanguage\":\"ca\",\"potentialAction\":[{\"@type\":\"CommentAction\",\"name\":\"Comment\",\"target\":[\"https:\/\/www.estorrent.net\/2019\/10\/01\/otono-tiempo-de-recolecta-en-las-salinas-de-ibiza\/#respond\"]}]},{\"@type\":\"WebPage\",\"@id\":\"https:\/\/www.estorrent.net\/2019\/10\/01\/otono-tiempo-de-recolecta-en-las-salinas-de-ibiza\/\",\"url\":\"https:\/\/www.estorrent.net\/2019\/10\/01\/otono-tiempo-de-recolecta-en-las-salinas-de-ibiza\/\",\"name\":\"Tardor, temps de recol\u00b7lecta a les salines d'Eivissa - Restaurante Es Torrent\",\"isPartOf\":{\"@id\":\"https:\/\/www.estorrent.net\/#website\"},\"primaryImageOfPage\":{\"@id\":\"https:\/\/www.estorrent.net\/2019\/10\/01\/otono-tiempo-de-recolecta-en-las-salinas-de-ibiza\/#primaryimage\"},\"image\":{\"@id\":\"https:\/\/www.estorrent.net\/2019\/10\/01\/otono-tiempo-de-recolecta-en-las-salinas-de-ibiza\/#primaryimage\"},\"thumbnailUrl\":\"https:\/\/www.estorrent.net\/wp-content\/uploads\/2019\/10\/P1330444.jpg\",\"datePublished\":\"2019-10-01T18:04:34+00:00\",\"dateModified\":\"2019-10-01T18:13:14+00:00\",\"author\":{\"@id\":\"https:\/\/www.estorrent.net\/#\/schema\/person\/3347087d39c6f306963780c3f452bb0a\"},\"description\":\"Les salines d'Eivissa, que s'exploten des de temps fenicis, fa 2.600 anys, ocupen una part important del territori eivissenc del Parc Natural de Ses\",\"breadcrumb\":{\"@id\":\"https:\/\/www.estorrent.net\/2019\/10\/01\/otono-tiempo-de-recolecta-en-las-salinas-de-ibiza\/#breadcrumb\"},\"inLanguage\":\"ca\",\"potentialAction\":[{\"@type\":\"ReadAction\",\"target\":[\"https:\/\/www.estorrent.net\/2019\/10\/01\/otono-tiempo-de-recolecta-en-las-salinas-de-ibiza\/\"]}]},{\"@type\":\"ImageObject\",\"inLanguage\":\"ca\",\"@id\":\"https:\/\/www.estorrent.net\/2019\/10\/01\/otono-tiempo-de-recolecta-en-las-salinas-de-ibiza\/#primaryimage\",\"url\":\"https:\/\/www.estorrent.net\/wp-content\/uploads\/2019\/10\/P1330444.jpg\",\"contentUrl\":\"https:\/\/www.estorrent.net\/wp-content\/uploads\/2019\/10\/P1330444.jpg\",\"width\":1200,\"height\":801},{\"@type\":\"BreadcrumbList\",\"@id\":\"https:\/\/www.estorrent.net\/2019\/10\/01\/otono-tiempo-de-recolecta-en-las-salinas-de-ibiza\/#breadcrumb\",\"itemListElement\":[{\"@type\":\"ListItem\",\"position\":1,\"name\":\"Portada\",\"item\":\"https:\/\/www.estorrent.net\/\"},{\"@type\":\"ListItem\",\"position\":2,\"name\":\"Tardor, temps de recol\u00b7lecta a les salines d&#8217;Eivissa\"}]},{\"@type\":\"WebSite\",\"@id\":\"https:\/\/www.estorrent.net\/#website\",\"url\":\"https:\/\/www.estorrent.net\/\",\"name\":\"Restaurante Es Torrent\",\"description\":\"\",\"potentialAction\":[{\"@type\":\"SearchAction\",\"target\":{\"@type\":\"EntryPoint\",\"urlTemplate\":\"https:\/\/www.estorrent.net\/?s={search_term_string}\"},\"query-input\":{\"@type\":\"PropertyValueSpecification\",\"valueRequired\":true,\"valueName\":\"search_term_string\"}}],\"inLanguage\":\"ca\"},{\"@type\":\"Person\",\"@id\":\"https:\/\/www.estorrent.net\/#\/schema\/person\/3347087d39c6f306963780c3f452bb0a\",\"name\":\"Xescu\",\"image\":{\"@type\":\"ImageObject\",\"inLanguage\":\"ca\",\"@id\":\"https:\/\/www.estorrent.net\/#\/schema\/person\/image\/\",\"url\":\"https:\/\/secure.gravatar.com\/avatar\/d569ee5739a9c7022470ea472c9b4b9cf476e15f1be71e5242c911d673d14ad9?s=96&d=mm&r=g\",\"contentUrl\":\"https:\/\/secure.gravatar.com\/avatar\/d569ee5739a9c7022470ea472c9b4b9cf476e15f1be71e5242c911d673d14ad9?s=96&d=mm&r=g\",\"caption\":\"Xescu\"},\"url\":\"https:\/\/www.estorrent.net\/ca\/author\/xescu\/\"}]}<\/script>\n<!-- \/ Yoast SEO plugin. -->","yoast_head_json":{"title":"Tardor, temps de recol\u00b7lecta a les salines d'Eivissa - Restaurante Es Torrent","description":"Les salines d'Eivissa, que s'exploten des de temps fenicis, fa 2.600 anys, ocupen una part important del territori eivissenc del Parc Natural de Ses","robots":{"index":"index","follow":"follow","max-snippet":"max-snippet:-1","max-image-preview":"max-image-preview:large","max-video-preview":"max-video-preview:-1"},"canonical":"https:\/\/www.estorrent.net\/2019\/10\/01\/otono-tiempo-de-recolecta-en-las-salinas-de-ibiza\/","og_locale":"ca_ES","og_type":"article","og_title":"Tardor, temps de recol\u00b7lecta a les salines d'Eivissa - Restaurante Es Torrent","og_description":"Les salines d'Eivissa, que s'exploten des de temps fenicis, fa 2.600 anys, ocupen una part important del territori eivissenc del Parc Natural de Ses","og_url":"https:\/\/www.estorrent.net\/2019\/10\/01\/otono-tiempo-de-recolecta-en-las-salinas-de-ibiza\/","og_site_name":"Restaurante Es Torrent","article_published_time":"2019-10-01T18:04:34+00:00","article_modified_time":"2019-10-01T18:13:14+00:00","og_image":[{"width":1200,"height":801,"url":"https:\/\/www.estorrent.net\/wp-content\/uploads\/2019\/10\/P1330444.jpg","type":"image\/jpeg"}],"author":"Xescu","twitter_card":"summary_large_image","twitter_misc":{"Escrit per":"Xescu","Temps estimat de lectura":"2 minuts"},"schema":{"@context":"https:\/\/schema.org","@graph":[{"@type":"Article","@id":"https:\/\/www.estorrent.net\/2019\/10\/01\/otono-tiempo-de-recolecta-en-las-salinas-de-ibiza\/#article","isPartOf":{"@id":"https:\/\/www.estorrent.net\/2019\/10\/01\/otono-tiempo-de-recolecta-en-las-salinas-de-ibiza\/"},"author":{"name":"Xescu","@id":"https:\/\/www.estorrent.net\/#\/schema\/person\/3347087d39c6f306963780c3f452bb0a"},"headline":"Tardor, temps de recol\u00b7lecta a les salines d&#8217;Eivissa","datePublished":"2019-10-01T18:04:34+00:00","dateModified":"2019-10-01T18:13:14+00:00","mainEntityOfPage":{"@id":"https:\/\/www.estorrent.net\/2019\/10\/01\/otono-tiempo-de-recolecta-en-las-salinas-de-ibiza\/"},"wordCount":440,"commentCount":0,"image":{"@id":"https:\/\/www.estorrent.net\/2019\/10\/01\/otono-tiempo-de-recolecta-en-las-salinas-de-ibiza\/#primaryimage"},"thumbnailUrl":"https:\/\/www.estorrent.net\/wp-content\/uploads\/2019\/10\/P1330444.jpg","keywords":["Sal d'Eivissa"],"articleSection":["Gastronom\u00eda"],"inLanguage":"ca","potentialAction":[{"@type":"CommentAction","name":"Comment","target":["https:\/\/www.estorrent.net\/2019\/10\/01\/otono-tiempo-de-recolecta-en-las-salinas-de-ibiza\/#respond"]}]},{"@type":"WebPage","@id":"https:\/\/www.estorrent.net\/2019\/10\/01\/otono-tiempo-de-recolecta-en-las-salinas-de-ibiza\/","url":"https:\/\/www.estorrent.net\/2019\/10\/01\/otono-tiempo-de-recolecta-en-las-salinas-de-ibiza\/","name":"Tardor, temps de recol\u00b7lecta a les salines d'Eivissa - Restaurante Es Torrent","isPartOf":{"@id":"https:\/\/www.estorrent.net\/#website"},"primaryImageOfPage":{"@id":"https:\/\/www.estorrent.net\/2019\/10\/01\/otono-tiempo-de-recolecta-en-las-salinas-de-ibiza\/#primaryimage"},"image":{"@id":"https:\/\/www.estorrent.net\/2019\/10\/01\/otono-tiempo-de-recolecta-en-las-salinas-de-ibiza\/#primaryimage"},"thumbnailUrl":"https:\/\/www.estorrent.net\/wp-content\/uploads\/2019\/10\/P1330444.jpg","datePublished":"2019-10-01T18:04:34+00:00","dateModified":"2019-10-01T18:13:14+00:00","author":{"@id":"https:\/\/www.estorrent.net\/#\/schema\/person\/3347087d39c6f306963780c3f452bb0a"},"description":"Les salines d'Eivissa, que s'exploten des de temps fenicis, fa 2.600 anys, ocupen una part important del territori eivissenc del Parc Natural de Ses","breadcrumb":{"@id":"https:\/\/www.estorrent.net\/2019\/10\/01\/otono-tiempo-de-recolecta-en-las-salinas-de-ibiza\/#breadcrumb"},"inLanguage":"ca","potentialAction":[{"@type":"ReadAction","target":["https:\/\/www.estorrent.net\/2019\/10\/01\/otono-tiempo-de-recolecta-en-las-salinas-de-ibiza\/"]}]},{"@type":"ImageObject","inLanguage":"ca","@id":"https:\/\/www.estorrent.net\/2019\/10\/01\/otono-tiempo-de-recolecta-en-las-salinas-de-ibiza\/#primaryimage","url":"https:\/\/www.estorrent.net\/wp-content\/uploads\/2019\/10\/P1330444.jpg","contentUrl":"https:\/\/www.estorrent.net\/wp-content\/uploads\/2019\/10\/P1330444.jpg","width":1200,"height":801},{"@type":"BreadcrumbList","@id":"https:\/\/www.estorrent.net\/2019\/10\/01\/otono-tiempo-de-recolecta-en-las-salinas-de-ibiza\/#breadcrumb","itemListElement":[{"@type":"ListItem","position":1,"name":"Portada","item":"https:\/\/www.estorrent.net\/"},{"@type":"ListItem","position":2,"name":"Tardor, temps de recol\u00b7lecta a les salines d&#8217;Eivissa"}]},{"@type":"WebSite","@id":"https:\/\/www.estorrent.net\/#website","url":"https:\/\/www.estorrent.net\/","name":"Restaurante Es Torrent","description":"","potentialAction":[{"@type":"SearchAction","target":{"@type":"EntryPoint","urlTemplate":"https:\/\/www.estorrent.net\/?s={search_term_string}"},"query-input":{"@type":"PropertyValueSpecification","valueRequired":true,"valueName":"search_term_string"}}],"inLanguage":"ca"},{"@type":"Person","@id":"https:\/\/www.estorrent.net\/#\/schema\/person\/3347087d39c6f306963780c3f452bb0a","name":"Xescu","image":{"@type":"ImageObject","inLanguage":"ca","@id":"https:\/\/www.estorrent.net\/#\/schema\/person\/image\/","url":"https:\/\/secure.gravatar.com\/avatar\/d569ee5739a9c7022470ea472c9b4b9cf476e15f1be71e5242c911d673d14ad9?s=96&d=mm&r=g","contentUrl":"https:\/\/secure.gravatar.com\/avatar\/d569ee5739a9c7022470ea472c9b4b9cf476e15f1be71e5242c911d673d14ad9?s=96&d=mm&r=g","caption":"Xescu"},"url":"https:\/\/www.estorrent.net\/ca\/author\/xescu\/"}]}},"_links":{"self":[{"href":"https:\/\/www.estorrent.net\/ca\/wp-json\/wp\/v2\/posts\/18037","targetHints":{"allow":["GET"]}}],"collection":[{"href":"https:\/\/www.estorrent.net\/ca\/wp-json\/wp\/v2\/posts"}],"about":[{"href":"https:\/\/www.estorrent.net\/ca\/wp-json\/wp\/v2\/types\/post"}],"author":[{"embeddable":true,"href":"https:\/\/www.estorrent.net\/ca\/wp-json\/wp\/v2\/users\/2"}],"replies":[{"embeddable":true,"href":"https:\/\/www.estorrent.net\/ca\/wp-json\/wp\/v2\/comments?post=18037"}],"version-history":[{"count":2,"href":"https:\/\/www.estorrent.net\/ca\/wp-json\/wp\/v2\/posts\/18037\/revisions"}],"predecessor-version":[{"id":18040,"href":"https:\/\/www.estorrent.net\/ca\/wp-json\/wp\/v2\/posts\/18037\/revisions\/18040"}],"wp:featuredmedia":[{"embeddable":true,"href":"https:\/\/www.estorrent.net\/ca\/wp-json\/wp\/v2\/media\/18032"}],"wp:attachment":[{"href":"https:\/\/www.estorrent.net\/ca\/wp-json\/wp\/v2\/media?parent=18037"}],"wp:term":[{"taxonomy":"category","embeddable":true,"href":"https:\/\/www.estorrent.net\/ca\/wp-json\/wp\/v2\/categories?post=18037"},{"taxonomy":"post_tag","embeddable":true,"href":"https:\/\/www.estorrent.net\/ca\/wp-json\/wp\/v2\/tags?post=18037"}],"curies":[{"name":"wp","href":"https:\/\/api.w.org\/{rel}","templated":true}]}}