{"id":17878,"date":"2019-07-09T13:21:48","date_gmt":"2019-07-09T11:21:48","guid":{"rendered":"https:\/\/www.estorrent.net\/2019\/07\/09\/la-casa-payesa-hogar-y-epicentro-de-nuestra-gastronomia\/"},"modified":"2019-07-09T13:30:07","modified_gmt":"2019-07-09T11:30:07","slug":"la-casa-pagesa-llar-i-epicentre-de-la-nostra-gastronomia","status":"publish","type":"post","link":"https:\/\/www.estorrent.net\/ca\/2019\/07\/09\/la-casa-pagesa-llar-i-epicentre-de-la-nostra-gastronomia\/","title":{"rendered":"La casa pagesa, llar i epicentre de la nostra gastronomia"},"content":{"rendered":"<p>Avui l&#8217;illa d&#8217;Eivissa es considera un dels territoris m\u00e9s pr\u00f2spers del Mediterrani, gr\u00e0cies al fenomen del turisme, que es va iniciar fa ja m\u00e9s de mig segle. No obstant aix\u00f2, la realitat de l&#8217;Eivissa d&#8217;antany res t\u00e9 a veure amb el nivell de vida que gaudeixen les fam\u00edlies eivissenques d&#8217;avui dia.<\/p>\n<p>Abans que Eivissa tingu\u00e9s una ind\u00fastria tur\u00edstica, els paisatges rurals estaven sembrats \u00fanicament de boscos, cultius i cases pageses, que constru\u00efen els propis eivissencs de forma artesanal i amb els materials que els proporcionava la terra. Les cases s&#8217;erigien en els vessants, adaptades al terreny, amb estades a diferents altures. Eren, a m\u00e9s, un organisme viu, que mutava segons creixia la fam\u00edlia o sorgien noves necessitats. Algunes eren min\u00fascules i altres enormes, amb trull, celler, era, mol\u00ed, torre de defensa, corrals i moltes altres estades destinades a produir i conservar aliments.<\/p>\n<p>Encara que avui criden l&#8217;atenci\u00f3 per la seva preciosa i r\u00fastica arquitectura, que posa de manifest l&#8217;innat sentit est\u00e8tic dels constructors eivissencs, en realitat la casa tradicional eivissenca representa la major eina d&#8217;autosufici\u00e8ncia de la qual disposava una poblaci\u00f3 sense recursos ni b\u00e9ns, excepte el territori.<\/p>\n<p><a href=\"https:\/\/www.estorrent.net\/wp-content\/uploads\/2019\/07\/DSC03433.jpg\" rel=\"lightbox[17878]\"><img loading=\"lazy\" decoding=\"async\" class=\"alignnone size-full wp-image-17871\" src=\"https:\/\/www.estorrent.net\/wp-content\/uploads\/2019\/07\/DSC03433.jpg\" alt=\"\" width=\"1200\" height=\"900\" srcset=\"https:\/\/www.estorrent.net\/wp-content\/uploads\/2019\/07\/DSC03433.jpg 1200w, https:\/\/www.estorrent.net\/wp-content\/uploads\/2019\/07\/DSC03433-300x225.jpg 300w, https:\/\/www.estorrent.net\/wp-content\/uploads\/2019\/07\/DSC03433-768x576.jpg 768w, https:\/\/www.estorrent.net\/wp-content\/uploads\/2019\/07\/DSC03433-1024x768.jpg 1024w, https:\/\/www.estorrent.net\/wp-content\/uploads\/2019\/07\/DSC03433-800x600.jpg 800w, https:\/\/www.estorrent.net\/wp-content\/uploads\/2019\/07\/DSC03433-700x525.jpg 700w\" sizes=\"auto, (max-width: 1200px) 100vw, 1200px\" \/><\/a><\/p>\n<p>La casa pagesa era, per tant, el centre al voltant del qual oscil\u00b7lava tot el relacionat amb la gastronomia. L&#8217;habitatge ocupava l&#8217;espai principal de la finca i no nom\u00e9s proporcionava recer. Els sostres estaven concebuts per a recollir aigua de pluja i emmagatzemar-la en cisternes, i cada pam de camp s&#8217;aprofitava per a conrear fruiters, cereals si l&#8217;aigua escassejava o horta en cas que abund\u00e9s per la pres\u00e8ncia d&#8217;alguna font. L&#8217;economia de les fam\u00edlies sobretot se sustentava en el cultiu d&#8217;ametlles i garroves, que es venien a l&#8217;exterior, proporcionant pr\u00e0cticament l&#8217;\u00fanic ingr\u00e9s que rebien les fam\u00edlies i que permetia completar una dieta autosuficient amb altres productes que no podien generar, com a caf\u00e8, arr\u00f2s o sucre.<\/p>\n<p>Les cases generaven fruites, verdures, hortalisses, llegums i cereals, a m\u00e9s de fruits secs. Sempre es conservava part de bosc, per a produir carb\u00f3 vegetal utilitzant la fusta procedent de la poda dels pins, i a m\u00e9s es recol\u00b7lectaven esp\u00e0rrecs, rovellons, mel\u2026 Una o dues vegades a l&#8217;any es realitzava la matan\u00e7a del porc i a m\u00e9s es criaven animals per al consum, com a gallines, ovelles, cabres, conills\u2026<\/p>\n<p>Tots aquests productes, juntament amb els que portaven els pescadors pels camins, van generar la gastronomia tan \u00e0mplia i variada que gaudim avui dia. Els sabors d&#8217;Eivissa s\u00f3n, per tant, fruit de la casa pagesa i la tradici\u00f3 culin\u00e0ria que va anar sorgint entorn d&#8217;ella, al llarg de les diferents generacions.<\/p>\n<p><a href=\"https:\/\/www.estorrent.net\/wp-content\/uploads\/2019\/07\/Dsc02194.jpg\" rel=\"lightbox[17878]\"><img loading=\"lazy\" decoding=\"async\" class=\"alignnone size-full wp-image-17874\" src=\"https:\/\/www.estorrent.net\/wp-content\/uploads\/2019\/07\/Dsc02194.jpg\" alt=\"\" width=\"1200\" height=\"872\" srcset=\"https:\/\/www.estorrent.net\/wp-content\/uploads\/2019\/07\/Dsc02194.jpg 1200w, https:\/\/www.estorrent.net\/wp-content\/uploads\/2019\/07\/Dsc02194-300x218.jpg 300w, https:\/\/www.estorrent.net\/wp-content\/uploads\/2019\/07\/Dsc02194-768x558.jpg 768w, https:\/\/www.estorrent.net\/wp-content\/uploads\/2019\/07\/Dsc02194-1024x744.jpg 1024w, https:\/\/www.estorrent.net\/wp-content\/uploads\/2019\/07\/Dsc02194-700x509.jpg 700w\" sizes=\"auto, (max-width: 1200px) 100vw, 1200px\" \/><\/a><\/p>\n","protected":false},"excerpt":{"rendered":"<p>Avui l&#8217;illa d&#8217;Eivissa es considera un dels territoris m\u00e9s pr\u00f2spers del Mediterrani, gr\u00e0cies al fenomen del turisme, que es va iniciar fa ja m\u00e9s de mig segle. No obstant aix\u00f2, la realitat de l&#8217;Eivissa d&#8217;antany res t\u00e9 a veure amb el nivell de vida que gaudeixen les fam\u00edlies eivissenques d&#8217;avui dia. Abans que Eivissa tingu\u00e9s una ind\u00fastria tur\u00edstica, els paisatges&#8230;<\/p>\n","protected":false},"author":2,"featured_media":17869,"comment_status":"open","ping_status":"open","sticky":false,"template":"","format":"standard","meta":{"footnotes":""},"categories":[103,106],"tags":[176],"class_list":["post-17878","post","type-post","status-publish","format-standard","has-post-thumbnail","hentry","category-gastronomia-ca","category-la-isla-ca","tag-arquitectura-ca"],"yoast_head":"<!-- This site is optimized with the Yoast SEO plugin v26.7 - https:\/\/yoast.com\/wordpress\/plugins\/seo\/ -->\n<title>La casa pagesa, llar i epicentre de la nostra gastronomia - Restaurante Es Torrent<\/title>\n<meta name=\"description\" content=\"Avui l&#039;illa d&#039;Eivissa es considera un dels territoris m\u00e9s pr\u00f2spers del Mediterrani, gr\u00e0cies al fenomen del turisme, que es va iniciar fa ja m\u00e9s de mig\" \/>\n<meta name=\"robots\" content=\"index, follow, max-snippet:-1, max-image-preview:large, max-video-preview:-1\" \/>\n<link rel=\"canonical\" href=\"https:\/\/www.estorrent.net\/2019\/07\/09\/la-casa-payesa-hogar-y-epicentro-de-nuestra-gastronomia\/\" \/>\n<meta property=\"og:locale\" content=\"ca_ES\" \/>\n<meta property=\"og:type\" content=\"article\" \/>\n<meta property=\"og:title\" content=\"La casa pagesa, llar i epicentre de la nostra gastronomia - Restaurante Es Torrent\" \/>\n<meta property=\"og:description\" content=\"Avui l&#039;illa d&#039;Eivissa es considera un dels territoris m\u00e9s pr\u00f2spers del Mediterrani, gr\u00e0cies al fenomen del turisme, que es va iniciar fa ja m\u00e9s de mig\" \/>\n<meta property=\"og:url\" content=\"https:\/\/www.estorrent.net\/2019\/07\/09\/la-casa-payesa-hogar-y-epicentro-de-nuestra-gastronomia\/\" \/>\n<meta property=\"og:site_name\" content=\"Restaurante Es Torrent\" \/>\n<meta property=\"article:published_time\" content=\"2019-07-09T11:21:48+00:00\" \/>\n<meta property=\"article:modified_time\" content=\"2019-07-09T11:30:07+00:00\" \/>\n<meta property=\"og:image\" content=\"https:\/\/www.estorrent.net\/wp-content\/uploads\/2019\/07\/DSC_1140.jpg\" \/>\n\t<meta property=\"og:image:width\" content=\"1200\" \/>\n\t<meta property=\"og:image:height\" content=\"762\" \/>\n\t<meta property=\"og:image:type\" content=\"image\/jpeg\" \/>\n<meta name=\"author\" content=\"Xescu\" \/>\n<meta name=\"twitter:card\" content=\"summary_large_image\" \/>\n<meta name=\"twitter:label1\" content=\"Escrit per\" \/>\n\t<meta name=\"twitter:data1\" content=\"Xescu\" \/>\n\t<meta name=\"twitter:label2\" content=\"Temps estimat de lectura\" \/>\n\t<meta name=\"twitter:data2\" content=\"2 minuts\" \/>\n<script type=\"application\/ld+json\" class=\"yoast-schema-graph\">{\"@context\":\"https:\/\/schema.org\",\"@graph\":[{\"@type\":\"Article\",\"@id\":\"https:\/\/www.estorrent.net\/2019\/07\/09\/la-casa-payesa-hogar-y-epicentro-de-nuestra-gastronomia\/#article\",\"isPartOf\":{\"@id\":\"https:\/\/www.estorrent.net\/2019\/07\/09\/la-casa-payesa-hogar-y-epicentro-de-nuestra-gastronomia\/\"},\"author\":{\"name\":\"Xescu\",\"@id\":\"https:\/\/www.estorrent.net\/#\/schema\/person\/3347087d39c6f306963780c3f452bb0a\"},\"headline\":\"La casa pagesa, llar i epicentre de la nostra gastronomia\",\"datePublished\":\"2019-07-09T11:21:48+00:00\",\"dateModified\":\"2019-07-09T11:30:07+00:00\",\"mainEntityOfPage\":{\"@id\":\"https:\/\/www.estorrent.net\/2019\/07\/09\/la-casa-payesa-hogar-y-epicentro-de-nuestra-gastronomia\/\"},\"wordCount\":488,\"commentCount\":0,\"image\":{\"@id\":\"https:\/\/www.estorrent.net\/2019\/07\/09\/la-casa-payesa-hogar-y-epicentro-de-nuestra-gastronomia\/#primaryimage\"},\"thumbnailUrl\":\"https:\/\/www.estorrent.net\/wp-content\/uploads\/2019\/07\/DSC_1140.jpg\",\"keywords\":[\"arquitectura\"],\"articleSection\":[\"Gastronom\u00eda\",\"La isla\"],\"inLanguage\":\"ca\",\"potentialAction\":[{\"@type\":\"CommentAction\",\"name\":\"Comment\",\"target\":[\"https:\/\/www.estorrent.net\/2019\/07\/09\/la-casa-payesa-hogar-y-epicentro-de-nuestra-gastronomia\/#respond\"]}]},{\"@type\":\"WebPage\",\"@id\":\"https:\/\/www.estorrent.net\/2019\/07\/09\/la-casa-payesa-hogar-y-epicentro-de-nuestra-gastronomia\/\",\"url\":\"https:\/\/www.estorrent.net\/2019\/07\/09\/la-casa-payesa-hogar-y-epicentro-de-nuestra-gastronomia\/\",\"name\":\"La casa pagesa, llar i epicentre de la nostra gastronomia - Restaurante Es Torrent\",\"isPartOf\":{\"@id\":\"https:\/\/www.estorrent.net\/#website\"},\"primaryImageOfPage\":{\"@id\":\"https:\/\/www.estorrent.net\/2019\/07\/09\/la-casa-payesa-hogar-y-epicentro-de-nuestra-gastronomia\/#primaryimage\"},\"image\":{\"@id\":\"https:\/\/www.estorrent.net\/2019\/07\/09\/la-casa-payesa-hogar-y-epicentro-de-nuestra-gastronomia\/#primaryimage\"},\"thumbnailUrl\":\"https:\/\/www.estorrent.net\/wp-content\/uploads\/2019\/07\/DSC_1140.jpg\",\"datePublished\":\"2019-07-09T11:21:48+00:00\",\"dateModified\":\"2019-07-09T11:30:07+00:00\",\"author\":{\"@id\":\"https:\/\/www.estorrent.net\/#\/schema\/person\/3347087d39c6f306963780c3f452bb0a\"},\"description\":\"Avui l'illa d'Eivissa es considera un dels territoris m\u00e9s pr\u00f2spers del Mediterrani, gr\u00e0cies al fenomen del turisme, que es va iniciar fa ja m\u00e9s de mig\",\"breadcrumb\":{\"@id\":\"https:\/\/www.estorrent.net\/2019\/07\/09\/la-casa-payesa-hogar-y-epicentro-de-nuestra-gastronomia\/#breadcrumb\"},\"inLanguage\":\"ca\",\"potentialAction\":[{\"@type\":\"ReadAction\",\"target\":[\"https:\/\/www.estorrent.net\/2019\/07\/09\/la-casa-payesa-hogar-y-epicentro-de-nuestra-gastronomia\/\"]}]},{\"@type\":\"ImageObject\",\"inLanguage\":\"ca\",\"@id\":\"https:\/\/www.estorrent.net\/2019\/07\/09\/la-casa-payesa-hogar-y-epicentro-de-nuestra-gastronomia\/#primaryimage\",\"url\":\"https:\/\/www.estorrent.net\/wp-content\/uploads\/2019\/07\/DSC_1140.jpg\",\"contentUrl\":\"https:\/\/www.estorrent.net\/wp-content\/uploads\/2019\/07\/DSC_1140.jpg\",\"width\":1200,\"height\":762},{\"@type\":\"BreadcrumbList\",\"@id\":\"https:\/\/www.estorrent.net\/2019\/07\/09\/la-casa-payesa-hogar-y-epicentro-de-nuestra-gastronomia\/#breadcrumb\",\"itemListElement\":[{\"@type\":\"ListItem\",\"position\":1,\"name\":\"Portada\",\"item\":\"https:\/\/www.estorrent.net\/\"},{\"@type\":\"ListItem\",\"position\":2,\"name\":\"La casa pagesa, llar i epicentre de la nostra gastronomia\"}]},{\"@type\":\"WebSite\",\"@id\":\"https:\/\/www.estorrent.net\/#website\",\"url\":\"https:\/\/www.estorrent.net\/\",\"name\":\"Restaurante Es Torrent\",\"description\":\"\",\"potentialAction\":[{\"@type\":\"SearchAction\",\"target\":{\"@type\":\"EntryPoint\",\"urlTemplate\":\"https:\/\/www.estorrent.net\/?s={search_term_string}\"},\"query-input\":{\"@type\":\"PropertyValueSpecification\",\"valueRequired\":true,\"valueName\":\"search_term_string\"}}],\"inLanguage\":\"ca\"},{\"@type\":\"Person\",\"@id\":\"https:\/\/www.estorrent.net\/#\/schema\/person\/3347087d39c6f306963780c3f452bb0a\",\"name\":\"Xescu\",\"image\":{\"@type\":\"ImageObject\",\"inLanguage\":\"ca\",\"@id\":\"https:\/\/www.estorrent.net\/#\/schema\/person\/image\/\",\"url\":\"https:\/\/secure.gravatar.com\/avatar\/d569ee5739a9c7022470ea472c9b4b9cf476e15f1be71e5242c911d673d14ad9?s=96&d=mm&r=g\",\"contentUrl\":\"https:\/\/secure.gravatar.com\/avatar\/d569ee5739a9c7022470ea472c9b4b9cf476e15f1be71e5242c911d673d14ad9?s=96&d=mm&r=g\",\"caption\":\"Xescu\"},\"url\":\"https:\/\/www.estorrent.net\/ca\/author\/xescu\/\"}]}<\/script>\n<!-- \/ Yoast SEO plugin. -->","yoast_head_json":{"title":"La casa pagesa, llar i epicentre de la nostra gastronomia - Restaurante Es Torrent","description":"Avui l'illa d'Eivissa es considera un dels territoris m\u00e9s pr\u00f2spers del Mediterrani, gr\u00e0cies al fenomen del turisme, que es va iniciar fa ja m\u00e9s de mig","robots":{"index":"index","follow":"follow","max-snippet":"max-snippet:-1","max-image-preview":"max-image-preview:large","max-video-preview":"max-video-preview:-1"},"canonical":"https:\/\/www.estorrent.net\/2019\/07\/09\/la-casa-payesa-hogar-y-epicentro-de-nuestra-gastronomia\/","og_locale":"ca_ES","og_type":"article","og_title":"La casa pagesa, llar i epicentre de la nostra gastronomia - Restaurante Es Torrent","og_description":"Avui l'illa d'Eivissa es considera un dels territoris m\u00e9s pr\u00f2spers del Mediterrani, gr\u00e0cies al fenomen del turisme, que es va iniciar fa ja m\u00e9s de mig","og_url":"https:\/\/www.estorrent.net\/2019\/07\/09\/la-casa-payesa-hogar-y-epicentro-de-nuestra-gastronomia\/","og_site_name":"Restaurante Es Torrent","article_published_time":"2019-07-09T11:21:48+00:00","article_modified_time":"2019-07-09T11:30:07+00:00","og_image":[{"width":1200,"height":762,"url":"https:\/\/www.estorrent.net\/wp-content\/uploads\/2019\/07\/DSC_1140.jpg","type":"image\/jpeg"}],"author":"Xescu","twitter_card":"summary_large_image","twitter_misc":{"Escrit per":"Xescu","Temps estimat de lectura":"2 minuts"},"schema":{"@context":"https:\/\/schema.org","@graph":[{"@type":"Article","@id":"https:\/\/www.estorrent.net\/2019\/07\/09\/la-casa-payesa-hogar-y-epicentro-de-nuestra-gastronomia\/#article","isPartOf":{"@id":"https:\/\/www.estorrent.net\/2019\/07\/09\/la-casa-payesa-hogar-y-epicentro-de-nuestra-gastronomia\/"},"author":{"name":"Xescu","@id":"https:\/\/www.estorrent.net\/#\/schema\/person\/3347087d39c6f306963780c3f452bb0a"},"headline":"La casa pagesa, llar i epicentre de la nostra gastronomia","datePublished":"2019-07-09T11:21:48+00:00","dateModified":"2019-07-09T11:30:07+00:00","mainEntityOfPage":{"@id":"https:\/\/www.estorrent.net\/2019\/07\/09\/la-casa-payesa-hogar-y-epicentro-de-nuestra-gastronomia\/"},"wordCount":488,"commentCount":0,"image":{"@id":"https:\/\/www.estorrent.net\/2019\/07\/09\/la-casa-payesa-hogar-y-epicentro-de-nuestra-gastronomia\/#primaryimage"},"thumbnailUrl":"https:\/\/www.estorrent.net\/wp-content\/uploads\/2019\/07\/DSC_1140.jpg","keywords":["arquitectura"],"articleSection":["Gastronom\u00eda","La isla"],"inLanguage":"ca","potentialAction":[{"@type":"CommentAction","name":"Comment","target":["https:\/\/www.estorrent.net\/2019\/07\/09\/la-casa-payesa-hogar-y-epicentro-de-nuestra-gastronomia\/#respond"]}]},{"@type":"WebPage","@id":"https:\/\/www.estorrent.net\/2019\/07\/09\/la-casa-payesa-hogar-y-epicentro-de-nuestra-gastronomia\/","url":"https:\/\/www.estorrent.net\/2019\/07\/09\/la-casa-payesa-hogar-y-epicentro-de-nuestra-gastronomia\/","name":"La casa pagesa, llar i epicentre de la nostra gastronomia - Restaurante Es Torrent","isPartOf":{"@id":"https:\/\/www.estorrent.net\/#website"},"primaryImageOfPage":{"@id":"https:\/\/www.estorrent.net\/2019\/07\/09\/la-casa-payesa-hogar-y-epicentro-de-nuestra-gastronomia\/#primaryimage"},"image":{"@id":"https:\/\/www.estorrent.net\/2019\/07\/09\/la-casa-payesa-hogar-y-epicentro-de-nuestra-gastronomia\/#primaryimage"},"thumbnailUrl":"https:\/\/www.estorrent.net\/wp-content\/uploads\/2019\/07\/DSC_1140.jpg","datePublished":"2019-07-09T11:21:48+00:00","dateModified":"2019-07-09T11:30:07+00:00","author":{"@id":"https:\/\/www.estorrent.net\/#\/schema\/person\/3347087d39c6f306963780c3f452bb0a"},"description":"Avui l'illa d'Eivissa es considera un dels territoris m\u00e9s pr\u00f2spers del Mediterrani, gr\u00e0cies al fenomen del turisme, que es va iniciar fa ja m\u00e9s de mig","breadcrumb":{"@id":"https:\/\/www.estorrent.net\/2019\/07\/09\/la-casa-payesa-hogar-y-epicentro-de-nuestra-gastronomia\/#breadcrumb"},"inLanguage":"ca","potentialAction":[{"@type":"ReadAction","target":["https:\/\/www.estorrent.net\/2019\/07\/09\/la-casa-payesa-hogar-y-epicentro-de-nuestra-gastronomia\/"]}]},{"@type":"ImageObject","inLanguage":"ca","@id":"https:\/\/www.estorrent.net\/2019\/07\/09\/la-casa-payesa-hogar-y-epicentro-de-nuestra-gastronomia\/#primaryimage","url":"https:\/\/www.estorrent.net\/wp-content\/uploads\/2019\/07\/DSC_1140.jpg","contentUrl":"https:\/\/www.estorrent.net\/wp-content\/uploads\/2019\/07\/DSC_1140.jpg","width":1200,"height":762},{"@type":"BreadcrumbList","@id":"https:\/\/www.estorrent.net\/2019\/07\/09\/la-casa-payesa-hogar-y-epicentro-de-nuestra-gastronomia\/#breadcrumb","itemListElement":[{"@type":"ListItem","position":1,"name":"Portada","item":"https:\/\/www.estorrent.net\/"},{"@type":"ListItem","position":2,"name":"La casa pagesa, llar i epicentre de la nostra gastronomia"}]},{"@type":"WebSite","@id":"https:\/\/www.estorrent.net\/#website","url":"https:\/\/www.estorrent.net\/","name":"Restaurante Es Torrent","description":"","potentialAction":[{"@type":"SearchAction","target":{"@type":"EntryPoint","urlTemplate":"https:\/\/www.estorrent.net\/?s={search_term_string}"},"query-input":{"@type":"PropertyValueSpecification","valueRequired":true,"valueName":"search_term_string"}}],"inLanguage":"ca"},{"@type":"Person","@id":"https:\/\/www.estorrent.net\/#\/schema\/person\/3347087d39c6f306963780c3f452bb0a","name":"Xescu","image":{"@type":"ImageObject","inLanguage":"ca","@id":"https:\/\/www.estorrent.net\/#\/schema\/person\/image\/","url":"https:\/\/secure.gravatar.com\/avatar\/d569ee5739a9c7022470ea472c9b4b9cf476e15f1be71e5242c911d673d14ad9?s=96&d=mm&r=g","contentUrl":"https:\/\/secure.gravatar.com\/avatar\/d569ee5739a9c7022470ea472c9b4b9cf476e15f1be71e5242c911d673d14ad9?s=96&d=mm&r=g","caption":"Xescu"},"url":"https:\/\/www.estorrent.net\/ca\/author\/xescu\/"}]}},"_links":{"self":[{"href":"https:\/\/www.estorrent.net\/ca\/wp-json\/wp\/v2\/posts\/17878","targetHints":{"allow":["GET"]}}],"collection":[{"href":"https:\/\/www.estorrent.net\/ca\/wp-json\/wp\/v2\/posts"}],"about":[{"href":"https:\/\/www.estorrent.net\/ca\/wp-json\/wp\/v2\/types\/post"}],"author":[{"embeddable":true,"href":"https:\/\/www.estorrent.net\/ca\/wp-json\/wp\/v2\/users\/2"}],"replies":[{"embeddable":true,"href":"https:\/\/www.estorrent.net\/ca\/wp-json\/wp\/v2\/comments?post=17878"}],"version-history":[{"count":3,"href":"https:\/\/www.estorrent.net\/ca\/wp-json\/wp\/v2\/posts\/17878\/revisions"}],"predecessor-version":[{"id":17882,"href":"https:\/\/www.estorrent.net\/ca\/wp-json\/wp\/v2\/posts\/17878\/revisions\/17882"}],"wp:featuredmedia":[{"embeddable":true,"href":"https:\/\/www.estorrent.net\/ca\/wp-json\/wp\/v2\/media\/17869"}],"wp:attachment":[{"href":"https:\/\/www.estorrent.net\/ca\/wp-json\/wp\/v2\/media?parent=17878"}],"wp:term":[{"taxonomy":"category","embeddable":true,"href":"https:\/\/www.estorrent.net\/ca\/wp-json\/wp\/v2\/categories?post=17878"},{"taxonomy":"post_tag","embeddable":true,"href":"https:\/\/www.estorrent.net\/ca\/wp-json\/wp\/v2\/tags?post=17878"}],"curies":[{"name":"wp","href":"https:\/\/api.w.org\/{rel}","templated":true}]}}