{"id":17835,"date":"2019-05-21T19:03:04","date_gmt":"2019-05-21T17:03:04","guid":{"rendered":"https:\/\/www.estorrent.net\/2019\/05\/21\/es-torrent-y-la-costa-de-es-cubells\/"},"modified":"2019-05-21T19:06:13","modified_gmt":"2019-05-21T17:06:13","slug":"es-torrent-i-la-costa-des-cubells","status":"publish","type":"post","link":"https:\/\/www.estorrent.net\/ca\/2019\/05\/21\/es-torrent-i-la-costa-des-cubells\/","title":{"rendered":"Es Torrent i la costa d\u2019Es Cubells"},"content":{"rendered":"<p>El municipi de Sant Josep, que ocupa el sud d&#8217;Eivissa, \u00e9s el m\u00e9s extens de l&#8217;illa i el que m\u00e9s quil\u00f2metres de costa abasta. Algunes de les platges m\u00e9s importants estan en el seu territori, com Ses Salines, Es Cavallet, Platja d\u2019en Bossa o Platges de Comte. Es Torrent, no obstant aix\u00f2, espera en la zona d&#8217;Es Cubells, que \u00e9s la m\u00e9s tranquil\u00b7la, abrupta i desconeguda del municipi. Destaca per les seves petites i pedregoses cales, situades sovint en la desembocadura dels torrents.<\/p>\n<p>Es Torrent est\u00e0 pr\u00e0cticament en l&#8217;extrem est de la mitja lluna que conforma la badia d&#8217;Es Cubells. Antigament, aquesta \u00e0rea era una de les m\u00e9s despoblades d&#8217;Eivissa i el seu epicentre, el propi poble Es Cubells, \u00e9s relativament recent. L&#8217;esgl\u00e9sia, situada a la part alta dels elevats penya-segats que envolten aquest tram de costa, va ser constru\u00efda en 1941, pocs anys despr\u00e9s de la fundaci\u00f3 de la parr\u00f2quia, i no va ser conclosa fins a 1958. Per aquesta ra\u00f3, \u00e9s el m\u00e9s recent de tots els temples rurals d&#8217;arquitectura t\u00edpicament eivissenca que existeixen a l&#8217;illa.<\/p>\n<p><a href=\"https:\/\/www.estorrent.net\/wp-content\/uploads\/2019\/05\/DSC_9688.jpg\" rel=\"lightbox[17835]\"><img loading=\"lazy\" decoding=\"async\" class=\"alignnone size-full wp-image-17827\" src=\"https:\/\/www.estorrent.net\/wp-content\/uploads\/2019\/05\/DSC_9688.jpg\" alt=\"\" width=\"1200\" height=\"803\" srcset=\"https:\/\/www.estorrent.net\/wp-content\/uploads\/2019\/05\/DSC_9688.jpg 1200w, https:\/\/www.estorrent.net\/wp-content\/uploads\/2019\/05\/DSC_9688-300x201.jpg 300w, https:\/\/www.estorrent.net\/wp-content\/uploads\/2019\/05\/DSC_9688-768x514.jpg 768w, https:\/\/www.estorrent.net\/wp-content\/uploads\/2019\/05\/DSC_9688-1024x685.jpg 1024w, https:\/\/www.estorrent.net\/wp-content\/uploads\/2019\/05\/DSC_9688-700x468.jpg 700w\" sizes=\"auto, (max-width: 1200px) 100vw, 1200px\" \/><\/a><\/p>\n<p>El Cap Llentrisca, en la punta oest, marca el principi de la badia d&#8217;Es Cubells. A continuaci\u00f3 se situa la cala del mateix nom, nom\u00e9s accessible per mar o despr\u00e9s d&#8217;una llarga caminada per un carrerany poc segur. Es tracta, no obstant aix\u00f2, d&#8217;un dels racons mariners m\u00e9s aut\u00e8ntics de l&#8217;arxip\u00e8lag, ja que est\u00e0 replet de varadors freq\u00fcentats per pescadors de l&#8217;entorn. A continuaci\u00f3, una successi\u00f3 de petites cales de grava i aig\u00fces cristal\u00b7lines, algunes a\u00efllades, fins a la Platja d\u2019Es Cubells, al peu de la mateixa esgl\u00e9sia. El mirador d\u2019aquesta ofereix una perspectiva excepcional de tota la badia.<\/p>\n<p>Despr\u00e9s d&#8217;un extens tram de penya-segats sense cales, s&#8217;arriba a Sa Caixota, costa tamb\u00e9 rocosa dins de la urbanitzaci\u00f3 Vista Alegre. I a continuaci\u00f3 ja es trova Es Torrent, que \u00e9s igual d&#8217;abrupta per\u00f2 molt m\u00e9s petita i accessible tant per carretera com per mar. La nostra cala constitueix l&#8217;entrada a Porroig, la zona est de la badia. A partir d&#8217;aqu\u00ed, la costa es torna baixa, les platges s&#8217;allarguen progressivament i comen\u00e7a l&#8217;Eivissa m\u00e9s multitudin\u00e0ria. T&#8217;esperem, per tant, en la zona m\u00e9s afable del sud d&#8217;Eivissa.<\/p>\n<p><a href=\"https:\/\/www.estorrent.net\/wp-content\/uploads\/2019\/05\/DSC_0858.jpg\" rel=\"lightbox[17835]\"><img loading=\"lazy\" decoding=\"async\" class=\"alignnone size-full wp-image-17830\" src=\"https:\/\/www.estorrent.net\/wp-content\/uploads\/2019\/05\/DSC_0858.jpg\" alt=\"\" width=\"1200\" height=\"803\" srcset=\"https:\/\/www.estorrent.net\/wp-content\/uploads\/2019\/05\/DSC_0858.jpg 1200w, https:\/\/www.estorrent.net\/wp-content\/uploads\/2019\/05\/DSC_0858-300x201.jpg 300w, https:\/\/www.estorrent.net\/wp-content\/uploads\/2019\/05\/DSC_0858-768x514.jpg 768w, https:\/\/www.estorrent.net\/wp-content\/uploads\/2019\/05\/DSC_0858-1024x685.jpg 1024w, https:\/\/www.estorrent.net\/wp-content\/uploads\/2019\/05\/DSC_0858-700x468.jpg 700w\" sizes=\"auto, (max-width: 1200px) 100vw, 1200px\" \/><\/a><\/p>\n","protected":false},"excerpt":{"rendered":"<p>El municipi de Sant Josep, que ocupa el sud d&#8217;Eivissa, \u00e9s el m\u00e9s extens de l&#8217;illa i el que m\u00e9s quil\u00f2metres de costa abasta. Algunes de les platges m\u00e9s importants estan en el seu territori, com Ses Salines, Es Cavallet, Platja d\u2019en Bossa o Platges de Comte. Es Torrent, no obstant aix\u00f2, espera en la zona d&#8217;Es Cubells, que \u00e9s&#8230;<\/p>\n","protected":false},"author":2,"featured_media":17825,"comment_status":"open","ping_status":"open","sticky":false,"template":"","format":"standard","meta":{"footnotes":""},"categories":[106],"tags":[402,235,403],"class_list":["post-17835","post","type-post","status-publish","format-standard","has-post-thumbnail","hentry","category-la-isla-ca","tag-cales","tag-eivissa-ca","tag-pobles"],"yoast_head":"<!-- This site is optimized with the Yoast SEO plugin v26.7 - https:\/\/yoast.com\/wordpress\/plugins\/seo\/ -->\n<title>Es Torrent i la costa d\u2019Es Cubells - Restaurante Es Torrent<\/title>\n<meta name=\"description\" content=\"El municipi de Sant Josep, que ocupa el sud d&#039;Eivissa, \u00e9s el m\u00e9s extens de l&#039;illa i el que m\u00e9s quil\u00f2metres de costa abasta. Algunes de les platges m\u00e9s\" \/>\n<meta name=\"robots\" content=\"index, follow, max-snippet:-1, max-image-preview:large, max-video-preview:-1\" \/>\n<link rel=\"canonical\" href=\"https:\/\/www.estorrent.net\/2019\/05\/21\/es-torrent-y-la-costa-de-es-cubells\/\" \/>\n<meta property=\"og:locale\" content=\"ca_ES\" \/>\n<meta property=\"og:type\" content=\"article\" \/>\n<meta property=\"og:title\" content=\"Es Torrent i la costa d\u2019Es Cubells - Restaurante Es Torrent\" \/>\n<meta property=\"og:description\" content=\"El municipi de Sant Josep, que ocupa el sud d&#039;Eivissa, \u00e9s el m\u00e9s extens de l&#039;illa i el que m\u00e9s quil\u00f2metres de costa abasta. Algunes de les platges m\u00e9s\" \/>\n<meta property=\"og:url\" content=\"https:\/\/www.estorrent.net\/2019\/05\/21\/es-torrent-y-la-costa-de-es-cubells\/\" \/>\n<meta property=\"og:site_name\" content=\"Restaurante Es Torrent\" \/>\n<meta property=\"article:published_time\" content=\"2019-05-21T17:03:04+00:00\" \/>\n<meta property=\"article:modified_time\" content=\"2019-05-21T17:06:13+00:00\" \/>\n<meta property=\"og:image\" content=\"https:\/\/www.estorrent.net\/wp-content\/uploads\/2019\/05\/costa-es-cubells.jpg\" \/>\n\t<meta property=\"og:image:width\" content=\"1200\" \/>\n\t<meta property=\"og:image:height\" content=\"900\" \/>\n\t<meta property=\"og:image:type\" content=\"image\/jpeg\" \/>\n<meta name=\"author\" content=\"Xescu\" \/>\n<meta name=\"twitter:card\" content=\"summary_large_image\" \/>\n<meta name=\"twitter:label1\" content=\"Escrit per\" \/>\n\t<meta name=\"twitter:data1\" content=\"Xescu\" \/>\n\t<meta name=\"twitter:label2\" content=\"Temps estimat de lectura\" \/>\n\t<meta name=\"twitter:data2\" content=\"2 minuts\" \/>\n<script type=\"application\/ld+json\" class=\"yoast-schema-graph\">{\"@context\":\"https:\/\/schema.org\",\"@graph\":[{\"@type\":\"Article\",\"@id\":\"https:\/\/www.estorrent.net\/2019\/05\/21\/es-torrent-y-la-costa-de-es-cubells\/#article\",\"isPartOf\":{\"@id\":\"https:\/\/www.estorrent.net\/2019\/05\/21\/es-torrent-y-la-costa-de-es-cubells\/\"},\"author\":{\"name\":\"Xescu\",\"@id\":\"https:\/\/www.estorrent.net\/#\/schema\/person\/3347087d39c6f306963780c3f452bb0a\"},\"headline\":\"Es Torrent i la costa d\u2019Es Cubells\",\"datePublished\":\"2019-05-21T17:03:04+00:00\",\"dateModified\":\"2019-05-21T17:06:13+00:00\",\"mainEntityOfPage\":{\"@id\":\"https:\/\/www.estorrent.net\/2019\/05\/21\/es-torrent-y-la-costa-de-es-cubells\/\"},\"wordCount\":425,\"commentCount\":0,\"image\":{\"@id\":\"https:\/\/www.estorrent.net\/2019\/05\/21\/es-torrent-y-la-costa-de-es-cubells\/#primaryimage\"},\"thumbnailUrl\":\"https:\/\/www.estorrent.net\/wp-content\/uploads\/2019\/05\/costa-es-cubells.jpg\",\"keywords\":[\"Cales\",\"eivissa\",\"Pobles\"],\"articleSection\":[\"La isla\"],\"inLanguage\":\"ca\",\"potentialAction\":[{\"@type\":\"CommentAction\",\"name\":\"Comment\",\"target\":[\"https:\/\/www.estorrent.net\/2019\/05\/21\/es-torrent-y-la-costa-de-es-cubells\/#respond\"]}]},{\"@type\":\"WebPage\",\"@id\":\"https:\/\/www.estorrent.net\/2019\/05\/21\/es-torrent-y-la-costa-de-es-cubells\/\",\"url\":\"https:\/\/www.estorrent.net\/2019\/05\/21\/es-torrent-y-la-costa-de-es-cubells\/\",\"name\":\"Es Torrent i la costa d\u2019Es Cubells - Restaurante Es Torrent\",\"isPartOf\":{\"@id\":\"https:\/\/www.estorrent.net\/#website\"},\"primaryImageOfPage\":{\"@id\":\"https:\/\/www.estorrent.net\/2019\/05\/21\/es-torrent-y-la-costa-de-es-cubells\/#primaryimage\"},\"image\":{\"@id\":\"https:\/\/www.estorrent.net\/2019\/05\/21\/es-torrent-y-la-costa-de-es-cubells\/#primaryimage\"},\"thumbnailUrl\":\"https:\/\/www.estorrent.net\/wp-content\/uploads\/2019\/05\/costa-es-cubells.jpg\",\"datePublished\":\"2019-05-21T17:03:04+00:00\",\"dateModified\":\"2019-05-21T17:06:13+00:00\",\"author\":{\"@id\":\"https:\/\/www.estorrent.net\/#\/schema\/person\/3347087d39c6f306963780c3f452bb0a\"},\"description\":\"El municipi de Sant Josep, que ocupa el sud d'Eivissa, \u00e9s el m\u00e9s extens de l'illa i el que m\u00e9s quil\u00f2metres de costa abasta. Algunes de les platges m\u00e9s\",\"breadcrumb\":{\"@id\":\"https:\/\/www.estorrent.net\/2019\/05\/21\/es-torrent-y-la-costa-de-es-cubells\/#breadcrumb\"},\"inLanguage\":\"ca\",\"potentialAction\":[{\"@type\":\"ReadAction\",\"target\":[\"https:\/\/www.estorrent.net\/2019\/05\/21\/es-torrent-y-la-costa-de-es-cubells\/\"]}]},{\"@type\":\"ImageObject\",\"inLanguage\":\"ca\",\"@id\":\"https:\/\/www.estorrent.net\/2019\/05\/21\/es-torrent-y-la-costa-de-es-cubells\/#primaryimage\",\"url\":\"https:\/\/www.estorrent.net\/wp-content\/uploads\/2019\/05\/costa-es-cubells.jpg\",\"contentUrl\":\"https:\/\/www.estorrent.net\/wp-content\/uploads\/2019\/05\/costa-es-cubells.jpg\",\"width\":1200,\"height\":900},{\"@type\":\"BreadcrumbList\",\"@id\":\"https:\/\/www.estorrent.net\/2019\/05\/21\/es-torrent-y-la-costa-de-es-cubells\/#breadcrumb\",\"itemListElement\":[{\"@type\":\"ListItem\",\"position\":1,\"name\":\"Portada\",\"item\":\"https:\/\/www.estorrent.net\/\"},{\"@type\":\"ListItem\",\"position\":2,\"name\":\"Es Torrent i la costa d\u2019Es Cubells\"}]},{\"@type\":\"WebSite\",\"@id\":\"https:\/\/www.estorrent.net\/#website\",\"url\":\"https:\/\/www.estorrent.net\/\",\"name\":\"Restaurante Es Torrent\",\"description\":\"\",\"potentialAction\":[{\"@type\":\"SearchAction\",\"target\":{\"@type\":\"EntryPoint\",\"urlTemplate\":\"https:\/\/www.estorrent.net\/?s={search_term_string}\"},\"query-input\":{\"@type\":\"PropertyValueSpecification\",\"valueRequired\":true,\"valueName\":\"search_term_string\"}}],\"inLanguage\":\"ca\"},{\"@type\":\"Person\",\"@id\":\"https:\/\/www.estorrent.net\/#\/schema\/person\/3347087d39c6f306963780c3f452bb0a\",\"name\":\"Xescu\",\"image\":{\"@type\":\"ImageObject\",\"inLanguage\":\"ca\",\"@id\":\"https:\/\/www.estorrent.net\/#\/schema\/person\/image\/\",\"url\":\"https:\/\/secure.gravatar.com\/avatar\/d569ee5739a9c7022470ea472c9b4b9cf476e15f1be71e5242c911d673d14ad9?s=96&d=mm&r=g\",\"contentUrl\":\"https:\/\/secure.gravatar.com\/avatar\/d569ee5739a9c7022470ea472c9b4b9cf476e15f1be71e5242c911d673d14ad9?s=96&d=mm&r=g\",\"caption\":\"Xescu\"},\"url\":\"https:\/\/www.estorrent.net\/ca\/author\/xescu\/\"}]}<\/script>\n<!-- \/ Yoast SEO plugin. -->","yoast_head_json":{"title":"Es Torrent i la costa d\u2019Es Cubells - Restaurante Es Torrent","description":"El municipi de Sant Josep, que ocupa el sud d'Eivissa, \u00e9s el m\u00e9s extens de l'illa i el que m\u00e9s quil\u00f2metres de costa abasta. Algunes de les platges m\u00e9s","robots":{"index":"index","follow":"follow","max-snippet":"max-snippet:-1","max-image-preview":"max-image-preview:large","max-video-preview":"max-video-preview:-1"},"canonical":"https:\/\/www.estorrent.net\/2019\/05\/21\/es-torrent-y-la-costa-de-es-cubells\/","og_locale":"ca_ES","og_type":"article","og_title":"Es Torrent i la costa d\u2019Es Cubells - Restaurante Es Torrent","og_description":"El municipi de Sant Josep, que ocupa el sud d'Eivissa, \u00e9s el m\u00e9s extens de l'illa i el que m\u00e9s quil\u00f2metres de costa abasta. Algunes de les platges m\u00e9s","og_url":"https:\/\/www.estorrent.net\/2019\/05\/21\/es-torrent-y-la-costa-de-es-cubells\/","og_site_name":"Restaurante Es Torrent","article_published_time":"2019-05-21T17:03:04+00:00","article_modified_time":"2019-05-21T17:06:13+00:00","og_image":[{"width":1200,"height":900,"url":"https:\/\/www.estorrent.net\/wp-content\/uploads\/2019\/05\/costa-es-cubells.jpg","type":"image\/jpeg"}],"author":"Xescu","twitter_card":"summary_large_image","twitter_misc":{"Escrit per":"Xescu","Temps estimat de lectura":"2 minuts"},"schema":{"@context":"https:\/\/schema.org","@graph":[{"@type":"Article","@id":"https:\/\/www.estorrent.net\/2019\/05\/21\/es-torrent-y-la-costa-de-es-cubells\/#article","isPartOf":{"@id":"https:\/\/www.estorrent.net\/2019\/05\/21\/es-torrent-y-la-costa-de-es-cubells\/"},"author":{"name":"Xescu","@id":"https:\/\/www.estorrent.net\/#\/schema\/person\/3347087d39c6f306963780c3f452bb0a"},"headline":"Es Torrent i la costa d\u2019Es Cubells","datePublished":"2019-05-21T17:03:04+00:00","dateModified":"2019-05-21T17:06:13+00:00","mainEntityOfPage":{"@id":"https:\/\/www.estorrent.net\/2019\/05\/21\/es-torrent-y-la-costa-de-es-cubells\/"},"wordCount":425,"commentCount":0,"image":{"@id":"https:\/\/www.estorrent.net\/2019\/05\/21\/es-torrent-y-la-costa-de-es-cubells\/#primaryimage"},"thumbnailUrl":"https:\/\/www.estorrent.net\/wp-content\/uploads\/2019\/05\/costa-es-cubells.jpg","keywords":["Cales","eivissa","Pobles"],"articleSection":["La isla"],"inLanguage":"ca","potentialAction":[{"@type":"CommentAction","name":"Comment","target":["https:\/\/www.estorrent.net\/2019\/05\/21\/es-torrent-y-la-costa-de-es-cubells\/#respond"]}]},{"@type":"WebPage","@id":"https:\/\/www.estorrent.net\/2019\/05\/21\/es-torrent-y-la-costa-de-es-cubells\/","url":"https:\/\/www.estorrent.net\/2019\/05\/21\/es-torrent-y-la-costa-de-es-cubells\/","name":"Es Torrent i la costa d\u2019Es Cubells - Restaurante Es Torrent","isPartOf":{"@id":"https:\/\/www.estorrent.net\/#website"},"primaryImageOfPage":{"@id":"https:\/\/www.estorrent.net\/2019\/05\/21\/es-torrent-y-la-costa-de-es-cubells\/#primaryimage"},"image":{"@id":"https:\/\/www.estorrent.net\/2019\/05\/21\/es-torrent-y-la-costa-de-es-cubells\/#primaryimage"},"thumbnailUrl":"https:\/\/www.estorrent.net\/wp-content\/uploads\/2019\/05\/costa-es-cubells.jpg","datePublished":"2019-05-21T17:03:04+00:00","dateModified":"2019-05-21T17:06:13+00:00","author":{"@id":"https:\/\/www.estorrent.net\/#\/schema\/person\/3347087d39c6f306963780c3f452bb0a"},"description":"El municipi de Sant Josep, que ocupa el sud d'Eivissa, \u00e9s el m\u00e9s extens de l'illa i el que m\u00e9s quil\u00f2metres de costa abasta. Algunes de les platges m\u00e9s","breadcrumb":{"@id":"https:\/\/www.estorrent.net\/2019\/05\/21\/es-torrent-y-la-costa-de-es-cubells\/#breadcrumb"},"inLanguage":"ca","potentialAction":[{"@type":"ReadAction","target":["https:\/\/www.estorrent.net\/2019\/05\/21\/es-torrent-y-la-costa-de-es-cubells\/"]}]},{"@type":"ImageObject","inLanguage":"ca","@id":"https:\/\/www.estorrent.net\/2019\/05\/21\/es-torrent-y-la-costa-de-es-cubells\/#primaryimage","url":"https:\/\/www.estorrent.net\/wp-content\/uploads\/2019\/05\/costa-es-cubells.jpg","contentUrl":"https:\/\/www.estorrent.net\/wp-content\/uploads\/2019\/05\/costa-es-cubells.jpg","width":1200,"height":900},{"@type":"BreadcrumbList","@id":"https:\/\/www.estorrent.net\/2019\/05\/21\/es-torrent-y-la-costa-de-es-cubells\/#breadcrumb","itemListElement":[{"@type":"ListItem","position":1,"name":"Portada","item":"https:\/\/www.estorrent.net\/"},{"@type":"ListItem","position":2,"name":"Es Torrent i la costa d\u2019Es Cubells"}]},{"@type":"WebSite","@id":"https:\/\/www.estorrent.net\/#website","url":"https:\/\/www.estorrent.net\/","name":"Restaurante Es Torrent","description":"","potentialAction":[{"@type":"SearchAction","target":{"@type":"EntryPoint","urlTemplate":"https:\/\/www.estorrent.net\/?s={search_term_string}"},"query-input":{"@type":"PropertyValueSpecification","valueRequired":true,"valueName":"search_term_string"}}],"inLanguage":"ca"},{"@type":"Person","@id":"https:\/\/www.estorrent.net\/#\/schema\/person\/3347087d39c6f306963780c3f452bb0a","name":"Xescu","image":{"@type":"ImageObject","inLanguage":"ca","@id":"https:\/\/www.estorrent.net\/#\/schema\/person\/image\/","url":"https:\/\/secure.gravatar.com\/avatar\/d569ee5739a9c7022470ea472c9b4b9cf476e15f1be71e5242c911d673d14ad9?s=96&d=mm&r=g","contentUrl":"https:\/\/secure.gravatar.com\/avatar\/d569ee5739a9c7022470ea472c9b4b9cf476e15f1be71e5242c911d673d14ad9?s=96&d=mm&r=g","caption":"Xescu"},"url":"https:\/\/www.estorrent.net\/ca\/author\/xescu\/"}]}},"_links":{"self":[{"href":"https:\/\/www.estorrent.net\/ca\/wp-json\/wp\/v2\/posts\/17835","targetHints":{"allow":["GET"]}}],"collection":[{"href":"https:\/\/www.estorrent.net\/ca\/wp-json\/wp\/v2\/posts"}],"about":[{"href":"https:\/\/www.estorrent.net\/ca\/wp-json\/wp\/v2\/types\/post"}],"author":[{"embeddable":true,"href":"https:\/\/www.estorrent.net\/ca\/wp-json\/wp\/v2\/users\/2"}],"replies":[{"embeddable":true,"href":"https:\/\/www.estorrent.net\/ca\/wp-json\/wp\/v2\/comments?post=17835"}],"version-history":[{"count":3,"href":"https:\/\/www.estorrent.net\/ca\/wp-json\/wp\/v2\/posts\/17835\/revisions"}],"predecessor-version":[{"id":17839,"href":"https:\/\/www.estorrent.net\/ca\/wp-json\/wp\/v2\/posts\/17835\/revisions\/17839"}],"wp:featuredmedia":[{"embeddable":true,"href":"https:\/\/www.estorrent.net\/ca\/wp-json\/wp\/v2\/media\/17825"}],"wp:attachment":[{"href":"https:\/\/www.estorrent.net\/ca\/wp-json\/wp\/v2\/media?parent=17835"}],"wp:term":[{"taxonomy":"category","embeddable":true,"href":"https:\/\/www.estorrent.net\/ca\/wp-json\/wp\/v2\/categories?post=17835"},{"taxonomy":"post_tag","embeddable":true,"href":"https:\/\/www.estorrent.net\/ca\/wp-json\/wp\/v2\/tags?post=17835"}],"curies":[{"name":"wp","href":"https:\/\/api.w.org\/{rel}","templated":true}]}}