{"id":17803,"date":"2019-04-08T11:53:56","date_gmt":"2019-04-08T11:53:56","guid":{"rendered":"https:\/\/www.estorrent.net\/2019\/04\/08\/el-12-de-abril-comienza-la-nueva-temporada-de-es-torrent-2\/"},"modified":"2019-04-09T09:05:52","modified_gmt":"2019-04-09T09:05:52","slug":"el-12-d-abril-comenca-la-nova-temporada-d-es-torrent","status":"publish","type":"post","link":"https:\/\/www.estorrent.net\/ca\/2019\/04\/08\/el-12-d-abril-comenca-la-nova-temporada-d-es-torrent\/","title":{"rendered":"El 12 d&#8217;abril comen\u00e7a la nova temporada d&#8217;Es Torrent"},"content":{"rendered":"<p>Aquest proper divendres, 12 d&#8217;abril, Es Torrent inaugura una nova temporada, que ser\u00e0 la n\u00famero 33 de la nostra hist\u00f2ria. Des de fa setmanes, l&#8217;equip del restaurant treballa per a tenir-lo tot a punt. La terrassa est\u00e0 llesta, els prove\u00efdors ens han assortit i ja tenim encarregat el millor peix fresc de l&#8217;illa, per a servir \u2018bullit de peix\u2019, parrillades, peixos al forn i tota la selecci\u00f3 de plats que componen la nostra carta.<\/p>\n<p>Es Torrent romandr\u00e0 obert tots els dies fins a finals d&#8217;octubre, amb l&#8217;horari de cuina habitual: de 13 a 22 hores. \u00c9s important recordar que totes les reserves de fins a 10 persones es continuaran tramitant exclusivament per tel\u00e8fon, a trav\u00e9s del +34 971 802 160, i que, en els mesos forts de la temporada, resulta aconsellable cridar amb diversos dies d&#8217;antelaci\u00f3.<\/p>\n<p>Per a consultes relacionades amb esdeveniments i reserves de grups de m\u00e9s de 10 persones en temporada alta (juliol, agost i setembre) es pot escriure al nou correu electr\u00f2nic d&#8217;esdeveniments del nostre restaurant: grupos@estorrent.net.<\/p>\n<p>Els nostres plats emblem\u00e0tics, com d\u00e8iem, seguiran presents en la carta d&#8217;Es Torrent. No obstant aix\u00f2, poden consultar-se en aquesta p\u00e0gina web, en l&#8217;apartat\u00a0<a href=\"\/?page_id=16288\">El Fest\u00ed<\/a>.<br \/>\nBon estiu per a tots!<\/p>\n<p><a href=\"https:\/\/www.estorrent.net\/wp-content\/uploads\/2019\/04\/DSC_3679.jpg\" rel=\"lightbox[17803]\"><img loading=\"lazy\" decoding=\"async\" class=\"alignnone size-full wp-image-17795\" src=\"https:\/\/www.estorrent.net\/wp-content\/uploads\/2019\/04\/DSC_3679.jpg\" alt=\"DSC_3679\" width=\"900\" height=\"600\" srcset=\"https:\/\/www.estorrent.net\/wp-content\/uploads\/2019\/04\/DSC_3679.jpg 900w, https:\/\/www.estorrent.net\/wp-content\/uploads\/2019\/04\/DSC_3679-300x200.jpg 300w, https:\/\/www.estorrent.net\/wp-content\/uploads\/2019\/04\/DSC_3679-700x467.jpg 700w\" sizes=\"auto, (max-width: 900px) 100vw, 900px\" \/><\/a><\/p>\n","protected":false},"excerpt":{"rendered":"<p>Aquest proper divendres, 12 d&#8217;abril, Es Torrent inaugura una nova temporada, que ser\u00e0 la n\u00famero 33 de la nostra hist\u00f2ria. Des de fa setmanes, l&#8217;equip del restaurant treballa per a tenir-lo tot a punt. La terrassa est\u00e0 llesta, els prove\u00efdors ens han assortit i ja tenim encarregat el millor peix fresc de l&#8217;illa, per a servir \u2018bullit de peix\u2019, parrillades,&#8230;<\/p>\n","protected":false},"author":2,"featured_media":17800,"comment_status":"open","ping_status":"open","sticky":false,"template":"","format":"standard","meta":{"footnotes":""},"categories":[103],"tags":[],"class_list":["post-17803","post","type-post","status-publish","format-standard","has-post-thumbnail","hentry","category-gastronomia-ca"],"yoast_head":"<!-- This site is optimized with the Yoast SEO plugin v26.7 - https:\/\/yoast.com\/wordpress\/plugins\/seo\/ -->\n<title>El 12 d&#039;abril comen\u00e7a la nova temporada d&#039;Es Torrent - Restaurante Es Torrent<\/title>\n<meta name=\"description\" content=\"Aquest proper divendres, 12 d&#039;abril, Es Torrent inaugura una nova temporada, que ser\u00e0 la n\u00famero 33 de la nostra hist\u00f2ria. Des de fa setmanes, l&#039;equip del\" \/>\n<meta name=\"robots\" content=\"index, follow, max-snippet:-1, max-image-preview:large, max-video-preview:-1\" \/>\n<link rel=\"canonical\" href=\"https:\/\/www.estorrent.net\/2019\/04\/08\/el-12-de-abril-comienza-la-nueva-temporada-de-es-torrent\/\" \/>\n<meta property=\"og:locale\" content=\"ca_ES\" \/>\n<meta property=\"og:type\" content=\"article\" \/>\n<meta property=\"og:title\" content=\"El 12 d&#039;abril comen\u00e7a la nova temporada d&#039;Es Torrent - Restaurante Es Torrent\" \/>\n<meta property=\"og:description\" content=\"Aquest proper divendres, 12 d&#039;abril, Es Torrent inaugura una nova temporada, que ser\u00e0 la n\u00famero 33 de la nostra hist\u00f2ria. Des de fa setmanes, l&#039;equip del\" \/>\n<meta property=\"og:url\" content=\"https:\/\/www.estorrent.net\/2019\/04\/08\/el-12-de-abril-comienza-la-nueva-temporada-de-es-torrent\/\" \/>\n<meta property=\"og:site_name\" content=\"Restaurante Es Torrent\" \/>\n<meta property=\"article:published_time\" content=\"2019-04-08T11:53:56+00:00\" \/>\n<meta property=\"article:modified_time\" content=\"2019-04-09T09:05:52+00:00\" \/>\n<meta property=\"og:image\" content=\"https:\/\/www.estorrent.net\/wp-content\/uploads\/2019\/04\/DSC_5595.jpg\" \/>\n\t<meta property=\"og:image:width\" content=\"900\" \/>\n\t<meta property=\"og:image:height\" content=\"650\" \/>\n\t<meta property=\"og:image:type\" content=\"image\/jpeg\" \/>\n<meta name=\"author\" content=\"Xescu\" \/>\n<meta name=\"twitter:card\" content=\"summary_large_image\" \/>\n<meta name=\"twitter:label1\" content=\"Escrit per\" \/>\n\t<meta name=\"twitter:data1\" content=\"Xescu\" \/>\n\t<meta name=\"twitter:label2\" content=\"Temps estimat de lectura\" \/>\n\t<meta name=\"twitter:data2\" content=\"1 minut\" \/>\n<script type=\"application\/ld+json\" class=\"yoast-schema-graph\">{\"@context\":\"https:\/\/schema.org\",\"@graph\":[{\"@type\":\"Article\",\"@id\":\"https:\/\/www.estorrent.net\/2019\/04\/08\/el-12-de-abril-comienza-la-nueva-temporada-de-es-torrent\/#article\",\"isPartOf\":{\"@id\":\"https:\/\/www.estorrent.net\/2019\/04\/08\/el-12-de-abril-comienza-la-nueva-temporada-de-es-torrent\/\"},\"author\":{\"name\":\"Xescu\",\"@id\":\"https:\/\/www.estorrent.net\/#\/schema\/person\/3347087d39c6f306963780c3f452bb0a\"},\"headline\":\"El 12 d&#8217;abril comen\u00e7a la nova temporada d&#8217;Es Torrent\",\"datePublished\":\"2019-04-08T11:53:56+00:00\",\"dateModified\":\"2019-04-09T09:05:52+00:00\",\"mainEntityOfPage\":{\"@id\":\"https:\/\/www.estorrent.net\/2019\/04\/08\/el-12-de-abril-comienza-la-nueva-temporada-de-es-torrent\/\"},\"wordCount\":223,\"commentCount\":0,\"image\":{\"@id\":\"https:\/\/www.estorrent.net\/2019\/04\/08\/el-12-de-abril-comienza-la-nueva-temporada-de-es-torrent\/#primaryimage\"},\"thumbnailUrl\":\"https:\/\/www.estorrent.net\/wp-content\/uploads\/2019\/04\/DSC_5595.jpg\",\"articleSection\":[\"Gastronom\u00eda\"],\"inLanguage\":\"ca\",\"potentialAction\":[{\"@type\":\"CommentAction\",\"name\":\"Comment\",\"target\":[\"https:\/\/www.estorrent.net\/2019\/04\/08\/el-12-de-abril-comienza-la-nueva-temporada-de-es-torrent\/#respond\"]}]},{\"@type\":\"WebPage\",\"@id\":\"https:\/\/www.estorrent.net\/2019\/04\/08\/el-12-de-abril-comienza-la-nueva-temporada-de-es-torrent\/\",\"url\":\"https:\/\/www.estorrent.net\/2019\/04\/08\/el-12-de-abril-comienza-la-nueva-temporada-de-es-torrent\/\",\"name\":\"El 12 d'abril comen\u00e7a la nova temporada d'Es Torrent - Restaurante Es Torrent\",\"isPartOf\":{\"@id\":\"https:\/\/www.estorrent.net\/#website\"},\"primaryImageOfPage\":{\"@id\":\"https:\/\/www.estorrent.net\/2019\/04\/08\/el-12-de-abril-comienza-la-nueva-temporada-de-es-torrent\/#primaryimage\"},\"image\":{\"@id\":\"https:\/\/www.estorrent.net\/2019\/04\/08\/el-12-de-abril-comienza-la-nueva-temporada-de-es-torrent\/#primaryimage\"},\"thumbnailUrl\":\"https:\/\/www.estorrent.net\/wp-content\/uploads\/2019\/04\/DSC_5595.jpg\",\"datePublished\":\"2019-04-08T11:53:56+00:00\",\"dateModified\":\"2019-04-09T09:05:52+00:00\",\"author\":{\"@id\":\"https:\/\/www.estorrent.net\/#\/schema\/person\/3347087d39c6f306963780c3f452bb0a\"},\"description\":\"Aquest proper divendres, 12 d'abril, Es Torrent inaugura una nova temporada, que ser\u00e0 la n\u00famero 33 de la nostra hist\u00f2ria. Des de fa setmanes, l'equip del\",\"breadcrumb\":{\"@id\":\"https:\/\/www.estorrent.net\/2019\/04\/08\/el-12-de-abril-comienza-la-nueva-temporada-de-es-torrent\/#breadcrumb\"},\"inLanguage\":\"ca\",\"potentialAction\":[{\"@type\":\"ReadAction\",\"target\":[\"https:\/\/www.estorrent.net\/2019\/04\/08\/el-12-de-abril-comienza-la-nueva-temporada-de-es-torrent\/\"]}]},{\"@type\":\"ImageObject\",\"inLanguage\":\"ca\",\"@id\":\"https:\/\/www.estorrent.net\/2019\/04\/08\/el-12-de-abril-comienza-la-nueva-temporada-de-es-torrent\/#primaryimage\",\"url\":\"https:\/\/www.estorrent.net\/wp-content\/uploads\/2019\/04\/DSC_5595.jpg\",\"contentUrl\":\"https:\/\/www.estorrent.net\/wp-content\/uploads\/2019\/04\/DSC_5595.jpg\",\"width\":900,\"height\":650},{\"@type\":\"BreadcrumbList\",\"@id\":\"https:\/\/www.estorrent.net\/2019\/04\/08\/el-12-de-abril-comienza-la-nueva-temporada-de-es-torrent\/#breadcrumb\",\"itemListElement\":[{\"@type\":\"ListItem\",\"position\":1,\"name\":\"Portada\",\"item\":\"https:\/\/www.estorrent.net\/\"},{\"@type\":\"ListItem\",\"position\":2,\"name\":\"El 12 d&#8217;abril comen\u00e7a la nova temporada d&#8217;Es Torrent\"}]},{\"@type\":\"WebSite\",\"@id\":\"https:\/\/www.estorrent.net\/#website\",\"url\":\"https:\/\/www.estorrent.net\/\",\"name\":\"Restaurante Es Torrent\",\"description\":\"\",\"potentialAction\":[{\"@type\":\"SearchAction\",\"target\":{\"@type\":\"EntryPoint\",\"urlTemplate\":\"https:\/\/www.estorrent.net\/?s={search_term_string}\"},\"query-input\":{\"@type\":\"PropertyValueSpecification\",\"valueRequired\":true,\"valueName\":\"search_term_string\"}}],\"inLanguage\":\"ca\"},{\"@type\":\"Person\",\"@id\":\"https:\/\/www.estorrent.net\/#\/schema\/person\/3347087d39c6f306963780c3f452bb0a\",\"name\":\"Xescu\",\"image\":{\"@type\":\"ImageObject\",\"inLanguage\":\"ca\",\"@id\":\"https:\/\/www.estorrent.net\/#\/schema\/person\/image\/\",\"url\":\"https:\/\/secure.gravatar.com\/avatar\/d569ee5739a9c7022470ea472c9b4b9cf476e15f1be71e5242c911d673d14ad9?s=96&d=mm&r=g\",\"contentUrl\":\"https:\/\/secure.gravatar.com\/avatar\/d569ee5739a9c7022470ea472c9b4b9cf476e15f1be71e5242c911d673d14ad9?s=96&d=mm&r=g\",\"caption\":\"Xescu\"},\"url\":\"https:\/\/www.estorrent.net\/ca\/author\/xescu\/\"}]}<\/script>\n<!-- \/ Yoast SEO plugin. -->","yoast_head_json":{"title":"El 12 d'abril comen\u00e7a la nova temporada d'Es Torrent - Restaurante Es Torrent","description":"Aquest proper divendres, 12 d'abril, Es Torrent inaugura una nova temporada, que ser\u00e0 la n\u00famero 33 de la nostra hist\u00f2ria. Des de fa setmanes, l'equip del","robots":{"index":"index","follow":"follow","max-snippet":"max-snippet:-1","max-image-preview":"max-image-preview:large","max-video-preview":"max-video-preview:-1"},"canonical":"https:\/\/www.estorrent.net\/2019\/04\/08\/el-12-de-abril-comienza-la-nueva-temporada-de-es-torrent\/","og_locale":"ca_ES","og_type":"article","og_title":"El 12 d'abril comen\u00e7a la nova temporada d'Es Torrent - Restaurante Es Torrent","og_description":"Aquest proper divendres, 12 d'abril, Es Torrent inaugura una nova temporada, que ser\u00e0 la n\u00famero 33 de la nostra hist\u00f2ria. Des de fa setmanes, l'equip del","og_url":"https:\/\/www.estorrent.net\/2019\/04\/08\/el-12-de-abril-comienza-la-nueva-temporada-de-es-torrent\/","og_site_name":"Restaurante Es Torrent","article_published_time":"2019-04-08T11:53:56+00:00","article_modified_time":"2019-04-09T09:05:52+00:00","og_image":[{"width":900,"height":650,"url":"https:\/\/www.estorrent.net\/wp-content\/uploads\/2019\/04\/DSC_5595.jpg","type":"image\/jpeg"}],"author":"Xescu","twitter_card":"summary_large_image","twitter_misc":{"Escrit per":"Xescu","Temps estimat de lectura":"1 minut"},"schema":{"@context":"https:\/\/schema.org","@graph":[{"@type":"Article","@id":"https:\/\/www.estorrent.net\/2019\/04\/08\/el-12-de-abril-comienza-la-nueva-temporada-de-es-torrent\/#article","isPartOf":{"@id":"https:\/\/www.estorrent.net\/2019\/04\/08\/el-12-de-abril-comienza-la-nueva-temporada-de-es-torrent\/"},"author":{"name":"Xescu","@id":"https:\/\/www.estorrent.net\/#\/schema\/person\/3347087d39c6f306963780c3f452bb0a"},"headline":"El 12 d&#8217;abril comen\u00e7a la nova temporada d&#8217;Es Torrent","datePublished":"2019-04-08T11:53:56+00:00","dateModified":"2019-04-09T09:05:52+00:00","mainEntityOfPage":{"@id":"https:\/\/www.estorrent.net\/2019\/04\/08\/el-12-de-abril-comienza-la-nueva-temporada-de-es-torrent\/"},"wordCount":223,"commentCount":0,"image":{"@id":"https:\/\/www.estorrent.net\/2019\/04\/08\/el-12-de-abril-comienza-la-nueva-temporada-de-es-torrent\/#primaryimage"},"thumbnailUrl":"https:\/\/www.estorrent.net\/wp-content\/uploads\/2019\/04\/DSC_5595.jpg","articleSection":["Gastronom\u00eda"],"inLanguage":"ca","potentialAction":[{"@type":"CommentAction","name":"Comment","target":["https:\/\/www.estorrent.net\/2019\/04\/08\/el-12-de-abril-comienza-la-nueva-temporada-de-es-torrent\/#respond"]}]},{"@type":"WebPage","@id":"https:\/\/www.estorrent.net\/2019\/04\/08\/el-12-de-abril-comienza-la-nueva-temporada-de-es-torrent\/","url":"https:\/\/www.estorrent.net\/2019\/04\/08\/el-12-de-abril-comienza-la-nueva-temporada-de-es-torrent\/","name":"El 12 d'abril comen\u00e7a la nova temporada d'Es Torrent - Restaurante Es Torrent","isPartOf":{"@id":"https:\/\/www.estorrent.net\/#website"},"primaryImageOfPage":{"@id":"https:\/\/www.estorrent.net\/2019\/04\/08\/el-12-de-abril-comienza-la-nueva-temporada-de-es-torrent\/#primaryimage"},"image":{"@id":"https:\/\/www.estorrent.net\/2019\/04\/08\/el-12-de-abril-comienza-la-nueva-temporada-de-es-torrent\/#primaryimage"},"thumbnailUrl":"https:\/\/www.estorrent.net\/wp-content\/uploads\/2019\/04\/DSC_5595.jpg","datePublished":"2019-04-08T11:53:56+00:00","dateModified":"2019-04-09T09:05:52+00:00","author":{"@id":"https:\/\/www.estorrent.net\/#\/schema\/person\/3347087d39c6f306963780c3f452bb0a"},"description":"Aquest proper divendres, 12 d'abril, Es Torrent inaugura una nova temporada, que ser\u00e0 la n\u00famero 33 de la nostra hist\u00f2ria. Des de fa setmanes, l'equip del","breadcrumb":{"@id":"https:\/\/www.estorrent.net\/2019\/04\/08\/el-12-de-abril-comienza-la-nueva-temporada-de-es-torrent\/#breadcrumb"},"inLanguage":"ca","potentialAction":[{"@type":"ReadAction","target":["https:\/\/www.estorrent.net\/2019\/04\/08\/el-12-de-abril-comienza-la-nueva-temporada-de-es-torrent\/"]}]},{"@type":"ImageObject","inLanguage":"ca","@id":"https:\/\/www.estorrent.net\/2019\/04\/08\/el-12-de-abril-comienza-la-nueva-temporada-de-es-torrent\/#primaryimage","url":"https:\/\/www.estorrent.net\/wp-content\/uploads\/2019\/04\/DSC_5595.jpg","contentUrl":"https:\/\/www.estorrent.net\/wp-content\/uploads\/2019\/04\/DSC_5595.jpg","width":900,"height":650},{"@type":"BreadcrumbList","@id":"https:\/\/www.estorrent.net\/2019\/04\/08\/el-12-de-abril-comienza-la-nueva-temporada-de-es-torrent\/#breadcrumb","itemListElement":[{"@type":"ListItem","position":1,"name":"Portada","item":"https:\/\/www.estorrent.net\/"},{"@type":"ListItem","position":2,"name":"El 12 d&#8217;abril comen\u00e7a la nova temporada d&#8217;Es Torrent"}]},{"@type":"WebSite","@id":"https:\/\/www.estorrent.net\/#website","url":"https:\/\/www.estorrent.net\/","name":"Restaurante Es Torrent","description":"","potentialAction":[{"@type":"SearchAction","target":{"@type":"EntryPoint","urlTemplate":"https:\/\/www.estorrent.net\/?s={search_term_string}"},"query-input":{"@type":"PropertyValueSpecification","valueRequired":true,"valueName":"search_term_string"}}],"inLanguage":"ca"},{"@type":"Person","@id":"https:\/\/www.estorrent.net\/#\/schema\/person\/3347087d39c6f306963780c3f452bb0a","name":"Xescu","image":{"@type":"ImageObject","inLanguage":"ca","@id":"https:\/\/www.estorrent.net\/#\/schema\/person\/image\/","url":"https:\/\/secure.gravatar.com\/avatar\/d569ee5739a9c7022470ea472c9b4b9cf476e15f1be71e5242c911d673d14ad9?s=96&d=mm&r=g","contentUrl":"https:\/\/secure.gravatar.com\/avatar\/d569ee5739a9c7022470ea472c9b4b9cf476e15f1be71e5242c911d673d14ad9?s=96&d=mm&r=g","caption":"Xescu"},"url":"https:\/\/www.estorrent.net\/ca\/author\/xescu\/"}]}},"_links":{"self":[{"href":"https:\/\/www.estorrent.net\/ca\/wp-json\/wp\/v2\/posts\/17803","targetHints":{"allow":["GET"]}}],"collection":[{"href":"https:\/\/www.estorrent.net\/ca\/wp-json\/wp\/v2\/posts"}],"about":[{"href":"https:\/\/www.estorrent.net\/ca\/wp-json\/wp\/v2\/types\/post"}],"author":[{"embeddable":true,"href":"https:\/\/www.estorrent.net\/ca\/wp-json\/wp\/v2\/users\/2"}],"replies":[{"embeddable":true,"href":"https:\/\/www.estorrent.net\/ca\/wp-json\/wp\/v2\/comments?post=17803"}],"version-history":[{"count":2,"href":"https:\/\/www.estorrent.net\/ca\/wp-json\/wp\/v2\/posts\/17803\/revisions"}],"predecessor-version":[{"id":17805,"href":"https:\/\/www.estorrent.net\/ca\/wp-json\/wp\/v2\/posts\/17803\/revisions\/17805"}],"wp:featuredmedia":[{"embeddable":true,"href":"https:\/\/www.estorrent.net\/ca\/wp-json\/wp\/v2\/media\/17800"}],"wp:attachment":[{"href":"https:\/\/www.estorrent.net\/ca\/wp-json\/wp\/v2\/media?parent=17803"}],"wp:term":[{"taxonomy":"category","embeddable":true,"href":"https:\/\/www.estorrent.net\/ca\/wp-json\/wp\/v2\/categories?post=17803"},{"taxonomy":"post_tag","embeddable":true,"href":"https:\/\/www.estorrent.net\/ca\/wp-json\/wp\/v2\/tags?post=17803"}],"curies":[{"name":"wp","href":"https:\/\/api.w.org\/{rel}","templated":true}]}}