{"id":17748,"date":"2019-01-18T13:33:44","date_gmt":"2019-01-18T13:33:44","guid":{"rendered":"https:\/\/www.estorrent.net\/2019\/01\/18\/miel-de-ibiza-el-nectar-del-bosque-2\/"},"modified":"2019-01-18T13:36:42","modified_gmt":"2019-01-18T13:36:42","slug":"mel-eivissa-el-nectar-del-bosc","status":"publish","type":"post","link":"https:\/\/www.estorrent.net\/ca\/2019\/01\/18\/mel-eivissa-el-nectar-del-bosc\/","title":{"rendered":"Mel d&#8217;Eivissa, el n\u00e8ctar del bosc"},"content":{"rendered":"<p>Des de les m\u00e9s remota antiguitat, els eivissencs han recol\u00b7lectat la mel que les abelles produeixen amb el pol\u00b7len que recullen de les flors del bosc i el camp. Antigament, aquest dol\u00e7 n\u00e8ctar constitu\u00efa un aliment imprescindible per a les fam\u00edlies, ja que complementava la dieta i oferia un ingredient notable per a l&#8217;elaboraci\u00f3 de dol\u00e7os o per a gaudir-la simplement amb un tros de formatge.<\/p>\n<p>A l&#8217;illa ja existeix un bon nombre de ruscos catalogats i protegits pel seu valor etnogr\u00e0fic. Els m\u00e9s antics documentats es remunten als segles XV i\u00a0XVIIl. Les abelles, a m\u00e9s de ser un element essencial per a la pol\u00b7linitzaci\u00f3 de les plantes, proporcionen un aliment de gran valor energ\u00e8tic, que antigament fins i tot s&#8217;emprava per a tractar diferents malalties, juntament amb altres components naturals.<\/p>\n<p><a href=\"https:\/\/www.estorrent.net\/wp-content\/uploads\/2019\/01\/miel2.jpeg\" rel=\"lightbox[17748]\"><img loading=\"lazy\" decoding=\"async\" class=\"alignnone size-full wp-image-17741\" src=\"https:\/\/www.estorrent.net\/wp-content\/uploads\/2019\/01\/miel2.jpeg\" alt=\"miel2\" width=\"2550\" height=\"1700\" srcset=\"https:\/\/www.estorrent.net\/wp-content\/uploads\/2019\/01\/miel2.jpeg 2550w, https:\/\/www.estorrent.net\/wp-content\/uploads\/2019\/01\/miel2-300x200.jpeg 300w, https:\/\/www.estorrent.net\/wp-content\/uploads\/2019\/01\/miel2-1024x683.jpeg 1024w, https:\/\/www.estorrent.net\/wp-content\/uploads\/2019\/01\/miel2-700x467.jpeg 700w\" sizes=\"auto, (max-width: 2550px) 100vw, 2550px\" \/><\/a><\/p>\n<p>En el passat, els pagesos constru\u00efen cases d&#8217;abelles en els boscos buidant troncs i branques, i traslladaven els eixams a l&#8217;interior de carabasses. En el rebost\u00a0de les cases de camp era freq\u00fcent trobar un plat amb trossos de bresca replets d&#8217;aquest dol\u00e7 n\u00e8ctar, els sabors del qual oscil\u00b7laven en funci\u00f3 de les estacions i la flora que existeix en cada zona de l&#8217;illa.<\/p>\n<p>En l&#8217;actualitat hi ha m\u00e9s d&#8217;un centenar de productors integrats en la\u00a0Associaci\u00f3\u00a0d\u2019Apicultors d\u2019Eivissa, que gestionen m\u00e9s de dues mil cases d&#8217;abelles. Gr\u00e0cies a aquesta labor, comercialitzen una mel exquisida, de sabor molt particular, sota la marca de garantia \u201cMel\u00a0Certificada d\u2019Eivissa\u201d.<\/p>\n<p><a href=\"https:\/\/www.estorrent.net\/wp-content\/uploads\/2019\/01\/miel3.jpeg\" rel=\"lightbox[17748]\"><img loading=\"lazy\" decoding=\"async\" class=\"alignnone size-full wp-image-17744\" src=\"https:\/\/www.estorrent.net\/wp-content\/uploads\/2019\/01\/miel3.jpeg\" alt=\"miel3\" width=\"2552\" height=\"1699\" srcset=\"https:\/\/www.estorrent.net\/wp-content\/uploads\/2019\/01\/miel3.jpeg 2552w, https:\/\/www.estorrent.net\/wp-content\/uploads\/2019\/01\/miel3-300x200.jpeg 300w, https:\/\/www.estorrent.net\/wp-content\/uploads\/2019\/01\/miel3-1024x682.jpeg 1024w, https:\/\/www.estorrent.net\/wp-content\/uploads\/2019\/01\/miel3-700x466.jpeg 700w\" sizes=\"auto, (max-width: 2552px) 100vw, 2552px\" \/><\/a><\/p>\n","protected":false},"excerpt":{"rendered":"<p>Des de les m\u00e9s remota antiguitat, els eivissencs han recol\u00b7lectat la mel que les abelles produeixen amb el pol\u00b7len que recullen de les flors del bosc i el camp. Antigament, aquest dol\u00e7 n\u00e8ctar constitu\u00efa un aliment imprescindible per a les fam\u00edlies, ja que complementava la dieta i oferia un ingredient notable per a l&#8217;elaboraci\u00f3 de dol\u00e7os o per a gaudir-la&#8230;<\/p>\n","protected":false},"author":2,"featured_media":17740,"comment_status":"open","ping_status":"open","sticky":false,"template":"","format":"standard","meta":{"footnotes":""},"categories":[103],"tags":[382,111,191,118,383,135,136,179],"class_list":["post-17748","post","type-post","status-publish","format-standard","has-post-thumbnail","hentry","category-gastronomia-ca","tag-agricultura-ca","tag-cocina-ca","tag-gastronomia-de-ibiza-ca","tag-kilometro-cero-ca","tag-miel-de-ibiza-ca","tag-productos-ca","tag-tradiciones-ca","tag-tradiciones-de-ibiza-ca"],"yoast_head":"<!-- This site is optimized with the Yoast SEO plugin v26.7 - https:\/\/yoast.com\/wordpress\/plugins\/seo\/ -->\n<title>Mel d&#039;Eivissa, el n\u00e8ctar del bosc - Restaurante Es Torrent<\/title>\n<meta name=\"description\" content=\"Des de les m\u00e9s remota antiguitat, els eivissencs han recol\u00b7lectat la mel que les abelles produeixen amb el pol\u00b7len que recullen de les flors del bosc i el\" \/>\n<meta name=\"robots\" content=\"index, follow, max-snippet:-1, max-image-preview:large, max-video-preview:-1\" \/>\n<link rel=\"canonical\" href=\"https:\/\/www.estorrent.net\/2019\/01\/18\/miel-de-ibiza-el-nectar-del-bosque\/\" \/>\n<meta property=\"og:locale\" content=\"ca_ES\" \/>\n<meta property=\"og:type\" content=\"article\" \/>\n<meta property=\"og:title\" content=\"Mel d&#039;Eivissa, el n\u00e8ctar del bosc - Restaurante Es Torrent\" \/>\n<meta property=\"og:description\" content=\"Des de les m\u00e9s remota antiguitat, els eivissencs han recol\u00b7lectat la mel que les abelles produeixen amb el pol\u00b7len que recullen de les flors del bosc i el\" \/>\n<meta property=\"og:url\" content=\"https:\/\/www.estorrent.net\/2019\/01\/18\/miel-de-ibiza-el-nectar-del-bosque\/\" \/>\n<meta property=\"og:site_name\" content=\"Restaurante Es Torrent\" \/>\n<meta property=\"article:published_time\" content=\"2019-01-18T13:33:44+00:00\" \/>\n<meta property=\"article:modified_time\" content=\"2019-01-18T13:36:42+00:00\" \/>\n<meta property=\"og:image\" content=\"https:\/\/www.estorrent.net\/wp-content\/uploads\/2019\/01\/miel1.jpeg\" \/>\n\t<meta property=\"og:image:width\" content=\"2549\" \/>\n\t<meta property=\"og:image:height\" content=\"1702\" \/>\n\t<meta property=\"og:image:type\" content=\"image\/jpeg\" \/>\n<meta name=\"author\" content=\"Xescu\" \/>\n<meta name=\"twitter:card\" content=\"summary_large_image\" \/>\n<meta name=\"twitter:label1\" content=\"Escrit per\" \/>\n\t<meta name=\"twitter:data1\" content=\"Xescu\" \/>\n\t<meta name=\"twitter:label2\" content=\"Temps estimat de lectura\" \/>\n\t<meta name=\"twitter:data2\" content=\"1 minut\" \/>\n<script type=\"application\/ld+json\" class=\"yoast-schema-graph\">{\"@context\":\"https:\/\/schema.org\",\"@graph\":[{\"@type\":\"Article\",\"@id\":\"https:\/\/www.estorrent.net\/2019\/01\/18\/miel-de-ibiza-el-nectar-del-bosque\/#article\",\"isPartOf\":{\"@id\":\"https:\/\/www.estorrent.net\/2019\/01\/18\/miel-de-ibiza-el-nectar-del-bosque\/\"},\"author\":{\"name\":\"Xescu\",\"@id\":\"https:\/\/www.estorrent.net\/#\/schema\/person\/3347087d39c6f306963780c3f452bb0a\"},\"headline\":\"Mel d&#8217;Eivissa, el n\u00e8ctar del bosc\",\"datePublished\":\"2019-01-18T13:33:44+00:00\",\"dateModified\":\"2019-01-18T13:36:42+00:00\",\"mainEntityOfPage\":{\"@id\":\"https:\/\/www.estorrent.net\/2019\/01\/18\/miel-de-ibiza-el-nectar-del-bosque\/\"},\"wordCount\":279,\"commentCount\":0,\"image\":{\"@id\":\"https:\/\/www.estorrent.net\/2019\/01\/18\/miel-de-ibiza-el-nectar-del-bosque\/#primaryimage\"},\"thumbnailUrl\":\"https:\/\/www.estorrent.net\/wp-content\/uploads\/2019\/01\/miel1.jpeg\",\"keywords\":[\"agricultura\",\"cocina\",\"gastronom\u00eda de ibiza\",\"kil\u00f3metro cero\",\"miel de ibiza\",\"productos\",\"tradiciones\",\"tradiciones de ibiza\"],\"articleSection\":[\"Gastronom\u00eda\"],\"inLanguage\":\"ca\",\"potentialAction\":[{\"@type\":\"CommentAction\",\"name\":\"Comment\",\"target\":[\"https:\/\/www.estorrent.net\/2019\/01\/18\/miel-de-ibiza-el-nectar-del-bosque\/#respond\"]}]},{\"@type\":\"WebPage\",\"@id\":\"https:\/\/www.estorrent.net\/2019\/01\/18\/miel-de-ibiza-el-nectar-del-bosque\/\",\"url\":\"https:\/\/www.estorrent.net\/2019\/01\/18\/miel-de-ibiza-el-nectar-del-bosque\/\",\"name\":\"Mel d'Eivissa, el n\u00e8ctar del bosc - Restaurante Es Torrent\",\"isPartOf\":{\"@id\":\"https:\/\/www.estorrent.net\/#website\"},\"primaryImageOfPage\":{\"@id\":\"https:\/\/www.estorrent.net\/2019\/01\/18\/miel-de-ibiza-el-nectar-del-bosque\/#primaryimage\"},\"image\":{\"@id\":\"https:\/\/www.estorrent.net\/2019\/01\/18\/miel-de-ibiza-el-nectar-del-bosque\/#primaryimage\"},\"thumbnailUrl\":\"https:\/\/www.estorrent.net\/wp-content\/uploads\/2019\/01\/miel1.jpeg\",\"datePublished\":\"2019-01-18T13:33:44+00:00\",\"dateModified\":\"2019-01-18T13:36:42+00:00\",\"author\":{\"@id\":\"https:\/\/www.estorrent.net\/#\/schema\/person\/3347087d39c6f306963780c3f452bb0a\"},\"description\":\"Des de les m\u00e9s remota antiguitat, els eivissencs han recol\u00b7lectat la mel que les abelles produeixen amb el pol\u00b7len que recullen de les flors del bosc i el\",\"breadcrumb\":{\"@id\":\"https:\/\/www.estorrent.net\/2019\/01\/18\/miel-de-ibiza-el-nectar-del-bosque\/#breadcrumb\"},\"inLanguage\":\"ca\",\"potentialAction\":[{\"@type\":\"ReadAction\",\"target\":[\"https:\/\/www.estorrent.net\/2019\/01\/18\/miel-de-ibiza-el-nectar-del-bosque\/\"]}]},{\"@type\":\"ImageObject\",\"inLanguage\":\"ca\",\"@id\":\"https:\/\/www.estorrent.net\/2019\/01\/18\/miel-de-ibiza-el-nectar-del-bosque\/#primaryimage\",\"url\":\"https:\/\/www.estorrent.net\/wp-content\/uploads\/2019\/01\/miel1.jpeg\",\"contentUrl\":\"https:\/\/www.estorrent.net\/wp-content\/uploads\/2019\/01\/miel1.jpeg\",\"width\":2549,\"height\":1702},{\"@type\":\"BreadcrumbList\",\"@id\":\"https:\/\/www.estorrent.net\/2019\/01\/18\/miel-de-ibiza-el-nectar-del-bosque\/#breadcrumb\",\"itemListElement\":[{\"@type\":\"ListItem\",\"position\":1,\"name\":\"Portada\",\"item\":\"https:\/\/www.estorrent.net\/\"},{\"@type\":\"ListItem\",\"position\":2,\"name\":\"Mel d&#8217;Eivissa, el n\u00e8ctar del bosc\"}]},{\"@type\":\"WebSite\",\"@id\":\"https:\/\/www.estorrent.net\/#website\",\"url\":\"https:\/\/www.estorrent.net\/\",\"name\":\"Restaurante Es Torrent\",\"description\":\"\",\"potentialAction\":[{\"@type\":\"SearchAction\",\"target\":{\"@type\":\"EntryPoint\",\"urlTemplate\":\"https:\/\/www.estorrent.net\/?s={search_term_string}\"},\"query-input\":{\"@type\":\"PropertyValueSpecification\",\"valueRequired\":true,\"valueName\":\"search_term_string\"}}],\"inLanguage\":\"ca\"},{\"@type\":\"Person\",\"@id\":\"https:\/\/www.estorrent.net\/#\/schema\/person\/3347087d39c6f306963780c3f452bb0a\",\"name\":\"Xescu\",\"image\":{\"@type\":\"ImageObject\",\"inLanguage\":\"ca\",\"@id\":\"https:\/\/www.estorrent.net\/#\/schema\/person\/image\/\",\"url\":\"https:\/\/secure.gravatar.com\/avatar\/d569ee5739a9c7022470ea472c9b4b9cf476e15f1be71e5242c911d673d14ad9?s=96&d=mm&r=g\",\"contentUrl\":\"https:\/\/secure.gravatar.com\/avatar\/d569ee5739a9c7022470ea472c9b4b9cf476e15f1be71e5242c911d673d14ad9?s=96&d=mm&r=g\",\"caption\":\"Xescu\"},\"url\":\"https:\/\/www.estorrent.net\/ca\/author\/xescu\/\"}]}<\/script>\n<!-- \/ Yoast SEO plugin. -->","yoast_head_json":{"title":"Mel d'Eivissa, el n\u00e8ctar del bosc - Restaurante Es Torrent","description":"Des de les m\u00e9s remota antiguitat, els eivissencs han recol\u00b7lectat la mel que les abelles produeixen amb el pol\u00b7len que recullen de les flors del bosc i el","robots":{"index":"index","follow":"follow","max-snippet":"max-snippet:-1","max-image-preview":"max-image-preview:large","max-video-preview":"max-video-preview:-1"},"canonical":"https:\/\/www.estorrent.net\/2019\/01\/18\/miel-de-ibiza-el-nectar-del-bosque\/","og_locale":"ca_ES","og_type":"article","og_title":"Mel d'Eivissa, el n\u00e8ctar del bosc - Restaurante Es Torrent","og_description":"Des de les m\u00e9s remota antiguitat, els eivissencs han recol\u00b7lectat la mel que les abelles produeixen amb el pol\u00b7len que recullen de les flors del bosc i el","og_url":"https:\/\/www.estorrent.net\/2019\/01\/18\/miel-de-ibiza-el-nectar-del-bosque\/","og_site_name":"Restaurante Es Torrent","article_published_time":"2019-01-18T13:33:44+00:00","article_modified_time":"2019-01-18T13:36:42+00:00","og_image":[{"width":2549,"height":1702,"url":"https:\/\/www.estorrent.net\/wp-content\/uploads\/2019\/01\/miel1.jpeg","type":"image\/jpeg"}],"author":"Xescu","twitter_card":"summary_large_image","twitter_misc":{"Escrit per":"Xescu","Temps estimat de lectura":"1 minut"},"schema":{"@context":"https:\/\/schema.org","@graph":[{"@type":"Article","@id":"https:\/\/www.estorrent.net\/2019\/01\/18\/miel-de-ibiza-el-nectar-del-bosque\/#article","isPartOf":{"@id":"https:\/\/www.estorrent.net\/2019\/01\/18\/miel-de-ibiza-el-nectar-del-bosque\/"},"author":{"name":"Xescu","@id":"https:\/\/www.estorrent.net\/#\/schema\/person\/3347087d39c6f306963780c3f452bb0a"},"headline":"Mel d&#8217;Eivissa, el n\u00e8ctar del bosc","datePublished":"2019-01-18T13:33:44+00:00","dateModified":"2019-01-18T13:36:42+00:00","mainEntityOfPage":{"@id":"https:\/\/www.estorrent.net\/2019\/01\/18\/miel-de-ibiza-el-nectar-del-bosque\/"},"wordCount":279,"commentCount":0,"image":{"@id":"https:\/\/www.estorrent.net\/2019\/01\/18\/miel-de-ibiza-el-nectar-del-bosque\/#primaryimage"},"thumbnailUrl":"https:\/\/www.estorrent.net\/wp-content\/uploads\/2019\/01\/miel1.jpeg","keywords":["agricultura","cocina","gastronom\u00eda de ibiza","kil\u00f3metro cero","miel de ibiza","productos","tradiciones","tradiciones de ibiza"],"articleSection":["Gastronom\u00eda"],"inLanguage":"ca","potentialAction":[{"@type":"CommentAction","name":"Comment","target":["https:\/\/www.estorrent.net\/2019\/01\/18\/miel-de-ibiza-el-nectar-del-bosque\/#respond"]}]},{"@type":"WebPage","@id":"https:\/\/www.estorrent.net\/2019\/01\/18\/miel-de-ibiza-el-nectar-del-bosque\/","url":"https:\/\/www.estorrent.net\/2019\/01\/18\/miel-de-ibiza-el-nectar-del-bosque\/","name":"Mel d'Eivissa, el n\u00e8ctar del bosc - Restaurante Es Torrent","isPartOf":{"@id":"https:\/\/www.estorrent.net\/#website"},"primaryImageOfPage":{"@id":"https:\/\/www.estorrent.net\/2019\/01\/18\/miel-de-ibiza-el-nectar-del-bosque\/#primaryimage"},"image":{"@id":"https:\/\/www.estorrent.net\/2019\/01\/18\/miel-de-ibiza-el-nectar-del-bosque\/#primaryimage"},"thumbnailUrl":"https:\/\/www.estorrent.net\/wp-content\/uploads\/2019\/01\/miel1.jpeg","datePublished":"2019-01-18T13:33:44+00:00","dateModified":"2019-01-18T13:36:42+00:00","author":{"@id":"https:\/\/www.estorrent.net\/#\/schema\/person\/3347087d39c6f306963780c3f452bb0a"},"description":"Des de les m\u00e9s remota antiguitat, els eivissencs han recol\u00b7lectat la mel que les abelles produeixen amb el pol\u00b7len que recullen de les flors del bosc i el","breadcrumb":{"@id":"https:\/\/www.estorrent.net\/2019\/01\/18\/miel-de-ibiza-el-nectar-del-bosque\/#breadcrumb"},"inLanguage":"ca","potentialAction":[{"@type":"ReadAction","target":["https:\/\/www.estorrent.net\/2019\/01\/18\/miel-de-ibiza-el-nectar-del-bosque\/"]}]},{"@type":"ImageObject","inLanguage":"ca","@id":"https:\/\/www.estorrent.net\/2019\/01\/18\/miel-de-ibiza-el-nectar-del-bosque\/#primaryimage","url":"https:\/\/www.estorrent.net\/wp-content\/uploads\/2019\/01\/miel1.jpeg","contentUrl":"https:\/\/www.estorrent.net\/wp-content\/uploads\/2019\/01\/miel1.jpeg","width":2549,"height":1702},{"@type":"BreadcrumbList","@id":"https:\/\/www.estorrent.net\/2019\/01\/18\/miel-de-ibiza-el-nectar-del-bosque\/#breadcrumb","itemListElement":[{"@type":"ListItem","position":1,"name":"Portada","item":"https:\/\/www.estorrent.net\/"},{"@type":"ListItem","position":2,"name":"Mel d&#8217;Eivissa, el n\u00e8ctar del bosc"}]},{"@type":"WebSite","@id":"https:\/\/www.estorrent.net\/#website","url":"https:\/\/www.estorrent.net\/","name":"Restaurante Es Torrent","description":"","potentialAction":[{"@type":"SearchAction","target":{"@type":"EntryPoint","urlTemplate":"https:\/\/www.estorrent.net\/?s={search_term_string}"},"query-input":{"@type":"PropertyValueSpecification","valueRequired":true,"valueName":"search_term_string"}}],"inLanguage":"ca"},{"@type":"Person","@id":"https:\/\/www.estorrent.net\/#\/schema\/person\/3347087d39c6f306963780c3f452bb0a","name":"Xescu","image":{"@type":"ImageObject","inLanguage":"ca","@id":"https:\/\/www.estorrent.net\/#\/schema\/person\/image\/","url":"https:\/\/secure.gravatar.com\/avatar\/d569ee5739a9c7022470ea472c9b4b9cf476e15f1be71e5242c911d673d14ad9?s=96&d=mm&r=g","contentUrl":"https:\/\/secure.gravatar.com\/avatar\/d569ee5739a9c7022470ea472c9b4b9cf476e15f1be71e5242c911d673d14ad9?s=96&d=mm&r=g","caption":"Xescu"},"url":"https:\/\/www.estorrent.net\/ca\/author\/xescu\/"}]}},"_links":{"self":[{"href":"https:\/\/www.estorrent.net\/ca\/wp-json\/wp\/v2\/posts\/17748","targetHints":{"allow":["GET"]}}],"collection":[{"href":"https:\/\/www.estorrent.net\/ca\/wp-json\/wp\/v2\/posts"}],"about":[{"href":"https:\/\/www.estorrent.net\/ca\/wp-json\/wp\/v2\/types\/post"}],"author":[{"embeddable":true,"href":"https:\/\/www.estorrent.net\/ca\/wp-json\/wp\/v2\/users\/2"}],"replies":[{"embeddable":true,"href":"https:\/\/www.estorrent.net\/ca\/wp-json\/wp\/v2\/comments?post=17748"}],"version-history":[{"count":1,"href":"https:\/\/www.estorrent.net\/ca\/wp-json\/wp\/v2\/posts\/17748\/revisions"}],"predecessor-version":[{"id":17749,"href":"https:\/\/www.estorrent.net\/ca\/wp-json\/wp\/v2\/posts\/17748\/revisions\/17749"}],"wp:featuredmedia":[{"embeddable":true,"href":"https:\/\/www.estorrent.net\/ca\/wp-json\/wp\/v2\/media\/17740"}],"wp:attachment":[{"href":"https:\/\/www.estorrent.net\/ca\/wp-json\/wp\/v2\/media?parent=17748"}],"wp:term":[{"taxonomy":"category","embeddable":true,"href":"https:\/\/www.estorrent.net\/ca\/wp-json\/wp\/v2\/categories?post=17748"},{"taxonomy":"post_tag","embeddable":true,"href":"https:\/\/www.estorrent.net\/ca\/wp-json\/wp\/v2\/tags?post=17748"}],"curies":[{"name":"wp","href":"https:\/\/api.w.org\/{rel}","templated":true}]}}