{"id":17373,"date":"2017-11-02T11:03:25","date_gmt":"2017-11-02T11:03:25","guid":{"rendered":"https:\/\/www.estorrent.net\/2017\/11\/02\/flao-la-tarta-con-mas-historia-de-ibiza-2\/"},"modified":"2017-11-02T11:10:18","modified_gmt":"2017-11-02T11:10:18","slug":"flao-el-pastis-amb-mes-historia-eivissa","status":"publish","type":"post","link":"https:\/\/www.estorrent.net\/ca\/2017\/11\/02\/flao-el-pastis-amb-mes-historia-eivissa\/","title":{"rendered":"Fla\u00f3, el past\u00eds amb m\u00e9s hist\u00f2ria d\u2019Eivissa"},"content":{"rendered":"<p>Pocs elements identifiquen tant el mestissatge cultural dels eivissencs com la seva gastronomia. Per Eivissa van passar fenicis, p\u00fanics, romans, \u00e0rabs i catalans, entre altres civilitzacions, i tots van deixar una petjada en forma d\u2019her\u00e8ncia culin\u00e0ria que, malgrat el pas dels segles i l\u2019evoluci\u00f3 en els sabors i en l\u2019\u00fas dels productes, encara segueix visible.<\/p>\n<p>Una de les receptes m\u00e9s antigues i emblem\u00e0tiques, tal vegada el dol\u00e7 que m\u00e9s ens caracteritza, \u00e9s el fla\u00f3, un past\u00eds de formatge fresc i herba-sana que no es troba fora de les Piti\u00fcses. Existiesen flaons a algunes prov\u00edncies catalanes, en \u00e0rees de Castell\u00f3 i a Menorca, per\u00f2 no tenen res a veure amb l\u2019aspecte i el sabor dels que s\u2019elaboren a Eivissa.<\/p>\n<p>El fla\u00f3\u00a0compon el trio de postres t\u00edpics d\u2019Eivissa, juntament amb la graixonera\u00a0i les orelletes, receptes a les quals tal vegada tamb\u00e9 caldria sumar els bunyols. Hi ha historiadors que ja han trobat refer\u00e8ncies a ell al segle XIII, \u00e8poca en qu\u00e8 els cristians catalans reconquistaren\u00a0Eivissa. No obstant aix\u00f2, qui ho provi reconeixer\u00e0 una clara influ\u00e8ncia \u00e0rab en la textura i l\u2019exotisme de l\u2019herba-sana. El seu veritable origen, per tant, \u00e9s desconegut i es remunta molt probablement a \u00e8poques m\u00e9s antigues.<\/p>\n<p><a href=\"https:\/\/www.estorrent.net\/wp-content\/uploads\/2017\/11\/DSC03803.jpg\" rel=\"lightbox[17373]\"><img loading=\"lazy\" decoding=\"async\" class=\"alignnone size-full wp-image-17367\" src=\"https:\/\/www.estorrent.net\/wp-content\/uploads\/2017\/11\/DSC03803.jpg\" alt=\"DSC03803\" width=\"900\" height=\"600\" srcset=\"https:\/\/www.estorrent.net\/wp-content\/uploads\/2017\/11\/DSC03803.jpg 900w, https:\/\/www.estorrent.net\/wp-content\/uploads\/2017\/11\/DSC03803-300x200.jpg 300w, https:\/\/www.estorrent.net\/wp-content\/uploads\/2017\/11\/DSC03803-700x467.jpg 700w\" sizes=\"auto, (max-width: 900px) 100vw, 900px\" \/><\/a><\/p>\n<p>Fins a fa unes d\u00e8cades, el fla\u00f3 era un plat que eminentment es gaudia el Diumenge de Resurrecci\u00f3, ja que era en aquesta \u00e8poca quan es produ\u00efa m\u00e9s formatge fresc en abund\u00e0ncia i amb major qualitat. Avui, no obstant aix\u00f2, es prepara tot l\u2019any i pot adquirir-se en les pastisseries de tota l\u2019illa. \u00c9s molt habitual que els eivissencs, quan alg\u00fa els convida a menjar, apareguin amb un\u00a0fla\u00f3\u00a0com a regal.<\/p>\n<p>Aquest postre requereix de dues masses. Una m\u00e9s dura que serveix de base per al past\u00eds i una altra m\u00e9s tendre, que integra el formatge fresc de cabra o ovella (o de mescla) i l\u2019herba-sana. A m\u00e9s porta farina, sucre, llard de porc,\u00a0pell de llim\u00f3, suc de taronja, llevat, ous, canyella, una mica de licor d\u2019an\u00eds\u2026 Cada casa t\u00e9 la seva recepta.<\/p>\n<p>Es tracta, sens dubte, d\u2019un dels sabors que tothom que viatja a Eivissa deuria provar. Bon profit!<\/p>\n","protected":false},"excerpt":{"rendered":"<p>Pocs elements identifiquen tant el mestissatge cultural dels eivissencs com la seva gastronomia. Per Eivissa van passar fenicis, p\u00fanics, romans, \u00e0rabs i catalans, entre altres civilitzacions, i tots van deixar una petjada en forma d\u2019her\u00e8ncia culin\u00e0ria que, malgrat el pas dels segles i l\u2019evoluci\u00f3 en els sabors i en l\u2019\u00fas dels productes, encara segueix visible. Una de les receptes m\u00e9s&#8230;<\/p>\n","protected":false},"author":2,"featured_media":17368,"comment_status":"open","ping_status":"open","sticky":false,"template":"","format":"standard","meta":{"footnotes":""},"categories":[103],"tags":[201,222,287,288],"class_list":["post-17373","post","type-post","status-publish","format-standard","has-post-thumbnail","hentry","category-gastronomia-ca","tag-flao-ca","tag-ibiza-ca","tag-postres-ca","tag-recetas-ca"],"yoast_head":"<!-- This site is optimized with the Yoast SEO plugin v26.7 - https:\/\/yoast.com\/wordpress\/plugins\/seo\/ -->\n<title>Fla\u00f3, el past\u00eds amb m\u00e9s hist\u00f2ria d\u2019Eivissa - Restaurante Es Torrent<\/title>\n<meta name=\"description\" content=\"Pocs elements identifiquen tant el mestissatge cultural dels eivissencs com la seva gastronomia. Per Eivissa van passar fenicis, p\u00fanics, romans, \u00e0rabs i\" \/>\n<meta name=\"robots\" content=\"index, follow, max-snippet:-1, max-image-preview:large, max-video-preview:-1\" \/>\n<link rel=\"canonical\" href=\"https:\/\/www.estorrent.net\/2017\/11\/15\/flao-la-tarta-con-mas-historia-de-ibiza\/\" \/>\n<meta property=\"og:locale\" content=\"ca_ES\" \/>\n<meta property=\"og:type\" content=\"article\" \/>\n<meta property=\"og:title\" content=\"Fla\u00f3, el past\u00eds amb m\u00e9s hist\u00f2ria d\u2019Eivissa - Restaurante Es Torrent\" \/>\n<meta property=\"og:description\" content=\"Pocs elements identifiquen tant el mestissatge cultural dels eivissencs com la seva gastronomia. Per Eivissa van passar fenicis, p\u00fanics, romans, \u00e0rabs i\" \/>\n<meta property=\"og:url\" content=\"https:\/\/www.estorrent.net\/2017\/11\/15\/flao-la-tarta-con-mas-historia-de-ibiza\/\" \/>\n<meta property=\"og:site_name\" content=\"Restaurante Es Torrent\" \/>\n<meta property=\"article:published_time\" content=\"2017-11-02T11:03:25+00:00\" \/>\n<meta property=\"article:modified_time\" content=\"2017-11-02T11:10:18+00:00\" \/>\n<meta property=\"og:image\" content=\"https:\/\/www.estorrent.net\/wp-content\/uploads\/2017\/11\/DSC04765.jpg\" \/>\n\t<meta property=\"og:image:width\" content=\"900\" \/>\n\t<meta property=\"og:image:height\" content=\"600\" \/>\n\t<meta property=\"og:image:type\" content=\"image\/jpeg\" \/>\n<meta name=\"author\" content=\"Xescu\" \/>\n<meta name=\"twitter:card\" content=\"summary_large_image\" \/>\n<meta name=\"twitter:label1\" content=\"Escrit per\" \/>\n\t<meta name=\"twitter:data1\" content=\"Xescu\" \/>\n\t<meta name=\"twitter:label2\" content=\"Temps estimat de lectura\" \/>\n\t<meta name=\"twitter:data2\" content=\"2 minuts\" \/>\n<script type=\"application\/ld+json\" class=\"yoast-schema-graph\">{\"@context\":\"https:\/\/schema.org\",\"@graph\":[{\"@type\":\"Article\",\"@id\":\"https:\/\/www.estorrent.net\/2017\/11\/15\/flao-la-tarta-con-mas-historia-de-ibiza\/#article\",\"isPartOf\":{\"@id\":\"https:\/\/www.estorrent.net\/2017\/11\/15\/flao-la-tarta-con-mas-historia-de-ibiza\/\"},\"author\":{\"name\":\"Xescu\",\"@id\":\"https:\/\/www.estorrent.net\/#\/schema\/person\/3347087d39c6f306963780c3f452bb0a\"},\"headline\":\"Fla\u00f3, el past\u00eds amb m\u00e9s hist\u00f2ria d\u2019Eivissa\",\"datePublished\":\"2017-11-02T11:03:25+00:00\",\"dateModified\":\"2017-11-02T11:10:18+00:00\",\"mainEntityOfPage\":{\"@id\":\"https:\/\/www.estorrent.net\/2017\/11\/15\/flao-la-tarta-con-mas-historia-de-ibiza\/\"},\"wordCount\":399,\"commentCount\":0,\"image\":{\"@id\":\"https:\/\/www.estorrent.net\/2017\/11\/15\/flao-la-tarta-con-mas-historia-de-ibiza\/#primaryimage\"},\"thumbnailUrl\":\"https:\/\/www.estorrent.net\/wp-content\/uploads\/2017\/11\/DSC04765.jpg\",\"keywords\":[\"fla\u00f3\",\"Ibiza\",\"postres\",\"recetas\"],\"articleSection\":[\"Gastronom\u00eda\"],\"inLanguage\":\"ca\",\"potentialAction\":[{\"@type\":\"CommentAction\",\"name\":\"Comment\",\"target\":[\"https:\/\/www.estorrent.net\/2017\/11\/15\/flao-la-tarta-con-mas-historia-de-ibiza\/#respond\"]}]},{\"@type\":\"WebPage\",\"@id\":\"https:\/\/www.estorrent.net\/2017\/11\/15\/flao-la-tarta-con-mas-historia-de-ibiza\/\",\"url\":\"https:\/\/www.estorrent.net\/2017\/11\/15\/flao-la-tarta-con-mas-historia-de-ibiza\/\",\"name\":\"Fla\u00f3, el past\u00eds amb m\u00e9s hist\u00f2ria d\u2019Eivissa - Restaurante Es Torrent\",\"isPartOf\":{\"@id\":\"https:\/\/www.estorrent.net\/#website\"},\"primaryImageOfPage\":{\"@id\":\"https:\/\/www.estorrent.net\/2017\/11\/15\/flao-la-tarta-con-mas-historia-de-ibiza\/#primaryimage\"},\"image\":{\"@id\":\"https:\/\/www.estorrent.net\/2017\/11\/15\/flao-la-tarta-con-mas-historia-de-ibiza\/#primaryimage\"},\"thumbnailUrl\":\"https:\/\/www.estorrent.net\/wp-content\/uploads\/2017\/11\/DSC04765.jpg\",\"datePublished\":\"2017-11-02T11:03:25+00:00\",\"dateModified\":\"2017-11-02T11:10:18+00:00\",\"author\":{\"@id\":\"https:\/\/www.estorrent.net\/#\/schema\/person\/3347087d39c6f306963780c3f452bb0a\"},\"description\":\"Pocs elements identifiquen tant el mestissatge cultural dels eivissencs com la seva gastronomia. Per Eivissa van passar fenicis, p\u00fanics, romans, \u00e0rabs i\",\"breadcrumb\":{\"@id\":\"https:\/\/www.estorrent.net\/2017\/11\/15\/flao-la-tarta-con-mas-historia-de-ibiza\/#breadcrumb\"},\"inLanguage\":\"ca\",\"potentialAction\":[{\"@type\":\"ReadAction\",\"target\":[\"https:\/\/www.estorrent.net\/2017\/11\/15\/flao-la-tarta-con-mas-historia-de-ibiza\/\"]}]},{\"@type\":\"ImageObject\",\"inLanguage\":\"ca\",\"@id\":\"https:\/\/www.estorrent.net\/2017\/11\/15\/flao-la-tarta-con-mas-historia-de-ibiza\/#primaryimage\",\"url\":\"https:\/\/www.estorrent.net\/wp-content\/uploads\/2017\/11\/DSC04765.jpg\",\"contentUrl\":\"https:\/\/www.estorrent.net\/wp-content\/uploads\/2017\/11\/DSC04765.jpg\",\"width\":900,\"height\":600},{\"@type\":\"BreadcrumbList\",\"@id\":\"https:\/\/www.estorrent.net\/2017\/11\/15\/flao-la-tarta-con-mas-historia-de-ibiza\/#breadcrumb\",\"itemListElement\":[{\"@type\":\"ListItem\",\"position\":1,\"name\":\"Portada\",\"item\":\"https:\/\/www.estorrent.net\/\"},{\"@type\":\"ListItem\",\"position\":2,\"name\":\"Fla\u00f3, el past\u00eds amb m\u00e9s hist\u00f2ria d\u2019Eivissa\"}]},{\"@type\":\"WebSite\",\"@id\":\"https:\/\/www.estorrent.net\/#website\",\"url\":\"https:\/\/www.estorrent.net\/\",\"name\":\"Restaurante Es Torrent\",\"description\":\"\",\"potentialAction\":[{\"@type\":\"SearchAction\",\"target\":{\"@type\":\"EntryPoint\",\"urlTemplate\":\"https:\/\/www.estorrent.net\/?s={search_term_string}\"},\"query-input\":{\"@type\":\"PropertyValueSpecification\",\"valueRequired\":true,\"valueName\":\"search_term_string\"}}],\"inLanguage\":\"ca\"},{\"@type\":\"Person\",\"@id\":\"https:\/\/www.estorrent.net\/#\/schema\/person\/3347087d39c6f306963780c3f452bb0a\",\"name\":\"Xescu\",\"image\":{\"@type\":\"ImageObject\",\"inLanguage\":\"ca\",\"@id\":\"https:\/\/www.estorrent.net\/#\/schema\/person\/image\/\",\"url\":\"https:\/\/secure.gravatar.com\/avatar\/d569ee5739a9c7022470ea472c9b4b9cf476e15f1be71e5242c911d673d14ad9?s=96&d=mm&r=g\",\"contentUrl\":\"https:\/\/secure.gravatar.com\/avatar\/d569ee5739a9c7022470ea472c9b4b9cf476e15f1be71e5242c911d673d14ad9?s=96&d=mm&r=g\",\"caption\":\"Xescu\"},\"url\":\"https:\/\/www.estorrent.net\/ca\/author\/xescu\/\"}]}<\/script>\n<!-- \/ Yoast SEO plugin. -->","yoast_head_json":{"title":"Fla\u00f3, el past\u00eds amb m\u00e9s hist\u00f2ria d\u2019Eivissa - Restaurante Es Torrent","description":"Pocs elements identifiquen tant el mestissatge cultural dels eivissencs com la seva gastronomia. Per Eivissa van passar fenicis, p\u00fanics, romans, \u00e0rabs i","robots":{"index":"index","follow":"follow","max-snippet":"max-snippet:-1","max-image-preview":"max-image-preview:large","max-video-preview":"max-video-preview:-1"},"canonical":"https:\/\/www.estorrent.net\/2017\/11\/15\/flao-la-tarta-con-mas-historia-de-ibiza\/","og_locale":"ca_ES","og_type":"article","og_title":"Fla\u00f3, el past\u00eds amb m\u00e9s hist\u00f2ria d\u2019Eivissa - Restaurante Es Torrent","og_description":"Pocs elements identifiquen tant el mestissatge cultural dels eivissencs com la seva gastronomia. Per Eivissa van passar fenicis, p\u00fanics, romans, \u00e0rabs i","og_url":"https:\/\/www.estorrent.net\/2017\/11\/15\/flao-la-tarta-con-mas-historia-de-ibiza\/","og_site_name":"Restaurante Es Torrent","article_published_time":"2017-11-02T11:03:25+00:00","article_modified_time":"2017-11-02T11:10:18+00:00","og_image":[{"width":900,"height":600,"url":"https:\/\/www.estorrent.net\/wp-content\/uploads\/2017\/11\/DSC04765.jpg","type":"image\/jpeg"}],"author":"Xescu","twitter_card":"summary_large_image","twitter_misc":{"Escrit per":"Xescu","Temps estimat de lectura":"2 minuts"},"schema":{"@context":"https:\/\/schema.org","@graph":[{"@type":"Article","@id":"https:\/\/www.estorrent.net\/2017\/11\/15\/flao-la-tarta-con-mas-historia-de-ibiza\/#article","isPartOf":{"@id":"https:\/\/www.estorrent.net\/2017\/11\/15\/flao-la-tarta-con-mas-historia-de-ibiza\/"},"author":{"name":"Xescu","@id":"https:\/\/www.estorrent.net\/#\/schema\/person\/3347087d39c6f306963780c3f452bb0a"},"headline":"Fla\u00f3, el past\u00eds amb m\u00e9s hist\u00f2ria d\u2019Eivissa","datePublished":"2017-11-02T11:03:25+00:00","dateModified":"2017-11-02T11:10:18+00:00","mainEntityOfPage":{"@id":"https:\/\/www.estorrent.net\/2017\/11\/15\/flao-la-tarta-con-mas-historia-de-ibiza\/"},"wordCount":399,"commentCount":0,"image":{"@id":"https:\/\/www.estorrent.net\/2017\/11\/15\/flao-la-tarta-con-mas-historia-de-ibiza\/#primaryimage"},"thumbnailUrl":"https:\/\/www.estorrent.net\/wp-content\/uploads\/2017\/11\/DSC04765.jpg","keywords":["fla\u00f3","Ibiza","postres","recetas"],"articleSection":["Gastronom\u00eda"],"inLanguage":"ca","potentialAction":[{"@type":"CommentAction","name":"Comment","target":["https:\/\/www.estorrent.net\/2017\/11\/15\/flao-la-tarta-con-mas-historia-de-ibiza\/#respond"]}]},{"@type":"WebPage","@id":"https:\/\/www.estorrent.net\/2017\/11\/15\/flao-la-tarta-con-mas-historia-de-ibiza\/","url":"https:\/\/www.estorrent.net\/2017\/11\/15\/flao-la-tarta-con-mas-historia-de-ibiza\/","name":"Fla\u00f3, el past\u00eds amb m\u00e9s hist\u00f2ria d\u2019Eivissa - Restaurante Es Torrent","isPartOf":{"@id":"https:\/\/www.estorrent.net\/#website"},"primaryImageOfPage":{"@id":"https:\/\/www.estorrent.net\/2017\/11\/15\/flao-la-tarta-con-mas-historia-de-ibiza\/#primaryimage"},"image":{"@id":"https:\/\/www.estorrent.net\/2017\/11\/15\/flao-la-tarta-con-mas-historia-de-ibiza\/#primaryimage"},"thumbnailUrl":"https:\/\/www.estorrent.net\/wp-content\/uploads\/2017\/11\/DSC04765.jpg","datePublished":"2017-11-02T11:03:25+00:00","dateModified":"2017-11-02T11:10:18+00:00","author":{"@id":"https:\/\/www.estorrent.net\/#\/schema\/person\/3347087d39c6f306963780c3f452bb0a"},"description":"Pocs elements identifiquen tant el mestissatge cultural dels eivissencs com la seva gastronomia. Per Eivissa van passar fenicis, p\u00fanics, romans, \u00e0rabs i","breadcrumb":{"@id":"https:\/\/www.estorrent.net\/2017\/11\/15\/flao-la-tarta-con-mas-historia-de-ibiza\/#breadcrumb"},"inLanguage":"ca","potentialAction":[{"@type":"ReadAction","target":["https:\/\/www.estorrent.net\/2017\/11\/15\/flao-la-tarta-con-mas-historia-de-ibiza\/"]}]},{"@type":"ImageObject","inLanguage":"ca","@id":"https:\/\/www.estorrent.net\/2017\/11\/15\/flao-la-tarta-con-mas-historia-de-ibiza\/#primaryimage","url":"https:\/\/www.estorrent.net\/wp-content\/uploads\/2017\/11\/DSC04765.jpg","contentUrl":"https:\/\/www.estorrent.net\/wp-content\/uploads\/2017\/11\/DSC04765.jpg","width":900,"height":600},{"@type":"BreadcrumbList","@id":"https:\/\/www.estorrent.net\/2017\/11\/15\/flao-la-tarta-con-mas-historia-de-ibiza\/#breadcrumb","itemListElement":[{"@type":"ListItem","position":1,"name":"Portada","item":"https:\/\/www.estorrent.net\/"},{"@type":"ListItem","position":2,"name":"Fla\u00f3, el past\u00eds amb m\u00e9s hist\u00f2ria d\u2019Eivissa"}]},{"@type":"WebSite","@id":"https:\/\/www.estorrent.net\/#website","url":"https:\/\/www.estorrent.net\/","name":"Restaurante Es Torrent","description":"","potentialAction":[{"@type":"SearchAction","target":{"@type":"EntryPoint","urlTemplate":"https:\/\/www.estorrent.net\/?s={search_term_string}"},"query-input":{"@type":"PropertyValueSpecification","valueRequired":true,"valueName":"search_term_string"}}],"inLanguage":"ca"},{"@type":"Person","@id":"https:\/\/www.estorrent.net\/#\/schema\/person\/3347087d39c6f306963780c3f452bb0a","name":"Xescu","image":{"@type":"ImageObject","inLanguage":"ca","@id":"https:\/\/www.estorrent.net\/#\/schema\/person\/image\/","url":"https:\/\/secure.gravatar.com\/avatar\/d569ee5739a9c7022470ea472c9b4b9cf476e15f1be71e5242c911d673d14ad9?s=96&d=mm&r=g","contentUrl":"https:\/\/secure.gravatar.com\/avatar\/d569ee5739a9c7022470ea472c9b4b9cf476e15f1be71e5242c911d673d14ad9?s=96&d=mm&r=g","caption":"Xescu"},"url":"https:\/\/www.estorrent.net\/ca\/author\/xescu\/"}]}},"_links":{"self":[{"href":"https:\/\/www.estorrent.net\/ca\/wp-json\/wp\/v2\/posts\/17373","targetHints":{"allow":["GET"]}}],"collection":[{"href":"https:\/\/www.estorrent.net\/ca\/wp-json\/wp\/v2\/posts"}],"about":[{"href":"https:\/\/www.estorrent.net\/ca\/wp-json\/wp\/v2\/types\/post"}],"author":[{"embeddable":true,"href":"https:\/\/www.estorrent.net\/ca\/wp-json\/wp\/v2\/users\/2"}],"replies":[{"embeddable":true,"href":"https:\/\/www.estorrent.net\/ca\/wp-json\/wp\/v2\/comments?post=17373"}],"version-history":[{"count":2,"href":"https:\/\/www.estorrent.net\/ca\/wp-json\/wp\/v2\/posts\/17373\/revisions"}],"predecessor-version":[{"id":17375,"href":"https:\/\/www.estorrent.net\/ca\/wp-json\/wp\/v2\/posts\/17373\/revisions\/17375"}],"wp:featuredmedia":[{"embeddable":true,"href":"https:\/\/www.estorrent.net\/ca\/wp-json\/wp\/v2\/media\/17368"}],"wp:attachment":[{"href":"https:\/\/www.estorrent.net\/ca\/wp-json\/wp\/v2\/media?parent=17373"}],"wp:term":[{"taxonomy":"category","embeddable":true,"href":"https:\/\/www.estorrent.net\/ca\/wp-json\/wp\/v2\/categories?post=17373"},{"taxonomy":"post_tag","embeddable":true,"href":"https:\/\/www.estorrent.net\/ca\/wp-json\/wp\/v2\/tags?post=17373"}],"curies":[{"name":"wp","href":"https:\/\/api.w.org\/{rel}","templated":true}]}}