{"id":17115,"date":"2017-02-01T17:51:26","date_gmt":"2017-02-01T17:51:26","guid":{"rendered":"https:\/\/www.estorrent.net\/2017\/02\/01\/el-queso-artesano-otro-producto-excepcional-de-ibiza-2\/"},"modified":"2017-02-01T17:55:16","modified_gmt":"2017-02-01T17:55:16","slug":"el-formatge-artesa-un-altre-producte-excepcional-d-eivissa","status":"publish","type":"post","link":"https:\/\/www.estorrent.net\/ca\/2017\/02\/01\/el-formatge-artesa-un-altre-producte-excepcional-d-eivissa\/","title":{"rendered":"El formatge artes\u00e0, un altre producte excepcional d&#8217;Eivissa"},"content":{"rendered":"<p>Eivissa, com tots els racons del m\u00f3n que posseeixen una ramaderia de races aut\u00f2ctones, tamb\u00e9 es caracteritza pels seus formatges, singulars i diferents a cap altre. Antigament, totes les cases de camp que criaven animals elaboraven un formatge delici\u00f3s, sabor\u00f3s i intens, que de vegades es deixava guarir fins a adquirir una consist\u00e8ncia s\u00f2lida i un sabor capa\u00e7 de competir en pot\u00e8ncia amb qualsevol altre del m\u00f3n.<\/p>\n<p>Ja queden molt poques fam\u00edlies que elaboren formatge eivissenc seguint el m\u00e8tode artes\u00e0 de fa segles, per\u00f2 comencen a apar\u00e8ixer petites empreses agropecu\u00e0ries que recuperen aquesta tradici\u00f3 i la posen a la disposici\u00f3 dels\u00a0pitiusos, oferint novament la possibilitat de\u00a0disfrutar\u00a0els sabors d&#8217;abans.<\/p>\n<p>Aquest producte tan singular i exquisit s\u2019elaborava normalment amb mescla de llet de cabra i ovella, encara que s&#8217;emprava la que hi hagu\u00e9s, indistintament. El seu sabor \u00fanic obeeix al quall vegetal empleat, que en eivissenc es diu\u00a0herba\u00a0de\u00a0formatjar\u00a0(<em>Cynara\u00a0Cardunculus<\/em>). Es tracta d&#8217;una planta de card perenne, d&#8217;arrel\u00a0tuberculosa, molt semblant a la carxofa. Floreix al llarg de l&#8217;estiu, es recol\u00b7lecta quan la flor ja est\u00e0 gaireb\u00e9 seca i es conserva per emprar-la durant tot l\u2019any.<\/p>\n<p><a href=\"https:\/\/www.estorrent.net\/wp-content\/uploads\/2017\/02\/foto-queso.jpg\" rel=\"lightbox[17115]\"><img loading=\"lazy\" decoding=\"async\" class=\"alignnone size-full wp-image-17111\" src=\"https:\/\/www.estorrent.net\/wp-content\/uploads\/2017\/02\/foto-queso.jpg\" alt=\"foto-queso\" width=\"900\" height=\"566\" srcset=\"https:\/\/www.estorrent.net\/wp-content\/uploads\/2017\/02\/foto-queso.jpg 900w, https:\/\/www.estorrent.net\/wp-content\/uploads\/2017\/02\/foto-queso-300x189.jpg 300w, https:\/\/www.estorrent.net\/wp-content\/uploads\/2017\/02\/foto-queso-700x440.jpg 700w\" sizes=\"auto, (max-width: 900px) 100vw, 900px\" \/><\/a><\/p>\n<p>Despr\u00e9s de quallar la llet amb el card, es premsa, sala i madura en funci\u00f3 de les necessitats. El formatge fresc sobretot s&#8217;aplica a la rebosteria, sent el\u00a0fla\u00f3\u00a0(past\u00eds de mat\u00f3 i\u00a0herbasana)\u00a0la seva recepta m\u00e9s representativa, encara que no l\u2019\u00fanica. Segons el costum, el Nadal marcava el dia en qu\u00e8 es comen\u00e7ava a formatjar. A la nit es deixava el card en remull i a l\u2019alba es munyia el bestiar. La llet s\u2019escalfava lleugerament i se li afegia el suc de l&#8217;herba posada en remull i picada, per extreure el m\u00e0xim de subst\u00e0ncia.<\/p>\n<p>Quan quallava, de manera manual, es desfeia i escorria la massa, separant-la del l\u00edquid (serigot), i es col\u00b7locava en l\u2019escudella, on adquiria la forma i acabava d\u2019esc\u00f3rrer. Despr\u00e9s se salava i s\u2019embolicava amb una tela r\u00edgida, que antigament era de pell de savina. Finalment, el formatge s&#8217;airejava en formatgeres, a resguard d\u2019insectes, i se substitu\u00efa la cobertura per una altra de tela. Cada poc temps es netejava amb aigua temperada i es conservava penjat del sostre, com les sobrassades. Tamb\u00e9 hi havia qui preferia conservar-ho en oli perqu\u00e8 es mantingu\u00e9s m\u00e9s tendre.<\/p>\n<p>Avui hi ha diferents marques que ho produeixen seguint de forma m\u00e9s o menys fidel el ritual artes\u00e0 de sempre. El m\u00e9s tradicional \u00e9s probablement el que elabora\u00a0<a href=\"https:\/\/www.facebook.com\/Ses-Cabretes-1026698764009788\/\">Ses\u00a0Cabretes<\/a>, encara que tamb\u00e9 poden provar-se els de\u00a0<a href=\"http:\/\/www.companatge.com\/\">Companatge<\/a>\u00a0i la <a href=\"http:\/\/www.granjasantagertrudis.com\/\">Granja Santa\u00a0Gertrudis<\/a>, amb major producci\u00f3. Es tracta, sens dubte, d&#8217;un mos diferent i identificatiu de la tradici\u00f3 eivissenca.<\/p>\n<p><a href=\"https:\/\/www.estorrent.net\/wp-content\/uploads\/2017\/02\/DSC00259.jpg\" rel=\"lightbox[17115]\"><img loading=\"lazy\" decoding=\"async\" class=\"alignnone size-full wp-image-17108\" src=\"https:\/\/www.estorrent.net\/wp-content\/uploads\/2017\/02\/DSC00259.jpg\" alt=\"DSC00259\" width=\"900\" height=\"675\" srcset=\"https:\/\/www.estorrent.net\/wp-content\/uploads\/2017\/02\/DSC00259.jpg 900w, https:\/\/www.estorrent.net\/wp-content\/uploads\/2017\/02\/DSC00259-300x225.jpg 300w, https:\/\/www.estorrent.net\/wp-content\/uploads\/2017\/02\/DSC00259-800x600.jpg 800w, https:\/\/www.estorrent.net\/wp-content\/uploads\/2017\/02\/DSC00259-700x525.jpg 700w\" sizes=\"auto, (max-width: 900px) 100vw, 900px\" \/><\/a><\/p>\n","protected":false},"excerpt":{"rendered":"<p>Eivissa, com tots els racons del m\u00f3n que posseeixen una ramaderia de races aut\u00f2ctones, tamb\u00e9 es caracteritza pels seus formatges, singulars i diferents a cap altre. Antigament, totes les cases de camp que criaven animals elaboraven un formatge delici\u00f3s, sabor\u00f3s i intens, que de vegades es deixava guarir fins a adquirir una consist\u00e8ncia s\u00f2lida i un sabor capa\u00e7 de competir&#8230;<\/p>\n","protected":false},"author":2,"featured_media":17107,"comment_status":"open","ping_status":"open","sticky":false,"template":"","format":"standard","meta":{"footnotes":""},"categories":[103],"tags":[111,112,119,135,136,179],"class_list":["post-17115","post","type-post","status-publish","format-standard","has-post-thumbnail","hentry","category-gastronomia-ca","tag-cocina-ca","tag-gastronomia-ca","tag-producto-local-ca","tag-productos-ca","tag-tradiciones-ca","tag-tradiciones-de-ibiza-ca"],"yoast_head":"<!-- This site is optimized with the Yoast SEO plugin v26.7 - https:\/\/yoast.com\/wordpress\/plugins\/seo\/ -->\n<title>El formatge artes\u00e0, un altre producte excepcional d&#039;Eivissa - Restaurante Es Torrent<\/title>\n<meta name=\"description\" content=\"Eivissa, com tots els racons del m\u00f3n que posseeixen una ramaderia de races aut\u00f2ctones, tamb\u00e9 es caracteritza pels seus formatges, singulars i diferents a\" \/>\n<meta name=\"robots\" content=\"index, follow, max-snippet:-1, max-image-preview:large, max-video-preview:-1\" \/>\n<link rel=\"canonical\" href=\"https:\/\/www.estorrent.net\/2017\/02\/01\/el-queso-artesano-otro-producto-excepcional-de-ibiza\/\" \/>\n<meta property=\"og:locale\" content=\"ca_ES\" \/>\n<meta property=\"og:type\" content=\"article\" \/>\n<meta property=\"og:title\" content=\"El formatge artes\u00e0, un altre producte excepcional d&#039;Eivissa - Restaurante Es Torrent\" \/>\n<meta property=\"og:description\" content=\"Eivissa, com tots els racons del m\u00f3n que posseeixen una ramaderia de races aut\u00f2ctones, tamb\u00e9 es caracteritza pels seus formatges, singulars i diferents a\" \/>\n<meta property=\"og:url\" content=\"https:\/\/www.estorrent.net\/2017\/02\/01\/el-queso-artesano-otro-producto-excepcional-de-ibiza\/\" \/>\n<meta property=\"og:site_name\" content=\"Restaurante Es Torrent\" \/>\n<meta property=\"article:published_time\" content=\"2017-02-01T17:51:26+00:00\" \/>\n<meta property=\"article:modified_time\" content=\"2017-02-01T17:55:16+00:00\" \/>\n<meta property=\"og:image\" content=\"https:\/\/www.estorrent.net\/wp-content\/uploads\/2017\/02\/DSC00242.jpg\" \/>\n\t<meta property=\"og:image:width\" content=\"900\" \/>\n\t<meta property=\"og:image:height\" content=\"675\" \/>\n\t<meta property=\"og:image:type\" content=\"image\/jpeg\" \/>\n<meta name=\"author\" content=\"Xescu\" \/>\n<meta name=\"twitter:card\" content=\"summary_large_image\" \/>\n<meta name=\"twitter:label1\" content=\"Escrit per\" \/>\n\t<meta name=\"twitter:data1\" content=\"Xescu\" \/>\n\t<meta name=\"twitter:label2\" content=\"Temps estimat de lectura\" \/>\n\t<meta name=\"twitter:data2\" content=\"2 minuts\" \/>\n<script type=\"application\/ld+json\" class=\"yoast-schema-graph\">{\"@context\":\"https:\/\/schema.org\",\"@graph\":[{\"@type\":\"Article\",\"@id\":\"https:\/\/www.estorrent.net\/2017\/02\/01\/el-queso-artesano-otro-producto-excepcional-de-ibiza\/#article\",\"isPartOf\":{\"@id\":\"https:\/\/www.estorrent.net\/2017\/02\/01\/el-queso-artesano-otro-producto-excepcional-de-ibiza\/\"},\"author\":{\"name\":\"Xescu\",\"@id\":\"https:\/\/www.estorrent.net\/#\/schema\/person\/3347087d39c6f306963780c3f452bb0a\"},\"headline\":\"El formatge artes\u00e0, un altre producte excepcional d&#8217;Eivissa\",\"datePublished\":\"2017-02-01T17:51:26+00:00\",\"dateModified\":\"2017-02-01T17:55:16+00:00\",\"mainEntityOfPage\":{\"@id\":\"https:\/\/www.estorrent.net\/2017\/02\/01\/el-queso-artesano-otro-producto-excepcional-de-ibiza\/\"},\"wordCount\":494,\"commentCount\":0,\"image\":{\"@id\":\"https:\/\/www.estorrent.net\/2017\/02\/01\/el-queso-artesano-otro-producto-excepcional-de-ibiza\/#primaryimage\"},\"thumbnailUrl\":\"https:\/\/www.estorrent.net\/wp-content\/uploads\/2017\/02\/DSC00242.jpg\",\"keywords\":[\"cocina\",\"gastronom\u00eda\",\"producto local\",\"productos\",\"tradiciones\",\"tradiciones de ibiza\"],\"articleSection\":[\"Gastronom\u00eda\"],\"inLanguage\":\"ca\",\"potentialAction\":[{\"@type\":\"CommentAction\",\"name\":\"Comment\",\"target\":[\"https:\/\/www.estorrent.net\/2017\/02\/01\/el-queso-artesano-otro-producto-excepcional-de-ibiza\/#respond\"]}]},{\"@type\":\"WebPage\",\"@id\":\"https:\/\/www.estorrent.net\/2017\/02\/01\/el-queso-artesano-otro-producto-excepcional-de-ibiza\/\",\"url\":\"https:\/\/www.estorrent.net\/2017\/02\/01\/el-queso-artesano-otro-producto-excepcional-de-ibiza\/\",\"name\":\"El formatge artes\u00e0, un altre producte excepcional d'Eivissa - Restaurante Es Torrent\",\"isPartOf\":{\"@id\":\"https:\/\/www.estorrent.net\/#website\"},\"primaryImageOfPage\":{\"@id\":\"https:\/\/www.estorrent.net\/2017\/02\/01\/el-queso-artesano-otro-producto-excepcional-de-ibiza\/#primaryimage\"},\"image\":{\"@id\":\"https:\/\/www.estorrent.net\/2017\/02\/01\/el-queso-artesano-otro-producto-excepcional-de-ibiza\/#primaryimage\"},\"thumbnailUrl\":\"https:\/\/www.estorrent.net\/wp-content\/uploads\/2017\/02\/DSC00242.jpg\",\"datePublished\":\"2017-02-01T17:51:26+00:00\",\"dateModified\":\"2017-02-01T17:55:16+00:00\",\"author\":{\"@id\":\"https:\/\/www.estorrent.net\/#\/schema\/person\/3347087d39c6f306963780c3f452bb0a\"},\"description\":\"Eivissa, com tots els racons del m\u00f3n que posseeixen una ramaderia de races aut\u00f2ctones, tamb\u00e9 es caracteritza pels seus formatges, singulars i diferents a\",\"breadcrumb\":{\"@id\":\"https:\/\/www.estorrent.net\/2017\/02\/01\/el-queso-artesano-otro-producto-excepcional-de-ibiza\/#breadcrumb\"},\"inLanguage\":\"ca\",\"potentialAction\":[{\"@type\":\"ReadAction\",\"target\":[\"https:\/\/www.estorrent.net\/2017\/02\/01\/el-queso-artesano-otro-producto-excepcional-de-ibiza\/\"]}]},{\"@type\":\"ImageObject\",\"inLanguage\":\"ca\",\"@id\":\"https:\/\/www.estorrent.net\/2017\/02\/01\/el-queso-artesano-otro-producto-excepcional-de-ibiza\/#primaryimage\",\"url\":\"https:\/\/www.estorrent.net\/wp-content\/uploads\/2017\/02\/DSC00242.jpg\",\"contentUrl\":\"https:\/\/www.estorrent.net\/wp-content\/uploads\/2017\/02\/DSC00242.jpg\",\"width\":900,\"height\":675},{\"@type\":\"BreadcrumbList\",\"@id\":\"https:\/\/www.estorrent.net\/2017\/02\/01\/el-queso-artesano-otro-producto-excepcional-de-ibiza\/#breadcrumb\",\"itemListElement\":[{\"@type\":\"ListItem\",\"position\":1,\"name\":\"Portada\",\"item\":\"https:\/\/www.estorrent.net\/\"},{\"@type\":\"ListItem\",\"position\":2,\"name\":\"El formatge artes\u00e0, un altre producte excepcional d&#8217;Eivissa\"}]},{\"@type\":\"WebSite\",\"@id\":\"https:\/\/www.estorrent.net\/#website\",\"url\":\"https:\/\/www.estorrent.net\/\",\"name\":\"Restaurante Es Torrent\",\"description\":\"\",\"potentialAction\":[{\"@type\":\"SearchAction\",\"target\":{\"@type\":\"EntryPoint\",\"urlTemplate\":\"https:\/\/www.estorrent.net\/?s={search_term_string}\"},\"query-input\":{\"@type\":\"PropertyValueSpecification\",\"valueRequired\":true,\"valueName\":\"search_term_string\"}}],\"inLanguage\":\"ca\"},{\"@type\":\"Person\",\"@id\":\"https:\/\/www.estorrent.net\/#\/schema\/person\/3347087d39c6f306963780c3f452bb0a\",\"name\":\"Xescu\",\"image\":{\"@type\":\"ImageObject\",\"inLanguage\":\"ca\",\"@id\":\"https:\/\/www.estorrent.net\/#\/schema\/person\/image\/\",\"url\":\"https:\/\/secure.gravatar.com\/avatar\/d569ee5739a9c7022470ea472c9b4b9cf476e15f1be71e5242c911d673d14ad9?s=96&d=mm&r=g\",\"contentUrl\":\"https:\/\/secure.gravatar.com\/avatar\/d569ee5739a9c7022470ea472c9b4b9cf476e15f1be71e5242c911d673d14ad9?s=96&d=mm&r=g\",\"caption\":\"Xescu\"},\"url\":\"https:\/\/www.estorrent.net\/ca\/author\/xescu\/\"}]}<\/script>\n<!-- \/ Yoast SEO plugin. -->","yoast_head_json":{"title":"El formatge artes\u00e0, un altre producte excepcional d'Eivissa - Restaurante Es Torrent","description":"Eivissa, com tots els racons del m\u00f3n que posseeixen una ramaderia de races aut\u00f2ctones, tamb\u00e9 es caracteritza pels seus formatges, singulars i diferents a","robots":{"index":"index","follow":"follow","max-snippet":"max-snippet:-1","max-image-preview":"max-image-preview:large","max-video-preview":"max-video-preview:-1"},"canonical":"https:\/\/www.estorrent.net\/2017\/02\/01\/el-queso-artesano-otro-producto-excepcional-de-ibiza\/","og_locale":"ca_ES","og_type":"article","og_title":"El formatge artes\u00e0, un altre producte excepcional d'Eivissa - Restaurante Es Torrent","og_description":"Eivissa, com tots els racons del m\u00f3n que posseeixen una ramaderia de races aut\u00f2ctones, tamb\u00e9 es caracteritza pels seus formatges, singulars i diferents a","og_url":"https:\/\/www.estorrent.net\/2017\/02\/01\/el-queso-artesano-otro-producto-excepcional-de-ibiza\/","og_site_name":"Restaurante Es Torrent","article_published_time":"2017-02-01T17:51:26+00:00","article_modified_time":"2017-02-01T17:55:16+00:00","og_image":[{"width":900,"height":675,"url":"https:\/\/www.estorrent.net\/wp-content\/uploads\/2017\/02\/DSC00242.jpg","type":"image\/jpeg"}],"author":"Xescu","twitter_card":"summary_large_image","twitter_misc":{"Escrit per":"Xescu","Temps estimat de lectura":"2 minuts"},"schema":{"@context":"https:\/\/schema.org","@graph":[{"@type":"Article","@id":"https:\/\/www.estorrent.net\/2017\/02\/01\/el-queso-artesano-otro-producto-excepcional-de-ibiza\/#article","isPartOf":{"@id":"https:\/\/www.estorrent.net\/2017\/02\/01\/el-queso-artesano-otro-producto-excepcional-de-ibiza\/"},"author":{"name":"Xescu","@id":"https:\/\/www.estorrent.net\/#\/schema\/person\/3347087d39c6f306963780c3f452bb0a"},"headline":"El formatge artes\u00e0, un altre producte excepcional d&#8217;Eivissa","datePublished":"2017-02-01T17:51:26+00:00","dateModified":"2017-02-01T17:55:16+00:00","mainEntityOfPage":{"@id":"https:\/\/www.estorrent.net\/2017\/02\/01\/el-queso-artesano-otro-producto-excepcional-de-ibiza\/"},"wordCount":494,"commentCount":0,"image":{"@id":"https:\/\/www.estorrent.net\/2017\/02\/01\/el-queso-artesano-otro-producto-excepcional-de-ibiza\/#primaryimage"},"thumbnailUrl":"https:\/\/www.estorrent.net\/wp-content\/uploads\/2017\/02\/DSC00242.jpg","keywords":["cocina","gastronom\u00eda","producto local","productos","tradiciones","tradiciones de ibiza"],"articleSection":["Gastronom\u00eda"],"inLanguage":"ca","potentialAction":[{"@type":"CommentAction","name":"Comment","target":["https:\/\/www.estorrent.net\/2017\/02\/01\/el-queso-artesano-otro-producto-excepcional-de-ibiza\/#respond"]}]},{"@type":"WebPage","@id":"https:\/\/www.estorrent.net\/2017\/02\/01\/el-queso-artesano-otro-producto-excepcional-de-ibiza\/","url":"https:\/\/www.estorrent.net\/2017\/02\/01\/el-queso-artesano-otro-producto-excepcional-de-ibiza\/","name":"El formatge artes\u00e0, un altre producte excepcional d'Eivissa - Restaurante Es Torrent","isPartOf":{"@id":"https:\/\/www.estorrent.net\/#website"},"primaryImageOfPage":{"@id":"https:\/\/www.estorrent.net\/2017\/02\/01\/el-queso-artesano-otro-producto-excepcional-de-ibiza\/#primaryimage"},"image":{"@id":"https:\/\/www.estorrent.net\/2017\/02\/01\/el-queso-artesano-otro-producto-excepcional-de-ibiza\/#primaryimage"},"thumbnailUrl":"https:\/\/www.estorrent.net\/wp-content\/uploads\/2017\/02\/DSC00242.jpg","datePublished":"2017-02-01T17:51:26+00:00","dateModified":"2017-02-01T17:55:16+00:00","author":{"@id":"https:\/\/www.estorrent.net\/#\/schema\/person\/3347087d39c6f306963780c3f452bb0a"},"description":"Eivissa, com tots els racons del m\u00f3n que posseeixen una ramaderia de races aut\u00f2ctones, tamb\u00e9 es caracteritza pels seus formatges, singulars i diferents a","breadcrumb":{"@id":"https:\/\/www.estorrent.net\/2017\/02\/01\/el-queso-artesano-otro-producto-excepcional-de-ibiza\/#breadcrumb"},"inLanguage":"ca","potentialAction":[{"@type":"ReadAction","target":["https:\/\/www.estorrent.net\/2017\/02\/01\/el-queso-artesano-otro-producto-excepcional-de-ibiza\/"]}]},{"@type":"ImageObject","inLanguage":"ca","@id":"https:\/\/www.estorrent.net\/2017\/02\/01\/el-queso-artesano-otro-producto-excepcional-de-ibiza\/#primaryimage","url":"https:\/\/www.estorrent.net\/wp-content\/uploads\/2017\/02\/DSC00242.jpg","contentUrl":"https:\/\/www.estorrent.net\/wp-content\/uploads\/2017\/02\/DSC00242.jpg","width":900,"height":675},{"@type":"BreadcrumbList","@id":"https:\/\/www.estorrent.net\/2017\/02\/01\/el-queso-artesano-otro-producto-excepcional-de-ibiza\/#breadcrumb","itemListElement":[{"@type":"ListItem","position":1,"name":"Portada","item":"https:\/\/www.estorrent.net\/"},{"@type":"ListItem","position":2,"name":"El formatge artes\u00e0, un altre producte excepcional d&#8217;Eivissa"}]},{"@type":"WebSite","@id":"https:\/\/www.estorrent.net\/#website","url":"https:\/\/www.estorrent.net\/","name":"Restaurante Es Torrent","description":"","potentialAction":[{"@type":"SearchAction","target":{"@type":"EntryPoint","urlTemplate":"https:\/\/www.estorrent.net\/?s={search_term_string}"},"query-input":{"@type":"PropertyValueSpecification","valueRequired":true,"valueName":"search_term_string"}}],"inLanguage":"ca"},{"@type":"Person","@id":"https:\/\/www.estorrent.net\/#\/schema\/person\/3347087d39c6f306963780c3f452bb0a","name":"Xescu","image":{"@type":"ImageObject","inLanguage":"ca","@id":"https:\/\/www.estorrent.net\/#\/schema\/person\/image\/","url":"https:\/\/secure.gravatar.com\/avatar\/d569ee5739a9c7022470ea472c9b4b9cf476e15f1be71e5242c911d673d14ad9?s=96&d=mm&r=g","contentUrl":"https:\/\/secure.gravatar.com\/avatar\/d569ee5739a9c7022470ea472c9b4b9cf476e15f1be71e5242c911d673d14ad9?s=96&d=mm&r=g","caption":"Xescu"},"url":"https:\/\/www.estorrent.net\/ca\/author\/xescu\/"}]}},"_links":{"self":[{"href":"https:\/\/www.estorrent.net\/ca\/wp-json\/wp\/v2\/posts\/17115","targetHints":{"allow":["GET"]}}],"collection":[{"href":"https:\/\/www.estorrent.net\/ca\/wp-json\/wp\/v2\/posts"}],"about":[{"href":"https:\/\/www.estorrent.net\/ca\/wp-json\/wp\/v2\/types\/post"}],"author":[{"embeddable":true,"href":"https:\/\/www.estorrent.net\/ca\/wp-json\/wp\/v2\/users\/2"}],"replies":[{"embeddable":true,"href":"https:\/\/www.estorrent.net\/ca\/wp-json\/wp\/v2\/comments?post=17115"}],"version-history":[{"count":2,"href":"https:\/\/www.estorrent.net\/ca\/wp-json\/wp\/v2\/posts\/17115\/revisions"}],"predecessor-version":[{"id":17117,"href":"https:\/\/www.estorrent.net\/ca\/wp-json\/wp\/v2\/posts\/17115\/revisions\/17117"}],"wp:featuredmedia":[{"embeddable":true,"href":"https:\/\/www.estorrent.net\/ca\/wp-json\/wp\/v2\/media\/17107"}],"wp:attachment":[{"href":"https:\/\/www.estorrent.net\/ca\/wp-json\/wp\/v2\/media?parent=17115"}],"wp:term":[{"taxonomy":"category","embeddable":true,"href":"https:\/\/www.estorrent.net\/ca\/wp-json\/wp\/v2\/categories?post=17115"},{"taxonomy":"post_tag","embeddable":true,"href":"https:\/\/www.estorrent.net\/ca\/wp-json\/wp\/v2\/tags?post=17115"}],"curies":[{"name":"wp","href":"https:\/\/api.w.org\/{rel}","templated":true}]}}