{"id":17002,"date":"2016-11-09T14:18:32","date_gmt":"2016-11-09T14:18:32","guid":{"rendered":"https:\/\/www.estorrent.net\/2016\/11\/09\/joselito-el-dom-perignon-del-jamon-iberico-2\/"},"modified":"2016-11-09T14:26:38","modified_gmt":"2016-11-09T14:26:38","slug":"joselito-el-dom-perignon-del-pernil-iberic","status":"publish","type":"post","link":"https:\/\/www.estorrent.net\/ca\/2016\/11\/09\/joselito-el-dom-perignon-del-pernil-iberic\/","title":{"rendered":"Joselito, el Dom P\u00e9rignon del pernil ib\u00e8ric"},"content":{"rendered":"<p>Ja ho diem clarament a la web: \u201cEstimem el producte eivissenc per sobre de totes les coses, per\u00f2 no som talibans ni li donem l\u2019esquena a un bon \u2018Joselito\u201d. Amb aix\u00f2 volem dir que en Es Torrent els productes de la nostra gastronomia constitueixen l\u2019epicentre de la nostra carta marinera, per\u00f2 no renunciem a les meravelles d\u2019altres llocs, des de les ostres Gillardeau a les clo\u00efsses de Carril, passant pel qual alguns defineixen com \u201cel Dom P\u00e9rignon dels ib\u00e8rics\u201d: el pernil <a href=\"https:\/\/www.joselito.com\">Joselito<\/a>.<\/p>\n<p>Xico Sala, el fundador d\u2019Es Torrent, \u00e9s el tallador oficial del restaurant. Tots els dies, quan torna del mercat, passa una estona llarga amb el ganivet entre les mans, tallant rodanxes de Joselito Gran Reserva sense pressa. Constitueix un producte extraordinari que els nostres clients aprecien i ens reclamen constantment.<\/p>\n<p><a href=\"https:\/\/www.estorrent.net\/wp-content\/uploads\/2016\/11\/joselito3.jpg\" rel=\"lightbox[17002]\"><img loading=\"lazy\" decoding=\"async\" class=\"alignnone size-full wp-image-16994\" src=\"https:\/\/www.estorrent.net\/wp-content\/uploads\/2016\/11\/joselito3.jpg\" alt=\"joselito3\" width=\"900\" height=\"602\" srcset=\"https:\/\/www.estorrent.net\/wp-content\/uploads\/2016\/11\/joselito3.jpg 900w, https:\/\/www.estorrent.net\/wp-content\/uploads\/2016\/11\/joselito3-300x201.jpg 300w, https:\/\/www.estorrent.net\/wp-content\/uploads\/2016\/11\/joselito3-700x468.jpg 700w\" sizes=\"auto, (max-width: 900px) 100vw, 900px\" \/><\/a><\/p>\n<p>Diu Ferran Adri\u00e0 que \u201cJoselito \u00e9s un pernil \u00fanic i perfecte, una inspiraci\u00f3 constant per tots els que estimem la gastronomia\u201d. El m\u00e9s fam\u00f3s cr\u00edtic de vins, el nord-americ\u00e0 Robert Parker, afegeix que \u201cJoselito \u00e9s el tresor culinari m\u00e9s gran d\u2019Espanya i un dels m\u00e9s importants del m\u00f3n\u201d. La hist\u00f2ria de Joselito, no obstant aix\u00f2, \u00e9s molt llarga. L&#8217;empresa va n\u00e9ixer en 1868 en Guijuelo (Salamanca), de la m\u00e0 d\u2019Eugenio G\u00f3mez, reg\u00fcelo de l\u2019actual propietari, Jos\u00e9 G\u00f3mez \u2013al que ens enorgulleix tenir com a client\u2013.<\/p>\n<p>Per\u00f2 \u00e9s en aquestes \u00faltimes d\u00e8cades quan Joselito s\u2019ha fet un nom al m\u00f3n. Els assecadors estan situats a Guijuelo, per\u00f2 les deveses de crian\u00e7a es reparteixen per Salamanca, Extremadura, Andalusia i fins i tot Portugal, a la frontera. M\u00e9s de 170.000 hect\u00e0rees repletes de sureres i alzines, que produeixen tones de gles. Joselito planta tots els anys 80.000 arbres d\u2019aquestes varietats en les seves finques.<\/p>\n<p><a href=\"https:\/\/www.estorrent.net\/wp-content\/uploads\/2016\/11\/joselito1.jpg\" rel=\"lightbox[17002]\"><img loading=\"lazy\" decoding=\"async\" class=\"alignnone size-full wp-image-16988\" src=\"https:\/\/www.estorrent.net\/wp-content\/uploads\/2016\/11\/joselito1.jpg\" alt=\"joselito1\" width=\"900\" height=\"602\" srcset=\"https:\/\/www.estorrent.net\/wp-content\/uploads\/2016\/11\/joselito1.jpg 900w, https:\/\/www.estorrent.net\/wp-content\/uploads\/2016\/11\/joselito1-300x201.jpg 300w, https:\/\/www.estorrent.net\/wp-content\/uploads\/2016\/11\/joselito1-700x468.jpg 700w\" sizes=\"auto, (max-width: 900px) 100vw, 900px\" \/><\/a><\/p>\n<p>El proc\u00e9s de fabricaci\u00f3 comen\u00e7a pels dos anys que l\u2019animal corre lliure per aquests territoris, on disposa d\u2019una mitjana de 3 hect\u00e0rees per a si mateix, per cr\u00e9ixer en llibertat i c\u00f3rrer a la recerca d\u2019aigua i aliment. Durant uns mesos s\u2019alimenta de cereals i pastures. Amb la \u201cmontanera\u201d, d\u2019octubre a mar\u00e7, passa a menjar exclusivament gles. Cada animal gaudeix de, almenys, dos \u201cmontaneras\u201d. En aconseguir un pes d\u2019entre 170-190 quilos, s\u00f3n sacrificats (uns 45.000 exemplars a l\u2019any), entre gener i mar\u00e7. A continuaci\u00f3 els pernils se sotmeten a un minuci\u00f3s proc\u00e9s de salat, que permet que el mineral penetri lentament en la carn durant uns nou dies. Despr\u00e9s comen\u00e7a un proc\u00e9s de maduraci\u00f3 d\u2019uns 36 mesos, en els assecadors i cellers naturals de Guijuelo, amb una humitat d\u2019entre el 60 i el 80% i una temperatura d\u2019entre 14 i 18 graus.<\/p>\n<p>El resultat: el millor pernil del m\u00f3n. Es caracteritza per la seva pala fina, el seu greix, de consist\u00e8ncia tova i untuosa, i la seva carn, amb infiltracions de greix amb vetes brillants. Joselito est\u00e0 en el 90% dels restaurants amb dos i tres estrelles Michel\u00edn del m\u00f3n i, per descomptat, mai falta en Es Torrent.<\/p>\n<p><a href=\"https:\/\/www.estorrent.net\/wp-content\/uploads\/2016\/11\/joselito4.jpg\" rel=\"lightbox[17002]\"><img loading=\"lazy\" decoding=\"async\" class=\"alignnone size-full wp-image-16997\" src=\"https:\/\/www.estorrent.net\/wp-content\/uploads\/2016\/11\/joselito4.jpg\" alt=\"joselito4\" width=\"900\" height=\"602\" srcset=\"https:\/\/www.estorrent.net\/wp-content\/uploads\/2016\/11\/joselito4.jpg 900w, https:\/\/www.estorrent.net\/wp-content\/uploads\/2016\/11\/joselito4-300x201.jpg 300w, https:\/\/www.estorrent.net\/wp-content\/uploads\/2016\/11\/joselito4-700x468.jpg 700w\" sizes=\"auto, (max-width: 900px) 100vw, 900px\" \/><\/a><\/p>\n","protected":false},"excerpt":{"rendered":"<p>Ja ho diem clarament a la web: \u201cEstimem el producte eivissenc per sobre de totes les coses, per\u00f2 no som talibans ni li donem l\u2019esquena a un bon \u2018Joselito\u201d. Amb aix\u00f2 volem dir que en Es Torrent els productes de la nostra gastronomia constitueixen l\u2019epicentre de la nostra carta marinera, per\u00f2 no renunciem a les meravelles d\u2019altres llocs, des de&#8230;<\/p>\n","protected":false},"author":2,"featured_media":16993,"comment_status":"open","ping_status":"open","sticky":false,"template":"","format":"standard","meta":{"footnotes":""},"categories":[103],"tags":[112,146,147,148],"class_list":["post-17002","post","type-post","status-publish","format-standard","has-post-thumbnail","hentry","category-gastronomia-ca","tag-gastronomia-ca","tag-jamon-iberico-ca","tag-joselito-ca","tag-pernil-iberic"],"yoast_head":"<!-- This site is optimized with the Yoast SEO plugin v26.7 - https:\/\/yoast.com\/wordpress\/plugins\/seo\/ -->\n<title>Joselito, el Dom P\u00e9rignon del pernil ib\u00e8ric - Restaurante Es Torrent<\/title>\n<meta name=\"description\" content=\"Ja ho diem clarament a la web: \u201cEstimem el producte eivissenc per sobre de totes les coses, per\u00f2 no som talibans ni li donem l\u2019esquena a un bon\" \/>\n<meta name=\"robots\" content=\"index, follow, max-snippet:-1, max-image-preview:large, max-video-preview:-1\" \/>\n<link rel=\"canonical\" href=\"https:\/\/www.estorrent.net\/2016\/11\/09\/joselito-el-dom-perignon-del-jamon-iberico\/\" \/>\n<meta property=\"og:locale\" content=\"ca_ES\" \/>\n<meta property=\"og:type\" content=\"article\" \/>\n<meta property=\"og:title\" content=\"Joselito, el Dom P\u00e9rignon del pernil ib\u00e8ric - Restaurante Es Torrent\" \/>\n<meta property=\"og:description\" content=\"Ja ho diem clarament a la web: \u201cEstimem el producte eivissenc per sobre de totes les coses, per\u00f2 no som talibans ni li donem l\u2019esquena a un bon\" \/>\n<meta property=\"og:url\" content=\"https:\/\/www.estorrent.net\/2016\/11\/09\/joselito-el-dom-perignon-del-jamon-iberico\/\" \/>\n<meta property=\"og:site_name\" content=\"Restaurante Es Torrent\" \/>\n<meta property=\"article:published_time\" content=\"2016-11-09T14:18:32+00:00\" \/>\n<meta property=\"article:modified_time\" content=\"2016-11-09T14:26:38+00:00\" \/>\n<meta property=\"og:image\" content=\"https:\/\/www.estorrent.net\/wp-content\/uploads\/2016\/11\/joselito2.jpg\" \/>\n\t<meta property=\"og:image:width\" content=\"900\" \/>\n\t<meta property=\"og:image:height\" content=\"602\" \/>\n\t<meta property=\"og:image:type\" content=\"image\/jpeg\" \/>\n<meta name=\"author\" content=\"Xescu\" \/>\n<meta name=\"twitter:card\" content=\"summary_large_image\" \/>\n<meta name=\"twitter:label1\" content=\"Escrit per\" \/>\n\t<meta name=\"twitter:data1\" content=\"Xescu\" \/>\n\t<meta name=\"twitter:label2\" content=\"Temps estimat de lectura\" \/>\n\t<meta name=\"twitter:data2\" content=\"3 minuts\" \/>\n<script type=\"application\/ld+json\" class=\"yoast-schema-graph\">{\"@context\":\"https:\/\/schema.org\",\"@graph\":[{\"@type\":\"Article\",\"@id\":\"https:\/\/www.estorrent.net\/2016\/11\/09\/joselito-el-dom-perignon-del-jamon-iberico\/#article\",\"isPartOf\":{\"@id\":\"https:\/\/www.estorrent.net\/2016\/11\/09\/joselito-el-dom-perignon-del-jamon-iberico\/\"},\"author\":{\"name\":\"Xescu\",\"@id\":\"https:\/\/www.estorrent.net\/#\/schema\/person\/3347087d39c6f306963780c3f452bb0a\"},\"headline\":\"Joselito, el Dom P\u00e9rignon del pernil ib\u00e8ric\",\"datePublished\":\"2016-11-09T14:18:32+00:00\",\"dateModified\":\"2016-11-09T14:26:38+00:00\",\"mainEntityOfPage\":{\"@id\":\"https:\/\/www.estorrent.net\/2016\/11\/09\/joselito-el-dom-perignon-del-jamon-iberico\/\"},\"wordCount\":533,\"commentCount\":0,\"image\":{\"@id\":\"https:\/\/www.estorrent.net\/2016\/11\/09\/joselito-el-dom-perignon-del-jamon-iberico\/#primaryimage\"},\"thumbnailUrl\":\"https:\/\/www.estorrent.net\/wp-content\/uploads\/2016\/11\/joselito2.jpg\",\"keywords\":[\"gastronom\u00eda\",\"Jam\u00f3n Ib\u00e9rico\",\"Joselito\",\"pernil ib\u00e8ric\"],\"articleSection\":[\"Gastronom\u00eda\"],\"inLanguage\":\"ca\",\"potentialAction\":[{\"@type\":\"CommentAction\",\"name\":\"Comment\",\"target\":[\"https:\/\/www.estorrent.net\/2016\/11\/09\/joselito-el-dom-perignon-del-jamon-iberico\/#respond\"]}]},{\"@type\":\"WebPage\",\"@id\":\"https:\/\/www.estorrent.net\/2016\/11\/09\/joselito-el-dom-perignon-del-jamon-iberico\/\",\"url\":\"https:\/\/www.estorrent.net\/2016\/11\/09\/joselito-el-dom-perignon-del-jamon-iberico\/\",\"name\":\"Joselito, el Dom P\u00e9rignon del pernil ib\u00e8ric - Restaurante Es Torrent\",\"isPartOf\":{\"@id\":\"https:\/\/www.estorrent.net\/#website\"},\"primaryImageOfPage\":{\"@id\":\"https:\/\/www.estorrent.net\/2016\/11\/09\/joselito-el-dom-perignon-del-jamon-iberico\/#primaryimage\"},\"image\":{\"@id\":\"https:\/\/www.estorrent.net\/2016\/11\/09\/joselito-el-dom-perignon-del-jamon-iberico\/#primaryimage\"},\"thumbnailUrl\":\"https:\/\/www.estorrent.net\/wp-content\/uploads\/2016\/11\/joselito2.jpg\",\"datePublished\":\"2016-11-09T14:18:32+00:00\",\"dateModified\":\"2016-11-09T14:26:38+00:00\",\"author\":{\"@id\":\"https:\/\/www.estorrent.net\/#\/schema\/person\/3347087d39c6f306963780c3f452bb0a\"},\"description\":\"Ja ho diem clarament a la web: \u201cEstimem el producte eivissenc per sobre de totes les coses, per\u00f2 no som talibans ni li donem l\u2019esquena a un bon\",\"breadcrumb\":{\"@id\":\"https:\/\/www.estorrent.net\/2016\/11\/09\/joselito-el-dom-perignon-del-jamon-iberico\/#breadcrumb\"},\"inLanguage\":\"ca\",\"potentialAction\":[{\"@type\":\"ReadAction\",\"target\":[\"https:\/\/www.estorrent.net\/2016\/11\/09\/joselito-el-dom-perignon-del-jamon-iberico\/\"]}]},{\"@type\":\"ImageObject\",\"inLanguage\":\"ca\",\"@id\":\"https:\/\/www.estorrent.net\/2016\/11\/09\/joselito-el-dom-perignon-del-jamon-iberico\/#primaryimage\",\"url\":\"https:\/\/www.estorrent.net\/wp-content\/uploads\/2016\/11\/joselito2.jpg\",\"contentUrl\":\"https:\/\/www.estorrent.net\/wp-content\/uploads\/2016\/11\/joselito2.jpg\",\"width\":900,\"height\":602},{\"@type\":\"BreadcrumbList\",\"@id\":\"https:\/\/www.estorrent.net\/2016\/11\/09\/joselito-el-dom-perignon-del-jamon-iberico\/#breadcrumb\",\"itemListElement\":[{\"@type\":\"ListItem\",\"position\":1,\"name\":\"Portada\",\"item\":\"https:\/\/www.estorrent.net\/\"},{\"@type\":\"ListItem\",\"position\":2,\"name\":\"Joselito, el Dom P\u00e9rignon del pernil ib\u00e8ric\"}]},{\"@type\":\"WebSite\",\"@id\":\"https:\/\/www.estorrent.net\/#website\",\"url\":\"https:\/\/www.estorrent.net\/\",\"name\":\"Restaurante Es Torrent\",\"description\":\"\",\"potentialAction\":[{\"@type\":\"SearchAction\",\"target\":{\"@type\":\"EntryPoint\",\"urlTemplate\":\"https:\/\/www.estorrent.net\/?s={search_term_string}\"},\"query-input\":{\"@type\":\"PropertyValueSpecification\",\"valueRequired\":true,\"valueName\":\"search_term_string\"}}],\"inLanguage\":\"ca\"},{\"@type\":\"Person\",\"@id\":\"https:\/\/www.estorrent.net\/#\/schema\/person\/3347087d39c6f306963780c3f452bb0a\",\"name\":\"Xescu\",\"image\":{\"@type\":\"ImageObject\",\"inLanguage\":\"ca\",\"@id\":\"https:\/\/www.estorrent.net\/#\/schema\/person\/image\/\",\"url\":\"https:\/\/secure.gravatar.com\/avatar\/d569ee5739a9c7022470ea472c9b4b9cf476e15f1be71e5242c911d673d14ad9?s=96&d=mm&r=g\",\"contentUrl\":\"https:\/\/secure.gravatar.com\/avatar\/d569ee5739a9c7022470ea472c9b4b9cf476e15f1be71e5242c911d673d14ad9?s=96&d=mm&r=g\",\"caption\":\"Xescu\"},\"url\":\"https:\/\/www.estorrent.net\/ca\/author\/xescu\/\"}]}<\/script>\n<!-- \/ Yoast SEO plugin. -->","yoast_head_json":{"title":"Joselito, el Dom P\u00e9rignon del pernil ib\u00e8ric - Restaurante Es Torrent","description":"Ja ho diem clarament a la web: \u201cEstimem el producte eivissenc per sobre de totes les coses, per\u00f2 no som talibans ni li donem l\u2019esquena a un bon","robots":{"index":"index","follow":"follow","max-snippet":"max-snippet:-1","max-image-preview":"max-image-preview:large","max-video-preview":"max-video-preview:-1"},"canonical":"https:\/\/www.estorrent.net\/2016\/11\/09\/joselito-el-dom-perignon-del-jamon-iberico\/","og_locale":"ca_ES","og_type":"article","og_title":"Joselito, el Dom P\u00e9rignon del pernil ib\u00e8ric - Restaurante Es Torrent","og_description":"Ja ho diem clarament a la web: \u201cEstimem el producte eivissenc per sobre de totes les coses, per\u00f2 no som talibans ni li donem l\u2019esquena a un bon","og_url":"https:\/\/www.estorrent.net\/2016\/11\/09\/joselito-el-dom-perignon-del-jamon-iberico\/","og_site_name":"Restaurante Es Torrent","article_published_time":"2016-11-09T14:18:32+00:00","article_modified_time":"2016-11-09T14:26:38+00:00","og_image":[{"width":900,"height":602,"url":"https:\/\/www.estorrent.net\/wp-content\/uploads\/2016\/11\/joselito2.jpg","type":"image\/jpeg"}],"author":"Xescu","twitter_card":"summary_large_image","twitter_misc":{"Escrit per":"Xescu","Temps estimat de lectura":"3 minuts"},"schema":{"@context":"https:\/\/schema.org","@graph":[{"@type":"Article","@id":"https:\/\/www.estorrent.net\/2016\/11\/09\/joselito-el-dom-perignon-del-jamon-iberico\/#article","isPartOf":{"@id":"https:\/\/www.estorrent.net\/2016\/11\/09\/joselito-el-dom-perignon-del-jamon-iberico\/"},"author":{"name":"Xescu","@id":"https:\/\/www.estorrent.net\/#\/schema\/person\/3347087d39c6f306963780c3f452bb0a"},"headline":"Joselito, el Dom P\u00e9rignon del pernil ib\u00e8ric","datePublished":"2016-11-09T14:18:32+00:00","dateModified":"2016-11-09T14:26:38+00:00","mainEntityOfPage":{"@id":"https:\/\/www.estorrent.net\/2016\/11\/09\/joselito-el-dom-perignon-del-jamon-iberico\/"},"wordCount":533,"commentCount":0,"image":{"@id":"https:\/\/www.estorrent.net\/2016\/11\/09\/joselito-el-dom-perignon-del-jamon-iberico\/#primaryimage"},"thumbnailUrl":"https:\/\/www.estorrent.net\/wp-content\/uploads\/2016\/11\/joselito2.jpg","keywords":["gastronom\u00eda","Jam\u00f3n Ib\u00e9rico","Joselito","pernil ib\u00e8ric"],"articleSection":["Gastronom\u00eda"],"inLanguage":"ca","potentialAction":[{"@type":"CommentAction","name":"Comment","target":["https:\/\/www.estorrent.net\/2016\/11\/09\/joselito-el-dom-perignon-del-jamon-iberico\/#respond"]}]},{"@type":"WebPage","@id":"https:\/\/www.estorrent.net\/2016\/11\/09\/joselito-el-dom-perignon-del-jamon-iberico\/","url":"https:\/\/www.estorrent.net\/2016\/11\/09\/joselito-el-dom-perignon-del-jamon-iberico\/","name":"Joselito, el Dom P\u00e9rignon del pernil ib\u00e8ric - Restaurante Es Torrent","isPartOf":{"@id":"https:\/\/www.estorrent.net\/#website"},"primaryImageOfPage":{"@id":"https:\/\/www.estorrent.net\/2016\/11\/09\/joselito-el-dom-perignon-del-jamon-iberico\/#primaryimage"},"image":{"@id":"https:\/\/www.estorrent.net\/2016\/11\/09\/joselito-el-dom-perignon-del-jamon-iberico\/#primaryimage"},"thumbnailUrl":"https:\/\/www.estorrent.net\/wp-content\/uploads\/2016\/11\/joselito2.jpg","datePublished":"2016-11-09T14:18:32+00:00","dateModified":"2016-11-09T14:26:38+00:00","author":{"@id":"https:\/\/www.estorrent.net\/#\/schema\/person\/3347087d39c6f306963780c3f452bb0a"},"description":"Ja ho diem clarament a la web: \u201cEstimem el producte eivissenc per sobre de totes les coses, per\u00f2 no som talibans ni li donem l\u2019esquena a un bon","breadcrumb":{"@id":"https:\/\/www.estorrent.net\/2016\/11\/09\/joselito-el-dom-perignon-del-jamon-iberico\/#breadcrumb"},"inLanguage":"ca","potentialAction":[{"@type":"ReadAction","target":["https:\/\/www.estorrent.net\/2016\/11\/09\/joselito-el-dom-perignon-del-jamon-iberico\/"]}]},{"@type":"ImageObject","inLanguage":"ca","@id":"https:\/\/www.estorrent.net\/2016\/11\/09\/joselito-el-dom-perignon-del-jamon-iberico\/#primaryimage","url":"https:\/\/www.estorrent.net\/wp-content\/uploads\/2016\/11\/joselito2.jpg","contentUrl":"https:\/\/www.estorrent.net\/wp-content\/uploads\/2016\/11\/joselito2.jpg","width":900,"height":602},{"@type":"BreadcrumbList","@id":"https:\/\/www.estorrent.net\/2016\/11\/09\/joselito-el-dom-perignon-del-jamon-iberico\/#breadcrumb","itemListElement":[{"@type":"ListItem","position":1,"name":"Portada","item":"https:\/\/www.estorrent.net\/"},{"@type":"ListItem","position":2,"name":"Joselito, el Dom P\u00e9rignon del pernil ib\u00e8ric"}]},{"@type":"WebSite","@id":"https:\/\/www.estorrent.net\/#website","url":"https:\/\/www.estorrent.net\/","name":"Restaurante Es Torrent","description":"","potentialAction":[{"@type":"SearchAction","target":{"@type":"EntryPoint","urlTemplate":"https:\/\/www.estorrent.net\/?s={search_term_string}"},"query-input":{"@type":"PropertyValueSpecification","valueRequired":true,"valueName":"search_term_string"}}],"inLanguage":"ca"},{"@type":"Person","@id":"https:\/\/www.estorrent.net\/#\/schema\/person\/3347087d39c6f306963780c3f452bb0a","name":"Xescu","image":{"@type":"ImageObject","inLanguage":"ca","@id":"https:\/\/www.estorrent.net\/#\/schema\/person\/image\/","url":"https:\/\/secure.gravatar.com\/avatar\/d569ee5739a9c7022470ea472c9b4b9cf476e15f1be71e5242c911d673d14ad9?s=96&d=mm&r=g","contentUrl":"https:\/\/secure.gravatar.com\/avatar\/d569ee5739a9c7022470ea472c9b4b9cf476e15f1be71e5242c911d673d14ad9?s=96&d=mm&r=g","caption":"Xescu"},"url":"https:\/\/www.estorrent.net\/ca\/author\/xescu\/"}]}},"_links":{"self":[{"href":"https:\/\/www.estorrent.net\/ca\/wp-json\/wp\/v2\/posts\/17002","targetHints":{"allow":["GET"]}}],"collection":[{"href":"https:\/\/www.estorrent.net\/ca\/wp-json\/wp\/v2\/posts"}],"about":[{"href":"https:\/\/www.estorrent.net\/ca\/wp-json\/wp\/v2\/types\/post"}],"author":[{"embeddable":true,"href":"https:\/\/www.estorrent.net\/ca\/wp-json\/wp\/v2\/users\/2"}],"replies":[{"embeddable":true,"href":"https:\/\/www.estorrent.net\/ca\/wp-json\/wp\/v2\/comments?post=17002"}],"version-history":[{"count":3,"href":"https:\/\/www.estorrent.net\/ca\/wp-json\/wp\/v2\/posts\/17002\/revisions"}],"predecessor-version":[{"id":17005,"href":"https:\/\/www.estorrent.net\/ca\/wp-json\/wp\/v2\/posts\/17002\/revisions\/17005"}],"wp:featuredmedia":[{"embeddable":true,"href":"https:\/\/www.estorrent.net\/ca\/wp-json\/wp\/v2\/media\/16993"}],"wp:attachment":[{"href":"https:\/\/www.estorrent.net\/ca\/wp-json\/wp\/v2\/media?parent=17002"}],"wp:term":[{"taxonomy":"category","embeddable":true,"href":"https:\/\/www.estorrent.net\/ca\/wp-json\/wp\/v2\/categories?post=17002"},{"taxonomy":"post_tag","embeddable":true,"href":"https:\/\/www.estorrent.net\/ca\/wp-json\/wp\/v2\/tags?post=17002"}],"curies":[{"name":"wp","href":"https:\/\/api.w.org\/{rel}","templated":true}]}}