{"id":16773,"date":"2016-03-11T16:32:57","date_gmt":"2016-03-11T16:32:57","guid":{"rendered":"https:\/\/www.estorrent.net\/2016\/03\/11\/cocina-ibicenca-de-semana-santa-2\/"},"modified":"2016-03-11T16:38:13","modified_gmt":"2016-03-11T16:38:13","slug":"cuina-eivissenca-de-setmana-santa","status":"publish","type":"post","link":"https:\/\/www.estorrent.net\/ca\/2016\/03\/11\/cuina-eivissenca-de-setmana-santa\/","title":{"rendered":"Cuina eivissenca de Setmana Santa"},"content":{"rendered":"<p class=\"p1\">Al nostre pa\u00eds, la cuina de Setmana Santa constitueix un g\u00e8nere en si mateixa i alguns plats es gaudeixen tant que han acabat cuinant-se tot l&#8217;any. Entre ells les famoses \u2018torrijas\u2019, els \u2018pesti\u00f1os\u2019, la mona de Pasqua, el \u2018potaje de vig\u00edlia\u2019 o els bunyols de bacall\u00e0, per citar alguns dels m\u00e9s coneguts. Eivissa tamb\u00e9 t\u00e9 els seus plats t\u00edpics de Setmana Santa i entre ells destaquen dos que constitueixen aut\u00e8ntics s\u00edmbols de l&#8217;originalitat gastron\u00f2mica de la illa: el cuinat i el fla\u00f3.<\/p>\n<p class=\"p1\">La Setmana Santa ve marcada per la tradici\u00f3 cat\u00f2lica de la Corema, que \u00e9s un per\u00edode de reflexi\u00f3 i abstin\u00e8ncia en la ingesta de carn, la qual cosa, com no podria ser d&#8217;una altra manera, ha tingut importants conseq\u00fc\u00e8ncies gastron\u00f2miques. Tamb\u00e9 a Eivissa, que va tornar a ser territori cristi\u00e0 al segle XIII, despr\u00e9s de la reconquesta de la illa a les mans dels catalans. D&#8217;aquesta tradici\u00f3 irromp una recepta extraordin\u00e0ria que nom\u00e9s es gaudeix en aquesta \u00e8poca, ja que bona part del g\u00e8nere que requereix \u00e9s silvestre i \u00fanicament pot recol\u00b7lectar-se quan \u00e9s a punt d&#8217;arrencar la primavera.<\/p>\n<p class=\"p1\"><a href=\"https:\/\/www.estorrent.net\/wp-content\/uploads\/2016\/03\/P1300197.jpg\" rel=\"lightbox[16773]\"><img loading=\"lazy\" decoding=\"async\" class=\"alignnone size-full wp-image-16767\" src=\"https:\/\/www.estorrent.net\/wp-content\/uploads\/2016\/03\/P1300197.jpg\" alt=\"P1300197\" width=\"900\" height=\"601\" srcset=\"https:\/\/www.estorrent.net\/wp-content\/uploads\/2016\/03\/P1300197.jpg 900w, https:\/\/www.estorrent.net\/wp-content\/uploads\/2016\/03\/P1300197-300x200.jpg 300w, https:\/\/www.estorrent.net\/wp-content\/uploads\/2016\/03\/P1300197-700x467.jpg 700w\" sizes=\"auto, (max-width: 900px) 100vw, 900px\" \/><\/a><\/p>\n<p class=\"p1\">Es tracta del cuinat, el nostre singular potatge vegetari\u00e0, a for\u00e7a de verdures, herbes i llegums. Es cuina molt lentament en una gran olla, fins que adquireix un sabor molt intens, diferent a qualsevol un altre que s&#8217;hagi provat. Dies abans de Setmana Santa, la gent de l&#8217;Eivissa rural surt al camp a buscar verdura (<i>Silene Vulgaris<\/i>, tamb\u00e9 coneguda com \u2018colleja\u2019 en algunes zones d&#8217;Espanya). Requereix moltes hores de treball ja que a la localitzaci\u00f3 i recol\u00b7lecci\u00f3 de les plantes s\u2019afegeix la selecci\u00f3 de les seves petites fulles. Aquestes es trossegen i bullen lentament amb bledes, guixes, faves seques i herbasana en quantitat. Ja en el plat es condimenten amb oli d&#8217;oliva cru i, qui vulgui, pell de llim\u00f3 rallada. \u00c9s el plat t\u00edpic que les fam\u00edlies eivissenques gaudeixen el Dijous i el Divendres Sant. De fet, \u00e9s tradici\u00f3 preparar-ho en quantitat perqu\u00e8 hi hagi suficient per als dos dies.<\/p>\n<p class=\"p1\">La resta de la Corema, els eivissencos solen menjar molta verdura i llegums, arrossos i plats de peix, i solen evitar els embotits i la carn. En l&#8217;actualitat molts bromegen amb el fet que privar-se de la carn a canvi de gaudir d&#8217;un bon bullit de peix \u00e9s un sacrifici que estan disposats a acceptar de bon grat.<\/p>\n<p class=\"p1\">Aix\u00ed s&#8217;arriba fins al diumenge de Pasqua, moment en qu\u00e8 se celebra la fi de la Corema amb un homenatge que inclou carn en abund\u00e0ncia. El plat festiu per excel\u00b7l\u00e8ncia, tamb\u00e9 en Nadal o altres celebracions, \u00e9s el sofrit pag\u00e8s, que porta diferents tipus de carn, sobrassada, botifarra, patates, verdures i un bon sofregit. Hi ha qui prefereix substituir-ho per un bullit de carn (carn amb verdura i fulles de col) o un bullit d\u2019\u00f3ssos amb col (ossos salats de porc de la matan\u00e7a). I al final, el dol\u00e7 de Setmana Santa per excel\u00b7l\u00e8ncia: fla\u00f3, el nostre past\u00eds de formatge fresc i herbasana t\u00edpic de la illa, amb clares reminisc\u00e8ncies \u00e0rabs. Bon profit!<\/p>\n<p class=\"p4\"><a href=\"https:\/\/www.estorrent.net\/wp-content\/uploads\/2016\/03\/P1290806.jpg\" rel=\"lightbox[16773]\"><img loading=\"lazy\" decoding=\"async\" class=\"alignnone size-full wp-image-16761\" src=\"https:\/\/www.estorrent.net\/wp-content\/uploads\/2016\/03\/P1290806.jpg\" alt=\"P1290806\" width=\"900\" height=\"601\" srcset=\"https:\/\/www.estorrent.net\/wp-content\/uploads\/2016\/03\/P1290806.jpg 900w, https:\/\/www.estorrent.net\/wp-content\/uploads\/2016\/03\/P1290806-300x200.jpg 300w, https:\/\/www.estorrent.net\/wp-content\/uploads\/2016\/03\/P1290806-700x467.jpg 700w\" sizes=\"auto, (max-width: 900px) 100vw, 900px\" \/><\/a><\/p>\n","protected":false},"excerpt":{"rendered":"<p>Al nostre pa\u00eds, la cuina de Setmana Santa constitueix un g\u00e8nere en si mateixa i alguns plats es gaudeixen tant que han acabat cuinant-se tot l&#8217;any. Entre ells les famoses \u2018torrijas\u2019, els \u2018pesti\u00f1os\u2019, la mona de Pasqua, el \u2018potaje de vig\u00edlia\u2019 o els bunyols de bacall\u00e0, per citar alguns dels m\u00e9s coneguts. Eivissa tamb\u00e9 t\u00e9 els seus plats t\u00edpics de&#8230;<\/p>\n","protected":false},"author":2,"featured_media":16765,"comment_status":"open","ping_status":"open","sticky":false,"template":"","format":"standard","meta":{"footnotes":""},"categories":[103],"tags":[],"class_list":["post-16773","post","type-post","status-publish","format-standard","has-post-thumbnail","hentry","category-gastronomia-ca"],"yoast_head":"<!-- This site is optimized with the Yoast SEO plugin v26.7 - https:\/\/yoast.com\/wordpress\/plugins\/seo\/ -->\n<title>Cuina eivissenca de Setmana Santa - Restaurante Es Torrent<\/title>\n<meta name=\"description\" content=\"Al nostre pa\u00eds, la cuina de Setmana Santa constitueix un g\u00e8nere en si mateixa i alguns plats es gaudeixen tant que han acabat cuinant-se tot l&#039;any. Entre\" \/>\n<meta name=\"robots\" content=\"index, follow, max-snippet:-1, max-image-preview:large, max-video-preview:-1\" \/>\n<link rel=\"canonical\" href=\"https:\/\/www.estorrent.net\/2016\/03\/11\/cocina-ibicenca-de-semana-santa\/\" \/>\n<meta property=\"og:locale\" content=\"ca_ES\" \/>\n<meta property=\"og:type\" content=\"article\" \/>\n<meta property=\"og:title\" content=\"Cuina eivissenca de Setmana Santa - Restaurante Es Torrent\" \/>\n<meta property=\"og:description\" content=\"Al nostre pa\u00eds, la cuina de Setmana Santa constitueix un g\u00e8nere en si mateixa i alguns plats es gaudeixen tant que han acabat cuinant-se tot l&#039;any. Entre\" \/>\n<meta property=\"og:url\" content=\"https:\/\/www.estorrent.net\/2016\/03\/11\/cocina-ibicenca-de-semana-santa\/\" \/>\n<meta property=\"og:site_name\" content=\"Restaurante Es Torrent\" \/>\n<meta property=\"article:published_time\" content=\"2016-03-11T16:32:57+00:00\" \/>\n<meta property=\"article:modified_time\" content=\"2016-03-11T16:38:13+00:00\" \/>\n<meta property=\"og:image\" content=\"https:\/\/www.estorrent.net\/wp-content\/uploads\/2016\/03\/P1300153.jpg\" \/>\n\t<meta property=\"og:image:width\" content=\"900\" \/>\n\t<meta property=\"og:image:height\" content=\"601\" \/>\n\t<meta property=\"og:image:type\" content=\"image\/jpeg\" \/>\n<meta name=\"author\" content=\"Xescu\" \/>\n<meta name=\"twitter:card\" content=\"summary_large_image\" \/>\n<meta name=\"twitter:label1\" content=\"Escrit per\" \/>\n\t<meta name=\"twitter:data1\" content=\"Xescu\" \/>\n\t<meta name=\"twitter:label2\" content=\"Temps estimat de lectura\" \/>\n\t<meta name=\"twitter:data2\" content=\"3 minuts\" \/>\n<script type=\"application\/ld+json\" class=\"yoast-schema-graph\">{\"@context\":\"https:\/\/schema.org\",\"@graph\":[{\"@type\":\"Article\",\"@id\":\"https:\/\/www.estorrent.net\/2016\/03\/11\/cocina-ibicenca-de-semana-santa\/#article\",\"isPartOf\":{\"@id\":\"https:\/\/www.estorrent.net\/2016\/03\/11\/cocina-ibicenca-de-semana-santa\/\"},\"author\":{\"name\":\"Xescu\",\"@id\":\"https:\/\/www.estorrent.net\/#\/schema\/person\/3347087d39c6f306963780c3f452bb0a\"},\"headline\":\"Cuina eivissenca de Setmana Santa\",\"datePublished\":\"2016-03-11T16:32:57+00:00\",\"dateModified\":\"2016-03-11T16:38:13+00:00\",\"mainEntityOfPage\":{\"@id\":\"https:\/\/www.estorrent.net\/2016\/03\/11\/cocina-ibicenca-de-semana-santa\/\"},\"wordCount\":554,\"commentCount\":0,\"image\":{\"@id\":\"https:\/\/www.estorrent.net\/2016\/03\/11\/cocina-ibicenca-de-semana-santa\/#primaryimage\"},\"thumbnailUrl\":\"https:\/\/www.estorrent.net\/wp-content\/uploads\/2016\/03\/P1300153.jpg\",\"articleSection\":[\"Gastronom\u00eda\"],\"inLanguage\":\"ca\",\"potentialAction\":[{\"@type\":\"CommentAction\",\"name\":\"Comment\",\"target\":[\"https:\/\/www.estorrent.net\/2016\/03\/11\/cocina-ibicenca-de-semana-santa\/#respond\"]}]},{\"@type\":\"WebPage\",\"@id\":\"https:\/\/www.estorrent.net\/2016\/03\/11\/cocina-ibicenca-de-semana-santa\/\",\"url\":\"https:\/\/www.estorrent.net\/2016\/03\/11\/cocina-ibicenca-de-semana-santa\/\",\"name\":\"Cuina eivissenca de Setmana Santa - Restaurante Es Torrent\",\"isPartOf\":{\"@id\":\"https:\/\/www.estorrent.net\/#website\"},\"primaryImageOfPage\":{\"@id\":\"https:\/\/www.estorrent.net\/2016\/03\/11\/cocina-ibicenca-de-semana-santa\/#primaryimage\"},\"image\":{\"@id\":\"https:\/\/www.estorrent.net\/2016\/03\/11\/cocina-ibicenca-de-semana-santa\/#primaryimage\"},\"thumbnailUrl\":\"https:\/\/www.estorrent.net\/wp-content\/uploads\/2016\/03\/P1300153.jpg\",\"datePublished\":\"2016-03-11T16:32:57+00:00\",\"dateModified\":\"2016-03-11T16:38:13+00:00\",\"author\":{\"@id\":\"https:\/\/www.estorrent.net\/#\/schema\/person\/3347087d39c6f306963780c3f452bb0a\"},\"description\":\"Al nostre pa\u00eds, la cuina de Setmana Santa constitueix un g\u00e8nere en si mateixa i alguns plats es gaudeixen tant que han acabat cuinant-se tot l'any. Entre\",\"breadcrumb\":{\"@id\":\"https:\/\/www.estorrent.net\/2016\/03\/11\/cocina-ibicenca-de-semana-santa\/#breadcrumb\"},\"inLanguage\":\"ca\",\"potentialAction\":[{\"@type\":\"ReadAction\",\"target\":[\"https:\/\/www.estorrent.net\/2016\/03\/11\/cocina-ibicenca-de-semana-santa\/\"]}]},{\"@type\":\"ImageObject\",\"inLanguage\":\"ca\",\"@id\":\"https:\/\/www.estorrent.net\/2016\/03\/11\/cocina-ibicenca-de-semana-santa\/#primaryimage\",\"url\":\"https:\/\/www.estorrent.net\/wp-content\/uploads\/2016\/03\/P1300153.jpg\",\"contentUrl\":\"https:\/\/www.estorrent.net\/wp-content\/uploads\/2016\/03\/P1300153.jpg\",\"width\":900,\"height\":601},{\"@type\":\"BreadcrumbList\",\"@id\":\"https:\/\/www.estorrent.net\/2016\/03\/11\/cocina-ibicenca-de-semana-santa\/#breadcrumb\",\"itemListElement\":[{\"@type\":\"ListItem\",\"position\":1,\"name\":\"Portada\",\"item\":\"https:\/\/www.estorrent.net\/\"},{\"@type\":\"ListItem\",\"position\":2,\"name\":\"Cuina eivissenca de Setmana Santa\"}]},{\"@type\":\"WebSite\",\"@id\":\"https:\/\/www.estorrent.net\/#website\",\"url\":\"https:\/\/www.estorrent.net\/\",\"name\":\"Restaurante Es Torrent\",\"description\":\"\",\"potentialAction\":[{\"@type\":\"SearchAction\",\"target\":{\"@type\":\"EntryPoint\",\"urlTemplate\":\"https:\/\/www.estorrent.net\/?s={search_term_string}\"},\"query-input\":{\"@type\":\"PropertyValueSpecification\",\"valueRequired\":true,\"valueName\":\"search_term_string\"}}],\"inLanguage\":\"ca\"},{\"@type\":\"Person\",\"@id\":\"https:\/\/www.estorrent.net\/#\/schema\/person\/3347087d39c6f306963780c3f452bb0a\",\"name\":\"Xescu\",\"image\":{\"@type\":\"ImageObject\",\"inLanguage\":\"ca\",\"@id\":\"https:\/\/www.estorrent.net\/#\/schema\/person\/image\/\",\"url\":\"https:\/\/secure.gravatar.com\/avatar\/d569ee5739a9c7022470ea472c9b4b9cf476e15f1be71e5242c911d673d14ad9?s=96&d=mm&r=g\",\"contentUrl\":\"https:\/\/secure.gravatar.com\/avatar\/d569ee5739a9c7022470ea472c9b4b9cf476e15f1be71e5242c911d673d14ad9?s=96&d=mm&r=g\",\"caption\":\"Xescu\"},\"url\":\"https:\/\/www.estorrent.net\/ca\/author\/xescu\/\"}]}<\/script>\n<!-- \/ Yoast SEO plugin. -->","yoast_head_json":{"title":"Cuina eivissenca de Setmana Santa - Restaurante Es Torrent","description":"Al nostre pa\u00eds, la cuina de Setmana Santa constitueix un g\u00e8nere en si mateixa i alguns plats es gaudeixen tant que han acabat cuinant-se tot l'any. Entre","robots":{"index":"index","follow":"follow","max-snippet":"max-snippet:-1","max-image-preview":"max-image-preview:large","max-video-preview":"max-video-preview:-1"},"canonical":"https:\/\/www.estorrent.net\/2016\/03\/11\/cocina-ibicenca-de-semana-santa\/","og_locale":"ca_ES","og_type":"article","og_title":"Cuina eivissenca de Setmana Santa - Restaurante Es Torrent","og_description":"Al nostre pa\u00eds, la cuina de Setmana Santa constitueix un g\u00e8nere en si mateixa i alguns plats es gaudeixen tant que han acabat cuinant-se tot l'any. Entre","og_url":"https:\/\/www.estorrent.net\/2016\/03\/11\/cocina-ibicenca-de-semana-santa\/","og_site_name":"Restaurante Es Torrent","article_published_time":"2016-03-11T16:32:57+00:00","article_modified_time":"2016-03-11T16:38:13+00:00","og_image":[{"width":900,"height":601,"url":"https:\/\/www.estorrent.net\/wp-content\/uploads\/2016\/03\/P1300153.jpg","type":"image\/jpeg"}],"author":"Xescu","twitter_card":"summary_large_image","twitter_misc":{"Escrit per":"Xescu","Temps estimat de lectura":"3 minuts"},"schema":{"@context":"https:\/\/schema.org","@graph":[{"@type":"Article","@id":"https:\/\/www.estorrent.net\/2016\/03\/11\/cocina-ibicenca-de-semana-santa\/#article","isPartOf":{"@id":"https:\/\/www.estorrent.net\/2016\/03\/11\/cocina-ibicenca-de-semana-santa\/"},"author":{"name":"Xescu","@id":"https:\/\/www.estorrent.net\/#\/schema\/person\/3347087d39c6f306963780c3f452bb0a"},"headline":"Cuina eivissenca de Setmana Santa","datePublished":"2016-03-11T16:32:57+00:00","dateModified":"2016-03-11T16:38:13+00:00","mainEntityOfPage":{"@id":"https:\/\/www.estorrent.net\/2016\/03\/11\/cocina-ibicenca-de-semana-santa\/"},"wordCount":554,"commentCount":0,"image":{"@id":"https:\/\/www.estorrent.net\/2016\/03\/11\/cocina-ibicenca-de-semana-santa\/#primaryimage"},"thumbnailUrl":"https:\/\/www.estorrent.net\/wp-content\/uploads\/2016\/03\/P1300153.jpg","articleSection":["Gastronom\u00eda"],"inLanguage":"ca","potentialAction":[{"@type":"CommentAction","name":"Comment","target":["https:\/\/www.estorrent.net\/2016\/03\/11\/cocina-ibicenca-de-semana-santa\/#respond"]}]},{"@type":"WebPage","@id":"https:\/\/www.estorrent.net\/2016\/03\/11\/cocina-ibicenca-de-semana-santa\/","url":"https:\/\/www.estorrent.net\/2016\/03\/11\/cocina-ibicenca-de-semana-santa\/","name":"Cuina eivissenca de Setmana Santa - Restaurante Es Torrent","isPartOf":{"@id":"https:\/\/www.estorrent.net\/#website"},"primaryImageOfPage":{"@id":"https:\/\/www.estorrent.net\/2016\/03\/11\/cocina-ibicenca-de-semana-santa\/#primaryimage"},"image":{"@id":"https:\/\/www.estorrent.net\/2016\/03\/11\/cocina-ibicenca-de-semana-santa\/#primaryimage"},"thumbnailUrl":"https:\/\/www.estorrent.net\/wp-content\/uploads\/2016\/03\/P1300153.jpg","datePublished":"2016-03-11T16:32:57+00:00","dateModified":"2016-03-11T16:38:13+00:00","author":{"@id":"https:\/\/www.estorrent.net\/#\/schema\/person\/3347087d39c6f306963780c3f452bb0a"},"description":"Al nostre pa\u00eds, la cuina de Setmana Santa constitueix un g\u00e8nere en si mateixa i alguns plats es gaudeixen tant que han acabat cuinant-se tot l'any. Entre","breadcrumb":{"@id":"https:\/\/www.estorrent.net\/2016\/03\/11\/cocina-ibicenca-de-semana-santa\/#breadcrumb"},"inLanguage":"ca","potentialAction":[{"@type":"ReadAction","target":["https:\/\/www.estorrent.net\/2016\/03\/11\/cocina-ibicenca-de-semana-santa\/"]}]},{"@type":"ImageObject","inLanguage":"ca","@id":"https:\/\/www.estorrent.net\/2016\/03\/11\/cocina-ibicenca-de-semana-santa\/#primaryimage","url":"https:\/\/www.estorrent.net\/wp-content\/uploads\/2016\/03\/P1300153.jpg","contentUrl":"https:\/\/www.estorrent.net\/wp-content\/uploads\/2016\/03\/P1300153.jpg","width":900,"height":601},{"@type":"BreadcrumbList","@id":"https:\/\/www.estorrent.net\/2016\/03\/11\/cocina-ibicenca-de-semana-santa\/#breadcrumb","itemListElement":[{"@type":"ListItem","position":1,"name":"Portada","item":"https:\/\/www.estorrent.net\/"},{"@type":"ListItem","position":2,"name":"Cuina eivissenca de Setmana Santa"}]},{"@type":"WebSite","@id":"https:\/\/www.estorrent.net\/#website","url":"https:\/\/www.estorrent.net\/","name":"Restaurante Es Torrent","description":"","potentialAction":[{"@type":"SearchAction","target":{"@type":"EntryPoint","urlTemplate":"https:\/\/www.estorrent.net\/?s={search_term_string}"},"query-input":{"@type":"PropertyValueSpecification","valueRequired":true,"valueName":"search_term_string"}}],"inLanguage":"ca"},{"@type":"Person","@id":"https:\/\/www.estorrent.net\/#\/schema\/person\/3347087d39c6f306963780c3f452bb0a","name":"Xescu","image":{"@type":"ImageObject","inLanguage":"ca","@id":"https:\/\/www.estorrent.net\/#\/schema\/person\/image\/","url":"https:\/\/secure.gravatar.com\/avatar\/d569ee5739a9c7022470ea472c9b4b9cf476e15f1be71e5242c911d673d14ad9?s=96&d=mm&r=g","contentUrl":"https:\/\/secure.gravatar.com\/avatar\/d569ee5739a9c7022470ea472c9b4b9cf476e15f1be71e5242c911d673d14ad9?s=96&d=mm&r=g","caption":"Xescu"},"url":"https:\/\/www.estorrent.net\/ca\/author\/xescu\/"}]}},"_links":{"self":[{"href":"https:\/\/www.estorrent.net\/ca\/wp-json\/wp\/v2\/posts\/16773","targetHints":{"allow":["GET"]}}],"collection":[{"href":"https:\/\/www.estorrent.net\/ca\/wp-json\/wp\/v2\/posts"}],"about":[{"href":"https:\/\/www.estorrent.net\/ca\/wp-json\/wp\/v2\/types\/post"}],"author":[{"embeddable":true,"href":"https:\/\/www.estorrent.net\/ca\/wp-json\/wp\/v2\/users\/2"}],"replies":[{"embeddable":true,"href":"https:\/\/www.estorrent.net\/ca\/wp-json\/wp\/v2\/comments?post=16773"}],"version-history":[{"count":3,"href":"https:\/\/www.estorrent.net\/ca\/wp-json\/wp\/v2\/posts\/16773\/revisions"}],"predecessor-version":[{"id":16777,"href":"https:\/\/www.estorrent.net\/ca\/wp-json\/wp\/v2\/posts\/16773\/revisions\/16777"}],"wp:featuredmedia":[{"embeddable":true,"href":"https:\/\/www.estorrent.net\/ca\/wp-json\/wp\/v2\/media\/16765"}],"wp:attachment":[{"href":"https:\/\/www.estorrent.net\/ca\/wp-json\/wp\/v2\/media?parent=16773"}],"wp:term":[{"taxonomy":"category","embeddable":true,"href":"https:\/\/www.estorrent.net\/ca\/wp-json\/wp\/v2\/categories?post=16773"},{"taxonomy":"post_tag","embeddable":true,"href":"https:\/\/www.estorrent.net\/ca\/wp-json\/wp\/v2\/tags?post=16773"}],"curies":[{"name":"wp","href":"https:\/\/api.w.org\/{rel}","templated":true}]}}