{"id":16731,"date":"2016-02-16T20:29:06","date_gmt":"2016-02-16T20:29:06","guid":{"rendered":"https:\/\/www.estorrent.net\/2016\/02\/16\/sant-josep-territorio-del-sur-de-ibiza-2\/"},"modified":"2016-02-16T20:33:20","modified_gmt":"2016-02-16T20:33:20","slug":"sant-josep-territori-del-sud-d-eivissa","status":"publish","type":"post","link":"https:\/\/www.estorrent.net\/ca\/2016\/02\/16\/sant-josep-territori-del-sud-d-eivissa\/","title":{"rendered":"Sant Josep, territori del sud d&#8217;Eivissa"},"content":{"rendered":"<p>Per un dia, anem a fer un par\u00e8ntesi en la gastronomia per parlar de geografia, de pobles petits i la naturalesa \u00fanica que ens envolta. El nostre restaurant porta el mateix nom que la cala que ens acull, Es Torrent, a causa de la riera que en els hiverns plujosos desemboca a la platja i condueix l&#8217;aigua que s&#8217;acumula a les muntanyes d\u2019a prop.<\/p>\n<p>Fins que obrirem el restaurant en 1984 \u2013al principi un senzill quiosc de fusta\u2013, Es Torrent era un lloc desconegut i de dif\u00edcil acc\u00e9s, nom\u00e9s freq\u00fcentat per alguns pescadors. Als voltants, existien platges i cales molt reconegudes, com \u00c9s Cavallet, Platja d\u2019en Bossa o Cala d\u2019Hort. Estem en l&#8217;extrem sud d&#8217;Eivissa. Si observem el mapa de la illa, m\u00e9s a baix que Es Torrent i la badia de Porroig nom\u00e9s figuren els estanys de la sal.<\/p>\n<p>El nostre rac\u00f3 pertany al municipi de Sant Josep. Eivissa est\u00e0 dividida en cinc municipis i el nostre \u00e9s el de major extensi\u00f3. Abasta des de la meitat de la badia de Sant Antoni als afores d&#8217;Eivissa ciutat i Platja d\u2019en Bossa. L\u2019aeroport, per exemple, est\u00e0 al seu territori i compta amb 80 quil\u00f2metres de costa, amb nombroses platges, penya-segats i illots abruptes en l&#8217;horitz\u00f3: \u00c9s Vedr\u00e0, \u00c9s Vedranell, S\u2019Espartar, Sa Conillera, S\u2019Illa des Bosc, Ses Bledes\u2026<\/p>\n<p><a href=\"https:\/\/www.estorrent.net\/wp-content\/uploads\/2016\/02\/santjosep1.jpg\" rel=\"lightbox[16731]\"><img loading=\"lazy\" decoding=\"async\" class=\"alignnone size-full wp-image-16721\" src=\"https:\/\/www.estorrent.net\/wp-content\/uploads\/2016\/02\/santjosep1.jpg\" alt=\"santjosep1\" width=\"900\" height=\"563\" srcset=\"https:\/\/www.estorrent.net\/wp-content\/uploads\/2016\/02\/santjosep1.jpg 900w, https:\/\/www.estorrent.net\/wp-content\/uploads\/2016\/02\/santjosep1-300x188.jpg 300w, https:\/\/www.estorrent.net\/wp-content\/uploads\/2016\/02\/santjosep1-700x438.jpg 700w\" sizes=\"auto, (max-width: 900px) 100vw, 900px\" \/><\/a><\/p>\n<p>Sant Josep t\u00e9 cinc cinc pobles o parr\u00f2quies. El m\u00e9s important d\u00f3na nom al municipi, Sant Josep de sa Talaia, i alberga l&#8217;Ajuntament i l&#8217;esgl\u00e9sia m\u00e9s destacada. Llueix un mantell emblanquinat, com totes les d&#8217;Eivissa, i es va construir a mitjan segle XVIII. Els altres pobles s\u00f3n Sant Jordi de Ses Salines, Sant Francesc de S\u2019Estany, Sant Agust\u00ed des Vedr\u00e0 i Es Cubells. Aquest \u00faltim \u00e9s el m\u00e9s proper a Es Torrent i se situa a la part alta d&#8217;un penya-segat.<\/p>\n<p>El nostre municipi alberga l&#8217;\u00fanic Parc Natural de la illa, Ses Salines, i la Reserva d&#8217;\u00c9s Vedr\u00e0 i els Illots de Ponent. Tamb\u00e9 el poblat fenici de Sa *Caleta, que \u00e9s Patrimoni de la Humanitat des de 1999. A m\u00e9s, posseeix nombroses zones tur\u00edstiques, per\u00f2 tamb\u00e9 racons tranquils com el nostre. Ho presideix la muntanya m\u00e9s elevada d&#8217;Eivissa, Sa Talaia, amb 475 metres d&#8217;altura.<\/p>\n<p>Encara que passin els anys, ens segueix sorprenent que un territori de dimensions tan limitades contingui semblant varietat de paisatges. En la nostra costa els pescadors atrapen bona part del g\u00e8nere que servim i els agricultors sembren les verdures i hortalisses que cuinem a les valls f\u00e8rtils de Sant Agust\u00ed o Benimussa. Sempre convidem als nostres clients a explorar els camins del municipi. Aix\u00ed troben nous llocs que sumar al seu mapa sentimental d&#8217;Eivissa. Mereix la pena.<\/p>\n<p><a href=\"https:\/\/www.estorrent.net\/wp-content\/uploads\/2016\/02\/santjosep3.jpg\" rel=\"lightbox[16731]\"><img loading=\"lazy\" decoding=\"async\" class=\"alignnone size-full wp-image-16727\" src=\"https:\/\/www.estorrent.net\/wp-content\/uploads\/2016\/02\/santjosep3.jpg\" alt=\"santjosep3\" width=\"900\" height=\"601\" srcset=\"https:\/\/www.estorrent.net\/wp-content\/uploads\/2016\/02\/santjosep3.jpg 900w, https:\/\/www.estorrent.net\/wp-content\/uploads\/2016\/02\/santjosep3-300x200.jpg 300w, https:\/\/www.estorrent.net\/wp-content\/uploads\/2016\/02\/santjosep3-700x467.jpg 700w\" sizes=\"auto, (max-width: 900px) 100vw, 900px\" \/><\/a><\/p>\n","protected":false},"excerpt":{"rendered":"<p>Per un dia, anem a fer un par\u00e8ntesi en la gastronomia per parlar de geografia, de pobles petits i la naturalesa \u00fanica que ens envolta. El nostre restaurant porta el mateix nom que la cala que ens acull, Es Torrent, a causa de la riera que en els hiverns plujosos desemboca a la platja i condueix l&#8217;aigua que s&#8217;acumula a&#8230;<\/p>\n","protected":false},"author":2,"featured_media":16726,"comment_status":"open","ping_status":"open","sticky":false,"template":"","format":"standard","meta":{"footnotes":""},"categories":[106],"tags":[],"class_list":["post-16731","post","type-post","status-publish","format-standard","has-post-thumbnail","hentry","category-la-isla-ca"],"yoast_head":"<!-- This site is optimized with the Yoast SEO plugin v26.7 - https:\/\/yoast.com\/wordpress\/plugins\/seo\/ -->\n<title>Sant Josep, territori del sud d&#039;Eivissa - Restaurante Es Torrent<\/title>\n<meta name=\"description\" content=\"Per un dia, anem a fer un par\u00e8ntesi en la gastronomia per parlar de geografia, de pobles petits i la naturalesa \u00fanica que ens envolta. El nostre\" \/>\n<meta name=\"robots\" content=\"index, follow, max-snippet:-1, max-image-preview:large, max-video-preview:-1\" \/>\n<link rel=\"canonical\" href=\"https:\/\/www.estorrent.net\/2016\/02\/16\/sant-josep-territorio-del-sur-de-ibiza\/\" \/>\n<meta property=\"og:locale\" content=\"ca_ES\" \/>\n<meta property=\"og:type\" content=\"article\" \/>\n<meta property=\"og:title\" content=\"Sant Josep, territori del sud d&#039;Eivissa - Restaurante Es Torrent\" \/>\n<meta property=\"og:description\" content=\"Per un dia, anem a fer un par\u00e8ntesi en la gastronomia per parlar de geografia, de pobles petits i la naturalesa \u00fanica que ens envolta. El nostre\" \/>\n<meta property=\"og:url\" content=\"https:\/\/www.estorrent.net\/2016\/02\/16\/sant-josep-territorio-del-sur-de-ibiza\/\" \/>\n<meta property=\"og:site_name\" content=\"Restaurante Es Torrent\" \/>\n<meta property=\"article:published_time\" content=\"2016-02-16T20:29:06+00:00\" \/>\n<meta property=\"article:modified_time\" content=\"2016-02-16T20:33:20+00:00\" \/>\n<meta property=\"og:image\" content=\"https:\/\/www.estorrent.net\/wp-content\/uploads\/2016\/02\/santjosep2.jpg\" \/>\n\t<meta property=\"og:image:width\" content=\"900\" \/>\n\t<meta property=\"og:image:height\" content=\"602\" \/>\n\t<meta property=\"og:image:type\" content=\"image\/jpeg\" \/>\n<meta name=\"author\" content=\"Xescu\" \/>\n<meta name=\"twitter:card\" content=\"summary_large_image\" \/>\n<meta name=\"twitter:label1\" content=\"Escrit per\" \/>\n\t<meta name=\"twitter:data1\" content=\"Xescu\" \/>\n\t<meta name=\"twitter:label2\" content=\"Temps estimat de lectura\" \/>\n\t<meta name=\"twitter:data2\" content=\"2 minuts\" \/>\n<script type=\"application\/ld+json\" class=\"yoast-schema-graph\">{\"@context\":\"https:\/\/schema.org\",\"@graph\":[{\"@type\":\"Article\",\"@id\":\"https:\/\/www.estorrent.net\/2016\/02\/16\/sant-josep-territorio-del-sur-de-ibiza\/#article\",\"isPartOf\":{\"@id\":\"https:\/\/www.estorrent.net\/2016\/02\/16\/sant-josep-territorio-del-sur-de-ibiza\/\"},\"author\":{\"name\":\"Xescu\",\"@id\":\"https:\/\/www.estorrent.net\/#\/schema\/person\/3347087d39c6f306963780c3f452bb0a\"},\"headline\":\"Sant Josep, territori del sud d&#8217;Eivissa\",\"datePublished\":\"2016-02-16T20:29:06+00:00\",\"dateModified\":\"2016-02-16T20:33:20+00:00\",\"mainEntityOfPage\":{\"@id\":\"https:\/\/www.estorrent.net\/2016\/02\/16\/sant-josep-territorio-del-sur-de-ibiza\/\"},\"wordCount\":485,\"commentCount\":0,\"image\":{\"@id\":\"https:\/\/www.estorrent.net\/2016\/02\/16\/sant-josep-territorio-del-sur-de-ibiza\/#primaryimage\"},\"thumbnailUrl\":\"https:\/\/www.estorrent.net\/wp-content\/uploads\/2016\/02\/santjosep2.jpg\",\"articleSection\":[\"La isla\"],\"inLanguage\":\"ca\",\"potentialAction\":[{\"@type\":\"CommentAction\",\"name\":\"Comment\",\"target\":[\"https:\/\/www.estorrent.net\/2016\/02\/16\/sant-josep-territorio-del-sur-de-ibiza\/#respond\"]}]},{\"@type\":\"WebPage\",\"@id\":\"https:\/\/www.estorrent.net\/2016\/02\/16\/sant-josep-territorio-del-sur-de-ibiza\/\",\"url\":\"https:\/\/www.estorrent.net\/2016\/02\/16\/sant-josep-territorio-del-sur-de-ibiza\/\",\"name\":\"Sant Josep, territori del sud d'Eivissa - Restaurante Es Torrent\",\"isPartOf\":{\"@id\":\"https:\/\/www.estorrent.net\/#website\"},\"primaryImageOfPage\":{\"@id\":\"https:\/\/www.estorrent.net\/2016\/02\/16\/sant-josep-territorio-del-sur-de-ibiza\/#primaryimage\"},\"image\":{\"@id\":\"https:\/\/www.estorrent.net\/2016\/02\/16\/sant-josep-territorio-del-sur-de-ibiza\/#primaryimage\"},\"thumbnailUrl\":\"https:\/\/www.estorrent.net\/wp-content\/uploads\/2016\/02\/santjosep2.jpg\",\"datePublished\":\"2016-02-16T20:29:06+00:00\",\"dateModified\":\"2016-02-16T20:33:20+00:00\",\"author\":{\"@id\":\"https:\/\/www.estorrent.net\/#\/schema\/person\/3347087d39c6f306963780c3f452bb0a\"},\"description\":\"Per un dia, anem a fer un par\u00e8ntesi en la gastronomia per parlar de geografia, de pobles petits i la naturalesa \u00fanica que ens envolta. El nostre\",\"breadcrumb\":{\"@id\":\"https:\/\/www.estorrent.net\/2016\/02\/16\/sant-josep-territorio-del-sur-de-ibiza\/#breadcrumb\"},\"inLanguage\":\"ca\",\"potentialAction\":[{\"@type\":\"ReadAction\",\"target\":[\"https:\/\/www.estorrent.net\/2016\/02\/16\/sant-josep-territorio-del-sur-de-ibiza\/\"]}]},{\"@type\":\"ImageObject\",\"inLanguage\":\"ca\",\"@id\":\"https:\/\/www.estorrent.net\/2016\/02\/16\/sant-josep-territorio-del-sur-de-ibiza\/#primaryimage\",\"url\":\"https:\/\/www.estorrent.net\/wp-content\/uploads\/2016\/02\/santjosep2.jpg\",\"contentUrl\":\"https:\/\/www.estorrent.net\/wp-content\/uploads\/2016\/02\/santjosep2.jpg\",\"width\":900,\"height\":602},{\"@type\":\"BreadcrumbList\",\"@id\":\"https:\/\/www.estorrent.net\/2016\/02\/16\/sant-josep-territorio-del-sur-de-ibiza\/#breadcrumb\",\"itemListElement\":[{\"@type\":\"ListItem\",\"position\":1,\"name\":\"Portada\",\"item\":\"https:\/\/www.estorrent.net\/\"},{\"@type\":\"ListItem\",\"position\":2,\"name\":\"Sant Josep, territori del sud d&#8217;Eivissa\"}]},{\"@type\":\"WebSite\",\"@id\":\"https:\/\/www.estorrent.net\/#website\",\"url\":\"https:\/\/www.estorrent.net\/\",\"name\":\"Restaurante Es Torrent\",\"description\":\"\",\"potentialAction\":[{\"@type\":\"SearchAction\",\"target\":{\"@type\":\"EntryPoint\",\"urlTemplate\":\"https:\/\/www.estorrent.net\/?s={search_term_string}\"},\"query-input\":{\"@type\":\"PropertyValueSpecification\",\"valueRequired\":true,\"valueName\":\"search_term_string\"}}],\"inLanguage\":\"ca\"},{\"@type\":\"Person\",\"@id\":\"https:\/\/www.estorrent.net\/#\/schema\/person\/3347087d39c6f306963780c3f452bb0a\",\"name\":\"Xescu\",\"image\":{\"@type\":\"ImageObject\",\"inLanguage\":\"ca\",\"@id\":\"https:\/\/www.estorrent.net\/#\/schema\/person\/image\/\",\"url\":\"https:\/\/secure.gravatar.com\/avatar\/d569ee5739a9c7022470ea472c9b4b9cf476e15f1be71e5242c911d673d14ad9?s=96&d=mm&r=g\",\"contentUrl\":\"https:\/\/secure.gravatar.com\/avatar\/d569ee5739a9c7022470ea472c9b4b9cf476e15f1be71e5242c911d673d14ad9?s=96&d=mm&r=g\",\"caption\":\"Xescu\"},\"url\":\"https:\/\/www.estorrent.net\/ca\/author\/xescu\/\"}]}<\/script>\n<!-- \/ Yoast SEO plugin. -->","yoast_head_json":{"title":"Sant Josep, territori del sud d'Eivissa - Restaurante Es Torrent","description":"Per un dia, anem a fer un par\u00e8ntesi en la gastronomia per parlar de geografia, de pobles petits i la naturalesa \u00fanica que ens envolta. El nostre","robots":{"index":"index","follow":"follow","max-snippet":"max-snippet:-1","max-image-preview":"max-image-preview:large","max-video-preview":"max-video-preview:-1"},"canonical":"https:\/\/www.estorrent.net\/2016\/02\/16\/sant-josep-territorio-del-sur-de-ibiza\/","og_locale":"ca_ES","og_type":"article","og_title":"Sant Josep, territori del sud d'Eivissa - Restaurante Es Torrent","og_description":"Per un dia, anem a fer un par\u00e8ntesi en la gastronomia per parlar de geografia, de pobles petits i la naturalesa \u00fanica que ens envolta. El nostre","og_url":"https:\/\/www.estorrent.net\/2016\/02\/16\/sant-josep-territorio-del-sur-de-ibiza\/","og_site_name":"Restaurante Es Torrent","article_published_time":"2016-02-16T20:29:06+00:00","article_modified_time":"2016-02-16T20:33:20+00:00","og_image":[{"width":900,"height":602,"url":"https:\/\/www.estorrent.net\/wp-content\/uploads\/2016\/02\/santjosep2.jpg","type":"image\/jpeg"}],"author":"Xescu","twitter_card":"summary_large_image","twitter_misc":{"Escrit per":"Xescu","Temps estimat de lectura":"2 minuts"},"schema":{"@context":"https:\/\/schema.org","@graph":[{"@type":"Article","@id":"https:\/\/www.estorrent.net\/2016\/02\/16\/sant-josep-territorio-del-sur-de-ibiza\/#article","isPartOf":{"@id":"https:\/\/www.estorrent.net\/2016\/02\/16\/sant-josep-territorio-del-sur-de-ibiza\/"},"author":{"name":"Xescu","@id":"https:\/\/www.estorrent.net\/#\/schema\/person\/3347087d39c6f306963780c3f452bb0a"},"headline":"Sant Josep, territori del sud d&#8217;Eivissa","datePublished":"2016-02-16T20:29:06+00:00","dateModified":"2016-02-16T20:33:20+00:00","mainEntityOfPage":{"@id":"https:\/\/www.estorrent.net\/2016\/02\/16\/sant-josep-territorio-del-sur-de-ibiza\/"},"wordCount":485,"commentCount":0,"image":{"@id":"https:\/\/www.estorrent.net\/2016\/02\/16\/sant-josep-territorio-del-sur-de-ibiza\/#primaryimage"},"thumbnailUrl":"https:\/\/www.estorrent.net\/wp-content\/uploads\/2016\/02\/santjosep2.jpg","articleSection":["La isla"],"inLanguage":"ca","potentialAction":[{"@type":"CommentAction","name":"Comment","target":["https:\/\/www.estorrent.net\/2016\/02\/16\/sant-josep-territorio-del-sur-de-ibiza\/#respond"]}]},{"@type":"WebPage","@id":"https:\/\/www.estorrent.net\/2016\/02\/16\/sant-josep-territorio-del-sur-de-ibiza\/","url":"https:\/\/www.estorrent.net\/2016\/02\/16\/sant-josep-territorio-del-sur-de-ibiza\/","name":"Sant Josep, territori del sud d'Eivissa - Restaurante Es Torrent","isPartOf":{"@id":"https:\/\/www.estorrent.net\/#website"},"primaryImageOfPage":{"@id":"https:\/\/www.estorrent.net\/2016\/02\/16\/sant-josep-territorio-del-sur-de-ibiza\/#primaryimage"},"image":{"@id":"https:\/\/www.estorrent.net\/2016\/02\/16\/sant-josep-territorio-del-sur-de-ibiza\/#primaryimage"},"thumbnailUrl":"https:\/\/www.estorrent.net\/wp-content\/uploads\/2016\/02\/santjosep2.jpg","datePublished":"2016-02-16T20:29:06+00:00","dateModified":"2016-02-16T20:33:20+00:00","author":{"@id":"https:\/\/www.estorrent.net\/#\/schema\/person\/3347087d39c6f306963780c3f452bb0a"},"description":"Per un dia, anem a fer un par\u00e8ntesi en la gastronomia per parlar de geografia, de pobles petits i la naturalesa \u00fanica que ens envolta. El nostre","breadcrumb":{"@id":"https:\/\/www.estorrent.net\/2016\/02\/16\/sant-josep-territorio-del-sur-de-ibiza\/#breadcrumb"},"inLanguage":"ca","potentialAction":[{"@type":"ReadAction","target":["https:\/\/www.estorrent.net\/2016\/02\/16\/sant-josep-territorio-del-sur-de-ibiza\/"]}]},{"@type":"ImageObject","inLanguage":"ca","@id":"https:\/\/www.estorrent.net\/2016\/02\/16\/sant-josep-territorio-del-sur-de-ibiza\/#primaryimage","url":"https:\/\/www.estorrent.net\/wp-content\/uploads\/2016\/02\/santjosep2.jpg","contentUrl":"https:\/\/www.estorrent.net\/wp-content\/uploads\/2016\/02\/santjosep2.jpg","width":900,"height":602},{"@type":"BreadcrumbList","@id":"https:\/\/www.estorrent.net\/2016\/02\/16\/sant-josep-territorio-del-sur-de-ibiza\/#breadcrumb","itemListElement":[{"@type":"ListItem","position":1,"name":"Portada","item":"https:\/\/www.estorrent.net\/"},{"@type":"ListItem","position":2,"name":"Sant Josep, territori del sud d&#8217;Eivissa"}]},{"@type":"WebSite","@id":"https:\/\/www.estorrent.net\/#website","url":"https:\/\/www.estorrent.net\/","name":"Restaurante Es Torrent","description":"","potentialAction":[{"@type":"SearchAction","target":{"@type":"EntryPoint","urlTemplate":"https:\/\/www.estorrent.net\/?s={search_term_string}"},"query-input":{"@type":"PropertyValueSpecification","valueRequired":true,"valueName":"search_term_string"}}],"inLanguage":"ca"},{"@type":"Person","@id":"https:\/\/www.estorrent.net\/#\/schema\/person\/3347087d39c6f306963780c3f452bb0a","name":"Xescu","image":{"@type":"ImageObject","inLanguage":"ca","@id":"https:\/\/www.estorrent.net\/#\/schema\/person\/image\/","url":"https:\/\/secure.gravatar.com\/avatar\/d569ee5739a9c7022470ea472c9b4b9cf476e15f1be71e5242c911d673d14ad9?s=96&d=mm&r=g","contentUrl":"https:\/\/secure.gravatar.com\/avatar\/d569ee5739a9c7022470ea472c9b4b9cf476e15f1be71e5242c911d673d14ad9?s=96&d=mm&r=g","caption":"Xescu"},"url":"https:\/\/www.estorrent.net\/ca\/author\/xescu\/"}]}},"_links":{"self":[{"href":"https:\/\/www.estorrent.net\/ca\/wp-json\/wp\/v2\/posts\/16731","targetHints":{"allow":["GET"]}}],"collection":[{"href":"https:\/\/www.estorrent.net\/ca\/wp-json\/wp\/v2\/posts"}],"about":[{"href":"https:\/\/www.estorrent.net\/ca\/wp-json\/wp\/v2\/types\/post"}],"author":[{"embeddable":true,"href":"https:\/\/www.estorrent.net\/ca\/wp-json\/wp\/v2\/users\/2"}],"replies":[{"embeddable":true,"href":"https:\/\/www.estorrent.net\/ca\/wp-json\/wp\/v2\/comments?post=16731"}],"version-history":[{"count":2,"href":"https:\/\/www.estorrent.net\/ca\/wp-json\/wp\/v2\/posts\/16731\/revisions"}],"predecessor-version":[{"id":16733,"href":"https:\/\/www.estorrent.net\/ca\/wp-json\/wp\/v2\/posts\/16731\/revisions\/16733"}],"wp:featuredmedia":[{"embeddable":true,"href":"https:\/\/www.estorrent.net\/ca\/wp-json\/wp\/v2\/media\/16726"}],"wp:attachment":[{"href":"https:\/\/www.estorrent.net\/ca\/wp-json\/wp\/v2\/media?parent=16731"}],"wp:term":[{"taxonomy":"category","embeddable":true,"href":"https:\/\/www.estorrent.net\/ca\/wp-json\/wp\/v2\/categories?post=16731"},{"taxonomy":"post_tag","embeddable":true,"href":"https:\/\/www.estorrent.net\/ca\/wp-json\/wp\/v2\/tags?post=16731"}],"curies":[{"name":"wp","href":"https:\/\/api.w.org\/{rel}","templated":true}]}}