{"id":16691,"date":"2016-01-18T18:49:54","date_gmt":"2016-01-18T18:49:54","guid":{"rendered":"https:\/\/www.estorrent.net\/2016\/01\/18\/vino-de-ibiza-un-fruto-de-la-cultura-fenicia-2\/"},"modified":"2016-01-18T18:54:32","modified_gmt":"2016-01-18T18:54:32","slug":"vi-d-eivissa-un-fruit-de-la-cultura-fenicia","status":"publish","type":"post","link":"https:\/\/www.estorrent.net\/ca\/2016\/01\/18\/vi-d-eivissa-un-fruit-de-la-cultura-fenicia\/","title":{"rendered":"Vi d&#8217;Eivissa, un fruit de la cultura fen\u00edcia"},"content":{"rendered":"<p>En el post que publicarem el passat octubre sobre l&#8217;oli d&#8217;oliva d&#8217;Eivissa, avan\u00e7\u00e0vem que l&#8217;historiador grec Diodor de Sic\u00edlia ja descrivia l&#8217;illa, al segle I abans de Crist, com a territori de vinyes. Els arque\u00f2legs fins i tot situen l&#8217;origen de la nostra cultura del vi en temps molt m\u00e9s remots: l&#8217;Eivissa fen\u00edcia del segle VII a. de C. En diferents jaciments arqueol\u00f2gics s&#8217;han trobat \u00e0mfores, gots i altres objectes vinculats a la producci\u00f3 del vi. Hi ha historiadors que a m\u00e9s afegeixen que bona part del vi que es consumia en el llevant espanyol en aquesta \u00e8poca procedia d&#8217;Eivissa i que, amb els segles, tamb\u00e9 es va exportar a aquests territoris la forma d&#8217;elaborar-ho.<\/p>\n<p>Si deixem al marge l&#8217;\u00e8poca actual, podem afirmar que la cultura del vi eivissenc va aconseguir el seu gran apogeu a mitjan segle XIX. Llavors es conreaven al voltant de 45 hect\u00e0rees de vinyer. No obstant aix\u00f2, l&#8217;epid\u00e8mia de la filoxera, que va arribar d&#8217;Am\u00e8rica i es va iniciar a Europa a Fran\u00e7a i altres regions, va acabar arribant a l&#8217;illa i molts d&#8217;aquests cultius es van extingir. Va haver-hi excepcions, com aquestes zones de l&#8217;entorn de Sant Josep i Sant Agust\u00ed que encara conreen la vinya amb el denominat peu franc o eivissenc anterior a la filoxera, en lloc de treballar amb plantes empeltades en arrels americanes, el m\u00e8tode amb que es va combatre la malaltia.<\/p>\n<p><a href=\"https:\/\/www.estorrent.net\/wp-content\/uploads\/2016\/01\/vino3.jpg\" rel=\"lightbox[16691]\"><img loading=\"lazy\" decoding=\"async\" class=\"alignnone size-full wp-image-16687\" src=\"https:\/\/www.estorrent.net\/wp-content\/uploads\/2016\/01\/vino3.jpg\" alt=\"vino3\" width=\"900\" height=\"602\" srcset=\"https:\/\/www.estorrent.net\/wp-content\/uploads\/2016\/01\/vino3.jpg 900w, https:\/\/www.estorrent.net\/wp-content\/uploads\/2016\/01\/vino3-300x201.jpg 300w, https:\/\/www.estorrent.net\/wp-content\/uploads\/2016\/01\/vino3-700x468.jpg 700w\" sizes=\"auto, (max-width: 900px) 100vw, 900px\" \/><\/a><\/p>\n<p>Al segle XX, pr\u00e0cticament totes les cases de camp d&#8217;Eivissa comptaven amb instal\u2022lacions i equipament per elaborar vi de manera tradicional, a m\u00e9s de vinyes. En moltes d&#8217;elles, encara se segueix elaborant per al consum de la familia i, en aquelles que ja no \u00e9s aix\u00ed, es mantenen les vinyes i es venen els seus fruits als cellers \u2013a la illa actualment hi ha cinc\u2013, que els cuiden i recol\u2022lecten per elaborar vins comercials. La verema t\u00e9 lloc al setembre, encara que la gran festa del vi se celebra al desembre, en la localitat de Sant Mateu.<\/p>\n<p>Les varietats tradicionals s\u00f3n la monastrell i la garnatxa, en ra\u00efms negres, i la malvasia \u2013en eivissenc anomenada grec\u2013 i la moscatell, en blanques, encara que en molt poques cases pageses s&#8217;elaborava el vi blanc, excepte en una versi\u00f3 dol\u00e7a o mig dol\u00e7a.<\/p>\n<p>La hist\u00f2ria del vi comercial d&#8217;Eivissa t\u00e9 el seu origen en 1990, amb la irrupci\u00f3 del celler <a href=\"http:\/\/sacovaibiza.com\/\">Sa Cova<\/a> de Sant Mateu. Despr\u00e9s van venir <a href=\"http:\/\/www.bodegascanmaymo.com\/\">Can Maym\u00f3<\/a>, <a href=\"http:\/\/www.bodegascanrich.com\/sp_principal.htm\">Can Rich<\/a> i <a href=\"http:\/\/www.ibizkus.com\/\">Ibizkus<\/a>. Aquesta \u00faltima produeix un rosat \u2018pell de ceba\u2019 que compon un dels majors \u00e8xits de la nostra carta i que, fora de la illa, tamb\u00e9 pot trobar-se en restaurants tan selectes com <a href=\"http:\/\/cellercanroca.com\/index.htm\">El Celler de Ca Roca<\/a>, triat en 2013 i 2015 com el millor del m\u00f3n per la revista brit\u00e0nica <a href=\"http:\/\/www.theworlds50best.com\/\">\u2018Restaurant\u2019<\/a>.<\/p>\n<p>En l&#8217;actualitat, Eivissa compta amb una extensi\u00f3 de vinyes de 51 hect\u00e0rees que exploten 15 viticultors, segons l&#8217;\u00faltim anuari publicat de les Indicacions Geogr\u00e0fiques Protegides de Vins del Ministeri d&#8217;Agricultura, Medi ambient i Alimentaci\u00f3 (any 2013). La producci\u00f3 \u00e9s de 1.800 hectolitres, dels quals es comercialitzen uns 900. El 92% es ven a Espanya i el 8% a l&#8217;estranger. La ind\u00fastria eivissenca del vi factura uns 600.000 euros a l&#8217;any. A m\u00e9s de les varietats aut\u00f2ctones es conreen altres foranes, com ull de llebre, merlot, cabernet sauvignon i syrah, en tintes, i chardonnay, macabeu i parellada, en blanques. La denominaci\u00f3, implantada des de 2003, \u00e9s \u2018Vi de la Terra d&#8217;Eivissa\u2019.<\/p>\n<p>Com altres productes de la illa, els vins d&#8217;Eivissa tenen un car\u00e0cter ben definit que els diferencia. Una experi\u00e8ncia gastron\u00f2mica a la illa resulta incompleta sense catar-los. Salut!<\/p>\n<p><a href=\"https:\/\/www.estorrent.net\/wp-content\/uploads\/2016\/01\/vino2.jpg\" rel=\"lightbox[16691]\"><img loading=\"lazy\" decoding=\"async\" class=\"alignnone size-full wp-image-16684\" src=\"https:\/\/www.estorrent.net\/wp-content\/uploads\/2016\/01\/vino2.jpg\" alt=\"vino2\" width=\"900\" height=\"601\" srcset=\"https:\/\/www.estorrent.net\/wp-content\/uploads\/2016\/01\/vino2.jpg 900w, https:\/\/www.estorrent.net\/wp-content\/uploads\/2016\/01\/vino2-300x200.jpg 300w, https:\/\/www.estorrent.net\/wp-content\/uploads\/2016\/01\/vino2-700x467.jpg 700w\" sizes=\"auto, (max-width: 900px) 100vw, 900px\" \/><\/a><\/p>\n","protected":false},"excerpt":{"rendered":"<p>En el post que publicarem el passat octubre sobre l&#8217;oli d&#8217;oliva d&#8217;Eivissa, avan\u00e7\u00e0vem que l&#8217;historiador grec Diodor de Sic\u00edlia ja descrivia l&#8217;illa, al segle I abans de Crist, com a territori de vinyes. Els arque\u00f2legs fins i tot situen l&#8217;origen de la nostra cultura del vi en temps molt m\u00e9s remots: l&#8217;Eivissa fen\u00edcia del segle VII a. de C. En&#8230;<\/p>\n","protected":false},"author":2,"featured_media":16683,"comment_status":"open","ping_status":"open","sticky":false,"template":"","format":"standard","meta":{"footnotes":""},"categories":[103],"tags":[],"class_list":["post-16691","post","type-post","status-publish","format-standard","has-post-thumbnail","hentry","category-gastronomia-ca"],"yoast_head":"<!-- This site is optimized with the Yoast SEO plugin v26.7 - https:\/\/yoast.com\/wordpress\/plugins\/seo\/ -->\n<title>Vi d&#039;Eivissa, un fruit de la cultura fen\u00edcia - Restaurante Es Torrent<\/title>\n<meta name=\"description\" content=\"En el post que publicarem el passat octubre sobre l&#039;oli d&#039;oliva d&#039;Eivissa, avan\u00e7\u00e0vem que l&#039;historiador grec Diodor de Sic\u00edlia ja descrivia l&#039;illa, al\" \/>\n<meta name=\"robots\" content=\"index, follow, max-snippet:-1, max-image-preview:large, max-video-preview:-1\" \/>\n<link rel=\"canonical\" href=\"https:\/\/www.estorrent.net\/2016\/01\/18\/vino-de-ibiza-un-fruto-de-la-cultura-fenicia\/\" \/>\n<meta property=\"og:locale\" content=\"ca_ES\" \/>\n<meta property=\"og:type\" content=\"article\" \/>\n<meta property=\"og:title\" content=\"Vi d&#039;Eivissa, un fruit de la cultura fen\u00edcia - Restaurante Es Torrent\" \/>\n<meta property=\"og:description\" content=\"En el post que publicarem el passat octubre sobre l&#039;oli d&#039;oliva d&#039;Eivissa, avan\u00e7\u00e0vem que l&#039;historiador grec Diodor de Sic\u00edlia ja descrivia l&#039;illa, al\" \/>\n<meta property=\"og:url\" content=\"https:\/\/www.estorrent.net\/2016\/01\/18\/vino-de-ibiza-un-fruto-de-la-cultura-fenicia\/\" \/>\n<meta property=\"og:site_name\" content=\"Restaurante Es Torrent\" \/>\n<meta property=\"article:published_time\" content=\"2016-01-18T18:49:54+00:00\" \/>\n<meta property=\"article:modified_time\" content=\"2016-01-18T18:54:32+00:00\" \/>\n<meta property=\"og:image\" content=\"https:\/\/www.estorrent.net\/wp-content\/uploads\/2016\/01\/vino1.jpg\" \/>\n\t<meta property=\"og:image:width\" content=\"900\" \/>\n\t<meta property=\"og:image:height\" content=\"601\" \/>\n\t<meta property=\"og:image:type\" content=\"image\/jpeg\" \/>\n<meta name=\"author\" content=\"Xescu\" \/>\n<meta name=\"twitter:card\" content=\"summary_large_image\" \/>\n<meta name=\"twitter:label1\" content=\"Escrit per\" \/>\n\t<meta name=\"twitter:data1\" content=\"Xescu\" \/>\n\t<meta name=\"twitter:label2\" content=\"Temps estimat de lectura\" \/>\n\t<meta name=\"twitter:data2\" content=\"3 minuts\" \/>\n<script type=\"application\/ld+json\" class=\"yoast-schema-graph\">{\"@context\":\"https:\/\/schema.org\",\"@graph\":[{\"@type\":\"Article\",\"@id\":\"https:\/\/www.estorrent.net\/2016\/01\/18\/vino-de-ibiza-un-fruto-de-la-cultura-fenicia\/#article\",\"isPartOf\":{\"@id\":\"https:\/\/www.estorrent.net\/2016\/01\/18\/vino-de-ibiza-un-fruto-de-la-cultura-fenicia\/\"},\"author\":{\"name\":\"Xescu\",\"@id\":\"https:\/\/www.estorrent.net\/#\/schema\/person\/3347087d39c6f306963780c3f452bb0a\"},\"headline\":\"Vi d&#8217;Eivissa, un fruit de la cultura fen\u00edcia\",\"datePublished\":\"2016-01-18T18:49:54+00:00\",\"dateModified\":\"2016-01-18T18:54:32+00:00\",\"mainEntityOfPage\":{\"@id\":\"https:\/\/www.estorrent.net\/2016\/01\/18\/vino-de-ibiza-un-fruto-de-la-cultura-fenicia\/\"},\"wordCount\":649,\"commentCount\":0,\"image\":{\"@id\":\"https:\/\/www.estorrent.net\/2016\/01\/18\/vino-de-ibiza-un-fruto-de-la-cultura-fenicia\/#primaryimage\"},\"thumbnailUrl\":\"https:\/\/www.estorrent.net\/wp-content\/uploads\/2016\/01\/vino1.jpg\",\"articleSection\":[\"Gastronom\u00eda\"],\"inLanguage\":\"ca\",\"potentialAction\":[{\"@type\":\"CommentAction\",\"name\":\"Comment\",\"target\":[\"https:\/\/www.estorrent.net\/2016\/01\/18\/vino-de-ibiza-un-fruto-de-la-cultura-fenicia\/#respond\"]}]},{\"@type\":\"WebPage\",\"@id\":\"https:\/\/www.estorrent.net\/2016\/01\/18\/vino-de-ibiza-un-fruto-de-la-cultura-fenicia\/\",\"url\":\"https:\/\/www.estorrent.net\/2016\/01\/18\/vino-de-ibiza-un-fruto-de-la-cultura-fenicia\/\",\"name\":\"Vi d'Eivissa, un fruit de la cultura fen\u00edcia - Restaurante Es Torrent\",\"isPartOf\":{\"@id\":\"https:\/\/www.estorrent.net\/#website\"},\"primaryImageOfPage\":{\"@id\":\"https:\/\/www.estorrent.net\/2016\/01\/18\/vino-de-ibiza-un-fruto-de-la-cultura-fenicia\/#primaryimage\"},\"image\":{\"@id\":\"https:\/\/www.estorrent.net\/2016\/01\/18\/vino-de-ibiza-un-fruto-de-la-cultura-fenicia\/#primaryimage\"},\"thumbnailUrl\":\"https:\/\/www.estorrent.net\/wp-content\/uploads\/2016\/01\/vino1.jpg\",\"datePublished\":\"2016-01-18T18:49:54+00:00\",\"dateModified\":\"2016-01-18T18:54:32+00:00\",\"author\":{\"@id\":\"https:\/\/www.estorrent.net\/#\/schema\/person\/3347087d39c6f306963780c3f452bb0a\"},\"description\":\"En el post que publicarem el passat octubre sobre l'oli d'oliva d'Eivissa, avan\u00e7\u00e0vem que l'historiador grec Diodor de Sic\u00edlia ja descrivia l'illa, al\",\"breadcrumb\":{\"@id\":\"https:\/\/www.estorrent.net\/2016\/01\/18\/vino-de-ibiza-un-fruto-de-la-cultura-fenicia\/#breadcrumb\"},\"inLanguage\":\"ca\",\"potentialAction\":[{\"@type\":\"ReadAction\",\"target\":[\"https:\/\/www.estorrent.net\/2016\/01\/18\/vino-de-ibiza-un-fruto-de-la-cultura-fenicia\/\"]}]},{\"@type\":\"ImageObject\",\"inLanguage\":\"ca\",\"@id\":\"https:\/\/www.estorrent.net\/2016\/01\/18\/vino-de-ibiza-un-fruto-de-la-cultura-fenicia\/#primaryimage\",\"url\":\"https:\/\/www.estorrent.net\/wp-content\/uploads\/2016\/01\/vino1.jpg\",\"contentUrl\":\"https:\/\/www.estorrent.net\/wp-content\/uploads\/2016\/01\/vino1.jpg\",\"width\":900,\"height\":601},{\"@type\":\"BreadcrumbList\",\"@id\":\"https:\/\/www.estorrent.net\/2016\/01\/18\/vino-de-ibiza-un-fruto-de-la-cultura-fenicia\/#breadcrumb\",\"itemListElement\":[{\"@type\":\"ListItem\",\"position\":1,\"name\":\"Portada\",\"item\":\"https:\/\/www.estorrent.net\/\"},{\"@type\":\"ListItem\",\"position\":2,\"name\":\"Vi d&#8217;Eivissa, un fruit de la cultura fen\u00edcia\"}]},{\"@type\":\"WebSite\",\"@id\":\"https:\/\/www.estorrent.net\/#website\",\"url\":\"https:\/\/www.estorrent.net\/\",\"name\":\"Restaurante Es Torrent\",\"description\":\"\",\"potentialAction\":[{\"@type\":\"SearchAction\",\"target\":{\"@type\":\"EntryPoint\",\"urlTemplate\":\"https:\/\/www.estorrent.net\/?s={search_term_string}\"},\"query-input\":{\"@type\":\"PropertyValueSpecification\",\"valueRequired\":true,\"valueName\":\"search_term_string\"}}],\"inLanguage\":\"ca\"},{\"@type\":\"Person\",\"@id\":\"https:\/\/www.estorrent.net\/#\/schema\/person\/3347087d39c6f306963780c3f452bb0a\",\"name\":\"Xescu\",\"image\":{\"@type\":\"ImageObject\",\"inLanguage\":\"ca\",\"@id\":\"https:\/\/www.estorrent.net\/#\/schema\/person\/image\/\",\"url\":\"https:\/\/secure.gravatar.com\/avatar\/d569ee5739a9c7022470ea472c9b4b9cf476e15f1be71e5242c911d673d14ad9?s=96&d=mm&r=g\",\"contentUrl\":\"https:\/\/secure.gravatar.com\/avatar\/d569ee5739a9c7022470ea472c9b4b9cf476e15f1be71e5242c911d673d14ad9?s=96&d=mm&r=g\",\"caption\":\"Xescu\"},\"url\":\"https:\/\/www.estorrent.net\/ca\/author\/xescu\/\"}]}<\/script>\n<!-- \/ Yoast SEO plugin. -->","yoast_head_json":{"title":"Vi d'Eivissa, un fruit de la cultura fen\u00edcia - Restaurante Es Torrent","description":"En el post que publicarem el passat octubre sobre l'oli d'oliva d'Eivissa, avan\u00e7\u00e0vem que l'historiador grec Diodor de Sic\u00edlia ja descrivia l'illa, al","robots":{"index":"index","follow":"follow","max-snippet":"max-snippet:-1","max-image-preview":"max-image-preview:large","max-video-preview":"max-video-preview:-1"},"canonical":"https:\/\/www.estorrent.net\/2016\/01\/18\/vino-de-ibiza-un-fruto-de-la-cultura-fenicia\/","og_locale":"ca_ES","og_type":"article","og_title":"Vi d'Eivissa, un fruit de la cultura fen\u00edcia - Restaurante Es Torrent","og_description":"En el post que publicarem el passat octubre sobre l'oli d'oliva d'Eivissa, avan\u00e7\u00e0vem que l'historiador grec Diodor de Sic\u00edlia ja descrivia l'illa, al","og_url":"https:\/\/www.estorrent.net\/2016\/01\/18\/vino-de-ibiza-un-fruto-de-la-cultura-fenicia\/","og_site_name":"Restaurante Es Torrent","article_published_time":"2016-01-18T18:49:54+00:00","article_modified_time":"2016-01-18T18:54:32+00:00","og_image":[{"width":900,"height":601,"url":"https:\/\/www.estorrent.net\/wp-content\/uploads\/2016\/01\/vino1.jpg","type":"image\/jpeg"}],"author":"Xescu","twitter_card":"summary_large_image","twitter_misc":{"Escrit per":"Xescu","Temps estimat de lectura":"3 minuts"},"schema":{"@context":"https:\/\/schema.org","@graph":[{"@type":"Article","@id":"https:\/\/www.estorrent.net\/2016\/01\/18\/vino-de-ibiza-un-fruto-de-la-cultura-fenicia\/#article","isPartOf":{"@id":"https:\/\/www.estorrent.net\/2016\/01\/18\/vino-de-ibiza-un-fruto-de-la-cultura-fenicia\/"},"author":{"name":"Xescu","@id":"https:\/\/www.estorrent.net\/#\/schema\/person\/3347087d39c6f306963780c3f452bb0a"},"headline":"Vi d&#8217;Eivissa, un fruit de la cultura fen\u00edcia","datePublished":"2016-01-18T18:49:54+00:00","dateModified":"2016-01-18T18:54:32+00:00","mainEntityOfPage":{"@id":"https:\/\/www.estorrent.net\/2016\/01\/18\/vino-de-ibiza-un-fruto-de-la-cultura-fenicia\/"},"wordCount":649,"commentCount":0,"image":{"@id":"https:\/\/www.estorrent.net\/2016\/01\/18\/vino-de-ibiza-un-fruto-de-la-cultura-fenicia\/#primaryimage"},"thumbnailUrl":"https:\/\/www.estorrent.net\/wp-content\/uploads\/2016\/01\/vino1.jpg","articleSection":["Gastronom\u00eda"],"inLanguage":"ca","potentialAction":[{"@type":"CommentAction","name":"Comment","target":["https:\/\/www.estorrent.net\/2016\/01\/18\/vino-de-ibiza-un-fruto-de-la-cultura-fenicia\/#respond"]}]},{"@type":"WebPage","@id":"https:\/\/www.estorrent.net\/2016\/01\/18\/vino-de-ibiza-un-fruto-de-la-cultura-fenicia\/","url":"https:\/\/www.estorrent.net\/2016\/01\/18\/vino-de-ibiza-un-fruto-de-la-cultura-fenicia\/","name":"Vi d'Eivissa, un fruit de la cultura fen\u00edcia - Restaurante Es Torrent","isPartOf":{"@id":"https:\/\/www.estorrent.net\/#website"},"primaryImageOfPage":{"@id":"https:\/\/www.estorrent.net\/2016\/01\/18\/vino-de-ibiza-un-fruto-de-la-cultura-fenicia\/#primaryimage"},"image":{"@id":"https:\/\/www.estorrent.net\/2016\/01\/18\/vino-de-ibiza-un-fruto-de-la-cultura-fenicia\/#primaryimage"},"thumbnailUrl":"https:\/\/www.estorrent.net\/wp-content\/uploads\/2016\/01\/vino1.jpg","datePublished":"2016-01-18T18:49:54+00:00","dateModified":"2016-01-18T18:54:32+00:00","author":{"@id":"https:\/\/www.estorrent.net\/#\/schema\/person\/3347087d39c6f306963780c3f452bb0a"},"description":"En el post que publicarem el passat octubre sobre l'oli d'oliva d'Eivissa, avan\u00e7\u00e0vem que l'historiador grec Diodor de Sic\u00edlia ja descrivia l'illa, al","breadcrumb":{"@id":"https:\/\/www.estorrent.net\/2016\/01\/18\/vino-de-ibiza-un-fruto-de-la-cultura-fenicia\/#breadcrumb"},"inLanguage":"ca","potentialAction":[{"@type":"ReadAction","target":["https:\/\/www.estorrent.net\/2016\/01\/18\/vino-de-ibiza-un-fruto-de-la-cultura-fenicia\/"]}]},{"@type":"ImageObject","inLanguage":"ca","@id":"https:\/\/www.estorrent.net\/2016\/01\/18\/vino-de-ibiza-un-fruto-de-la-cultura-fenicia\/#primaryimage","url":"https:\/\/www.estorrent.net\/wp-content\/uploads\/2016\/01\/vino1.jpg","contentUrl":"https:\/\/www.estorrent.net\/wp-content\/uploads\/2016\/01\/vino1.jpg","width":900,"height":601},{"@type":"BreadcrumbList","@id":"https:\/\/www.estorrent.net\/2016\/01\/18\/vino-de-ibiza-un-fruto-de-la-cultura-fenicia\/#breadcrumb","itemListElement":[{"@type":"ListItem","position":1,"name":"Portada","item":"https:\/\/www.estorrent.net\/"},{"@type":"ListItem","position":2,"name":"Vi d&#8217;Eivissa, un fruit de la cultura fen\u00edcia"}]},{"@type":"WebSite","@id":"https:\/\/www.estorrent.net\/#website","url":"https:\/\/www.estorrent.net\/","name":"Restaurante Es Torrent","description":"","potentialAction":[{"@type":"SearchAction","target":{"@type":"EntryPoint","urlTemplate":"https:\/\/www.estorrent.net\/?s={search_term_string}"},"query-input":{"@type":"PropertyValueSpecification","valueRequired":true,"valueName":"search_term_string"}}],"inLanguage":"ca"},{"@type":"Person","@id":"https:\/\/www.estorrent.net\/#\/schema\/person\/3347087d39c6f306963780c3f452bb0a","name":"Xescu","image":{"@type":"ImageObject","inLanguage":"ca","@id":"https:\/\/www.estorrent.net\/#\/schema\/person\/image\/","url":"https:\/\/secure.gravatar.com\/avatar\/d569ee5739a9c7022470ea472c9b4b9cf476e15f1be71e5242c911d673d14ad9?s=96&d=mm&r=g","contentUrl":"https:\/\/secure.gravatar.com\/avatar\/d569ee5739a9c7022470ea472c9b4b9cf476e15f1be71e5242c911d673d14ad9?s=96&d=mm&r=g","caption":"Xescu"},"url":"https:\/\/www.estorrent.net\/ca\/author\/xescu\/"}]}},"_links":{"self":[{"href":"https:\/\/www.estorrent.net\/ca\/wp-json\/wp\/v2\/posts\/16691","targetHints":{"allow":["GET"]}}],"collection":[{"href":"https:\/\/www.estorrent.net\/ca\/wp-json\/wp\/v2\/posts"}],"about":[{"href":"https:\/\/www.estorrent.net\/ca\/wp-json\/wp\/v2\/types\/post"}],"author":[{"embeddable":true,"href":"https:\/\/www.estorrent.net\/ca\/wp-json\/wp\/v2\/users\/2"}],"replies":[{"embeddable":true,"href":"https:\/\/www.estorrent.net\/ca\/wp-json\/wp\/v2\/comments?post=16691"}],"version-history":[{"count":3,"href":"https:\/\/www.estorrent.net\/ca\/wp-json\/wp\/v2\/posts\/16691\/revisions"}],"predecessor-version":[{"id":16694,"href":"https:\/\/www.estorrent.net\/ca\/wp-json\/wp\/v2\/posts\/16691\/revisions\/16694"}],"wp:featuredmedia":[{"embeddable":true,"href":"https:\/\/www.estorrent.net\/ca\/wp-json\/wp\/v2\/media\/16683"}],"wp:attachment":[{"href":"https:\/\/www.estorrent.net\/ca\/wp-json\/wp\/v2\/media?parent=16691"}],"wp:term":[{"taxonomy":"category","embeddable":true,"href":"https:\/\/www.estorrent.net\/ca\/wp-json\/wp\/v2\/categories?post=16691"},{"taxonomy":"post_tag","embeddable":true,"href":"https:\/\/www.estorrent.net\/ca\/wp-json\/wp\/v2\/tags?post=16691"}],"curies":[{"name":"wp","href":"https:\/\/api.w.org\/{rel}","templated":true}]}}